{"id":26067,"date":"2026-02-20T11:49:13","date_gmt":"2026-02-20T15:49:13","guid":{"rendered":"https:\/\/www.emilysentourage.org\/?p=26067"},"modified":"2026-02-20T11:53:32","modified_gmt":"2026-02-20T15:53:32","slug":"madethisway-how-were-claiming-rare-during-rare-disease-week-2026","status":"publish","type":"post","link":"https:\/\/www.emilysentourage.org\/tr\/madethisway-how-were-claiming-rare-during-rare-disease-week-2026\/","title":{"rendered":"#MadeThisWay: 2026 Nadir Hastal\u0131klar Haftas\u0131\u2019nda \u201cNadir\u201d Kavram\u0131n\u0131 Nas\u0131l Ele Al\u0131yoruz?"},"content":{"rendered":"<p><b>Emily\u2019s Entourage (EE) b\u00fcnyesinde nadir olan, etraf\u0131nda \u00e7ekinerek dola\u015ft\u0131\u011f\u0131m\u0131z bir \u015fey de\u011fildir.<\/b><span style=\"font-weight: 400;\"><br \/>\n<\/span><span style=\"font-weight: 400;\">D\u00fcnyan\u0131n sindirmesi daha kolay olsun diye yumu\u015fat\u0131lacak, ge\u00e7i\u015ftirilecek veya k\u00fc\u00e7\u00fclt\u00fclecek bir \u015fey de\u011fil.<\/span><\/p>\n<p><span style=\"font-weight: 400;\">Bu Nadir Hastal\u0131klar Haftas\u0131'nda, cesurca ortaya \u00e7\u0131k\u0131yoruz. Gururla. Y\u00fcksek sesle.<\/span><span style=\"font-weight: 400;\"><br \/>\n<\/span><b>\u00c7\u00fcnk\u00fc nadir olmak silinecek bir kusur de\u011fil, sahip \u00e7\u0131k\u0131lacak bir kimliktir<\/b><span style=\"font-weight: 400;\">.<\/span><\/p>\n<p><span style=\"font-weight: 400;\">Ho\u015f geldiniz<\/span><b> #ExtraordinRARE 2026,<\/b><span style=\"font-weight: 400;\"> bu y\u0131l basit, yanl\u0131\u015f anla\u015f\u0131lmas\u0131 m\u00fcmk\u00fcn olmayan bir ger\u00e7ekle \u015fekillendi:<\/span><\/p>\n<p><b>Biz #MadeThisWay\u2019dik.<\/b><\/p>\n<p><img fetchpriority=\"high\" decoding=\"async\" class=\"wp-image-26069 size-full aligncenter\" src=\"https:\/\/www.emilysentourage.org\/wp-content\/uploads\/RDW-2026-EE-Insider-Header-2.png\" alt=\"\" width=\"1024\" height=\"512\" srcset=\"https:\/\/www.emilysentourage.org\/wp-content\/uploads\/RDW-2026-EE-Insider-Header-2.png 1024w, https:\/\/www.emilysentourage.org\/wp-content\/uploads\/RDW-2026-EE-Insider-Header-2-300x150.png 300w, https:\/\/www.emilysentourage.org\/wp-content\/uploads\/RDW-2026-EE-Insider-Header-2-768x384.png 768w, https:\/\/www.emilysentourage.org\/wp-content\/uploads\/RDW-2026-EE-Insider-Header-2-18x9.png 18w, https:\/\/www.emilysentourage.org\/wp-content\/uploads\/RDW-2026-EE-Insider-Header-2-600x300.png 600w\" sizes=\"(max-width: 1024px) 100vw, 1024px\" \/><\/p>\n<h3><b>Tan\u0131m\u0131 Gere\u011fi ve Tasar\u0131m\u0131 Gere\u011fi Nadir<\/b><\/h3>\n<p><span style=\"font-weight: 400;\">Amerika Birle\u015fik Devletleri'nde 200.'den az insan\u0131 etkileyen bir hastal\u0131k nadir kabul edilir. Kistik fibroz (KF) yakla\u015f\u0131k 40.000 Amerikal\u0131y\u0131 ve d\u00fcnya \u00e7ap\u0131nda 105.000'den fazla insan\u0131 etkilemekte olup, onu kesin olarak nadir hastal\u0131k kategorisine yerle\u015ftirmektedir.<\/span><\/p>\n<p><span style=\"font-weight: 400;\">Ancak CF'nin i\u00e7inde daha da nadir bir ger\u00e7eklik bulunur.<\/span><\/p>\n<p><span style=\"font-weight: 400;\">Bu <\/span><b>son 10%<\/b><span style=\"font-weight: 400;\"> KF'li bireylerden\u2014halihaz\u0131rda mevcut mutasyon hedefli tedavilerden yararlanmayanlar\u2014zaten nadir g\u00f6r\u00fclen bir hastal\u0131k i\u00e7inde ultra nadir bir toplulu\u011fu temsil etmektedir.\u00a0<\/span><\/p>\n<p><span style=\"font-weight: 400;\">EE'nin hizmet etmek i\u00e7in var oldu\u011fu topluluk budur. Ve bu y\u00fczden \u201cnadir\u201d kelimesini yava\u015flamak veya ortadan kaybolmak i\u00e7in bir gerek\u00e7e olarak kabul etmeyi reddediyoruz.<\/span><\/p>\n<p><span style=\"font-weight: 400;\">\u00c7\u00fcnk\u00fc nadir, k\u00fc\u00e7\u00fck de\u011fildir.\u00a0<\/span><\/p>\n<p><span style=\"font-weight: 400;\">Nadir olan \u00f6nemlidir.<\/span><span style=\"font-weight: 400;\"><br \/>\n<\/span><span style=\"font-weight: 400;\">Ve nadir KF mutasyonlar\u0131na sahip olanlar, hayat kurtar\u0131c\u0131 \u00e7\u00f6z\u00fcmleri h\u0131zla hak ediyor.<\/span><\/p>\n<h3><b><span style=\"font-weight: 400;\"><img decoding=\"async\" class=\"alignright wp-image-26071\" src=\"https:\/\/www.emilysentourage.org\/wp-content\/uploads\/RDW-26-Post-7A.png\" alt=\"\" width=\"465\" height=\"581\" srcset=\"https:\/\/www.emilysentourage.org\/wp-content\/uploads\/RDW-26-Post-7A.png 1080w, https:\/\/www.emilysentourage.org\/wp-content\/uploads\/RDW-26-Post-7A-240x300.png 240w, https:\/\/www.emilysentourage.org\/wp-content\/uploads\/RDW-26-Post-7A-819x1024.png 819w, https:\/\/www.emilysentourage.org\/wp-content\/uploads\/RDW-26-Post-7A-768x960.png 768w, https:\/\/www.emilysentourage.org\/wp-content\/uploads\/RDW-26-Post-7A-10x12.png 10w, https:\/\/www.emilysentourage.org\/wp-content\/uploads\/RDW-26-Post-7A-440x550.png 440w, https:\/\/www.emilysentourage.org\/wp-content\/uploads\/RDW-26-Post-7A-600x750.png 600w\" sizes=\"(max-width: 465px) 100vw, 465px\" \/><\/span>#ExtraordinRARE, Bu \u015eekilde \u00dcretildi<\/b><\/h3>\n<p><span style=\"font-weight: 400;\">Y\u0131llard\u0131r nadir hastal\u0131klar\u0131 olan ki\u015filere dikkat, fon ve cevaplar i\u00e7in sab\u0131rla beklemeleri s\u00f6ylendi.<\/span><\/p>\n<p><span style=\"font-weight: 400;\">Bu y\u0131l\u0131n kampanyas\u0131 farkl\u0131 bir \u015fey s\u00f6yl\u00fcyor.<\/span><\/p>\n<p><b>Beklemiyoruz. <\/b><b>Sessiz kalmayaca\u011f\u0131z.<\/b><b><br \/>\n<\/b><b>Ve dikkat talep etti\u011fimiz i\u00e7in \u00f6z\u00fcr dilemiyoruz.<\/b><\/p>\n<p><b>#ExtraordinRARE<\/b><span style=\"font-weight: 400;\"> her zaman her g\u00fcn s\u0131rad\u0131\u015f\u0131 ya\u015fayan insanlar\u0131 kutlamakla ilgili olmu\u015ftur; onlar\u0131n direncini, zekas\u0131n\u0131 ve geride b\u0131rak\u0131lmay\u0131 reddedi\u015fini.<\/span><\/p>\n<p><b>#Bu\u015eekildeYap\u0131ld\u0131<\/b><span style=\"font-weight: 400;\"> bu ger\u00e7e\u011fin 2026'da nas\u0131l ortaya \u00e7\u0131kt\u0131\u011f\u0131d\u0131r.<\/span><\/p>\n<p><span style=\"font-weight: 400;\">Bu, alan talep etmekle, nadir hastal\u0131klar topluluklar\u0131n\u0131n sistem onlar\u0131n ihtiya\u00e7lar\u0131n\u0131 kar\u015f\u0131lamaya haz\u0131r olgulardan \u00e7ok \u00f6nce in\u015fa etti\u011fi savunuculu\u011fu, aciliyeti ve g\u00fcc\u00fc onurland\u0131rmakla ve kritik ihtiya\u00e7lar\u0131m\u0131z\u0131 ele almak i\u00e7in h\u0131zl\u0131 ve acil bir \u015fekilde harekete ge\u00e7memizi talep etmekle ilgilidir.<\/span><\/p>\n<p><b>#Bu\u015eekildeYap\u0131ld\u0131<\/b><span style=\"font-weight: 400;\"> bir slogan de\u011fildir.<\/span><span style=\"font-weight: 400;\"><br \/>\n<\/span><span style=\"font-weight: 400;\">Bu bir beyand\u0131r.<\/span><\/p>\n<p><span style=\"font-weight: 400;\">Buraday\u0131z. Gururluyuz. Ve hayat kurtaran bilimi hep birlikte h\u0131zla ileriye ta\u015f\u0131yoruz.<\/span><\/p>\n<h3><b>Kan\u0131t, Vaat De\u011fil<\/b><\/h3>\n<p><span style=\"font-weight: 400;\">\u0130\u015fte tam bu noktada Emily's Entourage (EE) devreye giriyor.<\/span><\/p>\n<p><span style=\"font-weight: 400;\">Her g\u00fcn, 10% projesinin kar\u015f\u0131 kar\u015f\u0131ya oldu\u011fu en zorlu zorluklarla m\u00fccadele ediyoruz: cesur bilimsel \u00e7al\u0131\u015fmalar\u0131 finanse etmek, klinik denemeleri ilerletmek ve \u201c\u00e7ok nadir\u201din \u201c\u00e7ok zor\u201d anlam\u0131na geldi\u011fi d\u00fc\u015f\u00fcncesini reddetmek. M\u00fcmk\u00fcn oldu\u011funca \u00e7ok say\u0131da deneme yap\u0131yoruz, \u00e7\u00fcnk\u00fc \u00e7\u0131\u011f\u0131r a\u00e7an geli\u015fmeler tek bir denemeden de\u011fil, zaman i\u00e7inde uygulanan vizyon, strateji ve azimden do\u011far.<\/span><\/p>\n<p><span style=\"font-weight: 400;\">Bu taahh\u00fct, ger\u00e7ek ve \u00f6l\u00e7\u00fclebilir bir ilerlemede kendini g\u00f6stermektedir.<\/span><\/p>\n<p><span style=\"font-weight: 400;\">Ocak 2026 itibar\u0131yla Emily\u2019s Entourage:<\/span><\/p>\n<ul>\n<li style=\"font-weight: 400;\" aria-level=\"1\"><b>42 ara\u015ft\u0131rma projesi \u00f6d\u00fcllendirildi<\/b><span style=\"font-weight: 400;\"> d\u00fcnya \u00e7ap\u0131nda en iyi ara\u015ft\u0131rmac\u0131lara, \u015fundan daha fazlas\u0131n\u0131 g\u00fcvence alt\u0131na alarak <\/span><b>$73,1 milyon tutar\u0131nda ek finansman<\/b><\/li>\n<li style=\"font-weight: 400;\" aria-level=\"1\"><b>Giri\u015fim hay\u0131rseverli\u011fi modeli uyguland\u0131<\/b><span style=\"font-weight: 400;\"> biriyle ortak \u015firket kurmaya yard\u0131mc\u0131 olmak i\u00e7in <\/span><b>klinik a\u015famada KBH gen tedavisi \u015firketi<\/b><\/li>\n<li style=\"font-weight: 400;\" aria-level=\"1\"><b>Be\u015f ara\u015ft\u0131rma projesini klinik a\u015famaya ilerletmek<\/b><span style=\"font-weight: 400;\">, ke\u015fifleri ger\u00e7ek d\u00fcnya tedavilerine d\u00f6n\u00fc\u015ft\u00fcrmek<\/span><\/li>\n<li style=\"font-weight: 400;\" aria-level=\"1\"><b>353'ten fazla bakteriyofaj geli\u015ftirildi<\/b><span style=\"font-weight: 400;\"> tedavi etmi\u015f olan <\/span><b>106 ki\u015fi<\/b><span style=\"font-weight: 400;\"> antibiyotik diren\u00e7li enfeksiyonlar dahil, <\/span><b>KF'li 50'den fazla birey<\/b><\/li>\n<li style=\"font-weight: 400;\" aria-level=\"1\"><b>K\u00fcresel Klinik Ara\u015ft\u0131rma Ba\u011flant\u0131s\u0131 (CTC) veri taban\u0131m\u0131z\u0131 geni\u015flettik <\/b><span style=\"font-weight: 400;\">kat\u0131l\u0131mc\u0131lar\u0131 dahil etmek <\/span><b>46 eyalet ve 52 \u00fclke<\/b><\/li>\n<li style=\"font-weight: 400;\" aria-level=\"1\"><b>Gen Tedavisi Konsorsiyumu Kuruldu<\/b><span style=\"font-weight: 400;\">, daha \u00f6nce g\u00f6r\u00fclmemi\u015f bir i\u015f birli\u011fiyle sekt\u00f6r genelindeki zorluklar\u0131n ve f\u0131rsatlar\u0131n \u00fcstesinden gelmek \u00fczere klinik a\u015famadaki mRNA ve genetik tedavi \u015firketlerini bir araya getiriyor.<\/span><\/li>\n<\/ul>\n<p><span style=\"font-weight: 400;\">Bunlar soyut zaferler de\u011fil.<\/span><span style=\"font-weight: 400;\"><br \/>\n<\/span><span style=\"font-weight: 400;\">Onlar ivme.<\/span><\/p>\n<p><span style=\"font-weight: 400;\">Hayat kurtaran \u00e7\u0131\u011f\u0131r a\u00e7\u0131c\u0131 geli\u015fmelere ula\u015fana kadar zorlamaya, in\u015fa etmeye ve ilerletmeye\u2014g\u00fcn be g\u00fcn\u2014nas\u0131l devam edildi\u011fini yans\u0131t\u0131yorlar.<\/span><\/p>\n<h3><b><img decoding=\"async\" class=\"wp-image-26074 alignright\" src=\"https:\/\/www.emilysentourage.org\/wp-content\/uploads\/RDW-26-Post-11-2-240x300.png\" alt=\"\" width=\"465\" height=\"581\" srcset=\"https:\/\/www.emilysentourage.org\/wp-content\/uploads\/RDW-26-Post-11-2-240x300.png 240w, https:\/\/www.emilysentourage.org\/wp-content\/uploads\/RDW-26-Post-11-2-819x1024.png 819w, https:\/\/www.emilysentourage.org\/wp-content\/uploads\/RDW-26-Post-11-2-768x960.png 768w, https:\/\/www.emilysentourage.org\/wp-content\/uploads\/RDW-26-Post-11-2-10x12.png 10w, https:\/\/www.emilysentourage.org\/wp-content\/uploads\/RDW-26-Post-11-2-440x550.png 440w, https:\/\/www.emilysentourage.org\/wp-content\/uploads\/RDW-26-Post-11-2-600x750.png 600w, https:\/\/www.emilysentourage.org\/wp-content\/uploads\/RDW-26-Post-11-2.png 1080w\" sizes=\"(max-width: 465px) 100vw, 465px\" \/>Nadir Hastal\u0131klar Haftas\u0131 \u015eimdi Ba\u015fl\u0131yor<\/b><\/h3>\n<p><span style=\"font-weight: 400;\">Nadir Hastal\u0131klar Haftas\u0131 2026 \u015fu tarihler aras\u0131nda ger\u00e7ekle\u015fmektedir: <\/span><b>22 \u015eubat Pazar - 1 Mart Pazar<\/b><span style=\"font-weight: 400;\">, 28 \u015eubat Nadir Hastal\u0131klar G\u00fcn\u00fc'nde sona ermektedir.\u00a0<\/span><\/p>\n<p><span style=\"font-weight: 400;\">Hafta boyunca, gururlu nadir kimli\u011fimiz cesur eylemle bulu\u015ftu\u011funda neler yap\u0131labilece\u011fine dair hikayeler, i\u00e7g\u00f6r\u00fcler ve kan\u0131tlar payla\u015faca\u011f\u0131z.<\/span><\/p>\n<p><span style=\"font-weight: 400;\">Bu, izin istemekle ilgili de\u011fil.<\/span><span style=\"font-weight: 400;\"><br \/>\n<\/span><span style=\"font-weight: 400;\">Bu, alan talep etmekle ilgili.<\/span><\/p>\n<p><span style=\"font-weight: 400;\">E\u011fer hi\u00e7 g\u00f6r\u00fcnmedi\u011finizi, g\u00f6z ard\u0131 edildi\u011finizi veya beklemeniz s\u00f6ylendi\u011fini hissettiyseniz\u2014bu sizin i\u00e7in.<\/span><\/p>\n<p><span style=\"font-weight: 400;\">Biz nadiriz.<\/span><span style=\"font-weight: 400;\"><br \/>\n<\/span><span style=\"font-weight: 400;\">G\u00fc\u00e7l\u00fcy\u00fcz.<\/span><span style=\"font-weight: 400;\"><br \/>\n<\/span><span style=\"font-weight: 400;\">Biziz <\/span><b>#Bu\u015eekildeYap\u0131ld\u0131<\/b><\/p>\n<h3><b>Nas\u0131l Harekete Ge\u00e7ebilirsiniz<\/b><\/h3>\n<p><b>#MadeThisWay\u2019i bizimle birlikte kutlay\u0131n:<\/b><\/p>\n<ul>\n<li style=\"font-weight: 400;\" aria-level=\"1\"><span style=\"font-weight: 400;\">Takip edin ve Emily\u2019s Entourage ile etkile\u015fime ge\u00e7in: <\/span><a href=\"https:\/\/www.facebook.com\/EmilysEntourage\"><span style=\"font-weight: 400;\">Facebook<\/span><\/a><span style=\"font-weight: 400;\">, <\/span><a href=\"https:\/\/www.instagram.com\/emilysentourage\/\"><span style=\"font-weight: 400;\">Instagram<\/span><\/a><span style=\"font-weight: 400;\">, <\/span><a href=\"https:\/\/www.linkedin.com\/company\/emilysentourage\/\"><span style=\"font-weight: 400;\">LinkedIn<\/span><\/a><span style=\"font-weight: 400;\">, <\/span><a href=\"https:\/\/x.com\/emilysentourage\"><span style=\"font-weight: 400;\">X <\/span><\/a><span style=\"font-weight: 400;\">hafta boyunca.<\/span><\/li>\n<li style=\"font-weight: 400;\" aria-level=\"1\"><span style=\"font-weight: 400;\">Nadir hastal\u0131klar toplulu\u011funun bir par\u00e7as\u0131 olmaktan sizi neyin gururland\u0131rd\u0131\u011f\u0131n\u0131 payla\u015f\u0131n <\/span><b>#Bu\u015eekildeYap\u0131ld\u0131<\/b><span style=\"font-weight: 400;\"> ve <\/span><b>#ExtraordinRARE<\/b><span style=\"font-weight: 400;\">. Bizi etiketlemeyi unutmay\u0131n!\u00a0<\/span><\/li>\n<\/ul>\n<p><b>Nadir gurur i\u00e7in m\u00fczik alb\u00fcm\u00fc olu\u015fturmaya yard\u0131m et:<\/b><\/p>\n<ul>\n<li style=\"font-weight: 400;\" aria-level=\"1\"><span style=\"font-weight: 400;\">Sizi motive eden, topraklayan veya g\u00fc\u00e7l\u00fc hissettiren \u015fark\u0131lar\u0131 toplulu\u011fumuza ekleyin <\/span><a href=\"https:\/\/open.spotify.com\/playlist\/7gwBfj8tZOF9A6qmZ5u2Gz?si=b68c44fbde5b49e3&amp;pt=9cb05fbdb35cbe109bbe65f7295cc2da\"><b>#MadeThisWay Spotify \u00e7alma listesi<\/b><\/a><span style=\"font-weight: 400;\">\u2014oldu\u011funuz gibi ortaya \u00e7\u0131kman\u0131n mar\u015f\u0131.<\/span><\/li>\n<\/ul>\n<p><b>Ger\u00e7ek de\u011fi\u015fimi tetikleyin:<\/b><\/p>\n<ul>\n<li style=\"font-weight: 400;\" aria-level=\"1\"><span style=\"font-weight: 400;\">Hayat kurtaran ara\u015ft\u0131rmalar\u0131 ve inovasyonu destekleyin <\/span><a href=\"https:\/\/www.emilysentourage.org\/tr\/donate\/\"><b>Emily's Entourage'a ba\u011f\u0131\u015f yapmak<\/b><\/a><span style=\"font-weight: 400;\">, CF hastalar\u0131 i\u00e7in son 10% a\u015famas\u0131ndaki at\u0131l\u0131mlar\u0131 h\u0131zland\u0131rarak.<\/span><\/li>\n<\/ul>\n<p><span style=\"font-weight: 400;\">Nadir olan sessizce beklemez; biz de \u00f6yle.<\/span><b><\/b><\/p>\n<p>&nbsp;<\/p>\n<p><iframe style=\"border-radius: 12px;\" src=\"https:\/\/open.spotify.com\/embed\/playlist\/7gwBfj8tZOF9A6qmZ5u2Gz?utm_source=generator\" width=\"100%\" height=\"352\" frameborder=\"0\" allowfullscreen=\"allowfullscreen\" data-testid=\"embed-iframe\"><\/iframe><\/p>\n<h2 style=\"text-align: center;\"><strong>2026 NAD\u0130R HASTALIKLAR HAFTASI SPONSORLARIMIZA TE\u015eEKK\u00dcR EDER\u0130Z<\/strong><\/h2>\n<p><img loading=\"lazy\" decoding=\"async\" class=\"wp-image-26081 aligncenter\" src=\"https:\/\/www.emilysentourage.org\/wp-content\/uploads\/RDW-2026-Sponsors-2-2.png\" alt=\"\" width=\"611\" height=\"423\" srcset=\"https:\/\/www.emilysentourage.org\/wp-content\/uploads\/RDW-2026-Sponsors-2-2.png 1354w, https:\/\/www.emilysentourage.org\/wp-content\/uploads\/RDW-2026-Sponsors-2-2-300x207.png 300w, https:\/\/www.emilysentourage.org\/wp-content\/uploads\/RDW-2026-Sponsors-2-2-1024x708.png 1024w, https:\/\/www.emilysentourage.org\/wp-content\/uploads\/RDW-2026-Sponsors-2-2-768x531.png 768w, https:\/\/www.emilysentourage.org\/wp-content\/uploads\/RDW-2026-Sponsors-2-2-18x12.png 18w, https:\/\/www.emilysentourage.org\/wp-content\/uploads\/RDW-2026-Sponsors-2-2-600x415.png 600w\" sizes=\"(max-width: 611px) 100vw, 611px\" \/><\/p>","protected":false},"excerpt":{"rendered":"<p>At Emily\u2019s Entourage (EE), rare isn\u2019t something we tiptoe around. It isn\u2019t something to soften, explain away, or make smaller so it\u2019s easier for the world to digest. This Rare Disease Week, we\u2019re showing up boldly. Proudly. Out loud. Because rare isn\u2019t a flaw to be erased\u2014it\u2019s an identity to be claimed. Welcome to #ExtraordinRARE&#8230; <\/p>\n<div class=\"clear\"><\/div>\n<p><a href=\"https:\/\/www.emilysentourage.org\/tr\/madethisway-how-were-claiming-rare-during-rare-disease-week-2026\/\" class=\"excerpt-read-more\">Daha fazla bilgi edinin<\/a><\/p>","protected":false},"author":1719,"featured_media":26079,"comment_status":"open","ping_status":"closed","sticky":false,"template":"","format":"standard","meta":{"_acf_changed":false,"_seopress_titles_title":"%%post_title%%","_seopress_titles_desc":"%%post_excerpt%%","_seopress_robots_index":"","_seopress_robots_follow":"","_seopress_robots_imageindex":"","_seopress_robots_snippet":"","_seopress_robots_primary_cat":"none","_seopress_robots_breadcrumbs":"","_seopress_robots_freeze_modified_date":"","_seopress_robots_custom_modified_date":"","_seopress_robots_canonical":"","_seopress_social_fb_title":"","_seopress_social_fb_desc":"","_seopress_social_fb_img":"","_seopress_social_fb_img_attachment_id":0,"_seopress_social_fb_img_width":0,"_seopress_social_fb_img_height":0,"_seopress_social_twitter_title":"","_seopress_social_twitter_desc":"","_seopress_social_twitter_img":"","_seopress_social_twitter_img_attachment_id":0,"_seopress_social_twitter_img_width":0,"_seopress_social_twitter_img_height":0,"_seopress_redirections_value":"","_seopress_redirections_enabled":"","_seopress_redirections_enabled_regex":"","_seopress_redirections_logged_status":"both","_seopress_redirections_param":"","_seopress_redirections_type":301,"_seopress_analysis_target_kw":"","_seopress_news_disabled":"","_seopress_video_disabled":"","_seopress_video":[],"_seopress_pro_schemas_manual":[],"_seopress_pro_rich_snippets_disable_all":"","_seopress_pro_rich_snippets_disable":[],"_seopress_pro_schemas":[],"_monsterinsights_skip_tracking":false,"_jetpack_newsletter_access":"","_jetpack_dont_email_post_to_subs":false,"_jetpack_newsletter_tier_id":0,"_jetpack_memberships_contains_paywalled_content":false,"_jetpack_feature_clip_id":0,"_jetpack_memberships_contains_paid_content":false,"footnotes":"","jetpack_post_was_ever_published":false},"categories":[1],"tags":[52,197,213,79,262,166],"class_list":["post-26067","post","type-post","status-publish","format-standard","has-post-thumbnail","hentry","category-uncategorized","tag-cf-awareness","tag-cf-research","tag-cystic-fibrosis-awareness","tag-rare-disease","tag-rare-disease-day","tag-rare-disease-week"],"acf":[],"jetpack_sharing_enabled":true,"jetpack_featured_media_url":"https:\/\/www.emilysentourage.org\/wp-content\/uploads\/WordPress-Featured-Image-9.png","post_mailing_queue_ids":[],"_links":{"self":[{"href":"https:\/\/www.emilysentourage.org\/tr\/wp-json\/wp\/v2\/posts\/26067","targetHints":{"allow":["GET"]}}],"collection":[{"href":"https:\/\/www.emilysentourage.org\/tr\/wp-json\/wp\/v2\/posts"}],"about":[{"href":"https:\/\/www.emilysentourage.org\/tr\/wp-json\/wp\/v2\/types\/post"}],"author":[{"embeddable":true,"href":"https:\/\/www.emilysentourage.org\/tr\/wp-json\/wp\/v2\/users\/1719"}],"replies":[{"embeddable":true,"href":"https:\/\/www.emilysentourage.org\/tr\/wp-json\/wp\/v2\/comments?post=26067"}],"version-history":[{"count":5,"href":"https:\/\/www.emilysentourage.org\/tr\/wp-json\/wp\/v2\/posts\/26067\/revisions"}],"predecessor-version":[{"id":26082,"href":"https:\/\/www.emilysentourage.org\/tr\/wp-json\/wp\/v2\/posts\/26067\/revisions\/26082"}],"wp:featuredmedia":[{"embeddable":true,"href":"https:\/\/www.emilysentourage.org\/tr\/wp-json\/wp\/v2\/media\/26079"}],"wp:attachment":[{"href":"https:\/\/www.emilysentourage.org\/tr\/wp-json\/wp\/v2\/media?parent=26067"}],"wp:term":[{"taxonomy":"category","embeddable":true,"href":"https:\/\/www.emilysentourage.org\/tr\/wp-json\/wp\/v2\/categories?post=26067"},{"taxonomy":"post_tag","embeddable":true,"href":"https:\/\/www.emilysentourage.org\/tr\/wp-json\/wp\/v2\/tags?post=26067"}],"curies":[{"name":"wp","href":"https:\/\/api.w.org\/{rel}","templated":true}]}}