{"id":16505,"date":"2021-12-23T13:39:32","date_gmt":"2021-12-23T18:39:32","guid":{"rendered":"https:\/\/www.emilysentourage.org\/?p=16505"},"modified":"2023-12-20T05:21:55","modified_gmt":"2023-12-20T10:21:55","slug":"the-power-of-10-drive-in-gala-celebrates-historic-milestone-for-emilys-entourage","status":"publish","type":"post","link":"https:\/\/www.emilysentourage.org\/tr\/the-power-of-10-drive-in-gala-celebrates-historic-milestone-for-emilys-entourage\/","title":{"rendered":"\"The Power of 10\" Arabal\u0131 Galas\u0131 Emily's Entourage \u0130\u00e7in Tarihi Bir D\u00f6n\u00fcm Noktas\u0131n\u0131 Kutluyor"},"content":{"rendered":"<p style=\"text-align: justify;\"><span style=\"font-weight: 400;\">Her \u015fey (ve demek istedi\u011fimiz <\/span><em><strong>her \u015fey<\/strong><\/em>) <span style=\"font-weight: 400;\">4 Aral\u0131k 2021 Cumartesi g\u00fcn\u00fc d\u00fczenlenen 10. y\u0131ll\u0131k Evening with Emily's Entourage galas\u0131 hakk\u0131nda s\u00f6ylenenler dikkat \u00e7ekiciydi.<\/span><\/p>\n<p style=\"text-align: justify;\"><span style=\"font-weight: 400;\">Her \u015feyden \u00f6nce, 10. y\u0131l d\u00f6n\u00fcm\u00fcm\u00fcz\u00fc kutlamak amac\u0131yla Emily's Entourage (EE) olarak $10 milyon ba\u011f\u0131\u015f toplama hedefimize ula\u015fmak i\u00e7in bir \u00e7a\u011fr\u0131da bulunduk ve destek\u00e7ilerimiz bu \u00e7a\u011fr\u0131ya yan\u0131t verdi. Bu c\u00fcretk\u00e2r bir hedefti ve biz h\u00e2l\u00e2 \u015fa\u015fk\u0131nl\u0131k i\u00e7indeyiz. <\/span><em><span style=\"font-weight: 400;\">minnettarl\u0131\u011f\u0131n \u00f6tesinde<\/span><\/em><span style=\"font-weight: 400;\"> payla\u015fmak i\u00e7in <\/span><b>ba\u015fard\u0131k<\/b><span style=\"font-weight: 400;\">!!! $10 milyona ula\u015ft\u0131k!!!<\/span><\/p>\n<p style=\"text-align: justify;\"><img fetchpriority=\"high\" decoding=\"async\" class=\"alignnone wp-image-16507\" src=\"https:\/\/www.emilysentourage.org\/wp-content\/uploads\/2021-Philly-Gala_10-Million-300x200.png\" alt=\"\" width=\"1385\" height=\"923\" srcset=\"https:\/\/www.emilysentourage.org\/wp-content\/uploads\/2021-Philly-Gala_10-Million-300x200.png 300w, https:\/\/www.emilysentourage.org\/wp-content\/uploads\/2021-Philly-Gala_10-Million-1024x683.png 1024w, https:\/\/www.emilysentourage.org\/wp-content\/uploads\/2021-Philly-Gala_10-Million-768x512.png 768w, https:\/\/www.emilysentourage.org\/wp-content\/uploads\/2021-Philly-Gala_10-Million-1536x1024.png 1536w, https:\/\/www.emilysentourage.org\/wp-content\/uploads\/2021-Philly-Gala_10-Million-2048x1365.png 2048w, https:\/\/www.emilysentourage.org\/wp-content\/uploads\/2021-Philly-Gala_10-Million-18x12.png 18w, https:\/\/www.emilysentourage.org\/wp-content\/uploads\/2021-Philly-Gala_10-Million-600x400.png 600w\" sizes=\"(max-width: 1385px) 100vw, 1385px\" \/><\/p>\n<p style=\"text-align: justify;\"><span style=\"font-weight: 400;\">EE ekibi olarak bu y\u0131lki galay\u0131 planlamaya ba\u015flad\u0131\u011f\u0131m\u0131zda, d\u00f6n\u00fcm noktas\u0131 y\u0131ld\u00f6n\u00fcm\u00fcm\u00fcz\u00fc kutlamak i\u00e7in \u00f6zel bir \u015fey olmas\u0131 gerekti\u011fini biliyorduk. Ancak, Philadelphia b\u00f6lgesinde COVID-19 oranlar\u0131 hala y\u00fcksek oldu\u011fundan, galay\u0131 geleneksel format\u0131nda d\u00fczenlemek pek do\u011fru gelmedi. Bu nedenle, tipik EE ruhuyla, kafa kafaya verdik ve hem COVID a\u00e7\u0131s\u0131ndan g\u00fcvenli hem de tutkulu insanlardan olu\u015fan bir toplulu\u011fu ger\u00e7ek zamanl\u0131 olarak tek bir alanda bir araya getirdi\u011finizde ortaya \u00e7\u0131kan benzersiz sihirden yararlanan heyecan verici, al\u0131\u015f\u0131lmad\u0131k yeni bir format bulduk.\u00a0<\/span><\/p>\n<p style=\"text-align: justify;\"><b>EE'nin ilk arabal\u0131 galas\u0131 olan \"10'un G\u00fcc\u00fc\", EE'nin mevcut mutasyon hedefli tedavilerden yararlanamayan kistik fibrozisli (KF) ki\u015filerin son 10%'si i\u00e7in 10 y\u0131l i\u00e7inde $10 milyon toplamaya yakla\u015fmas\u0131 nedeniyle uygun bir \u015fekilde adland\u0131r\u0131lm\u0131\u015f bir kutlamad\u0131r.<\/b><\/p>\n<p style=\"text-align: justify;\"><span style=\"font-weight: 400;\">Merion Station, Penn'deki Adath Israel'in otopark\u0131nda d\u00fczenlenen geceye y\u00fczlerce destek\u00e7i \u015fahsen ve sanal olarak kat\u0131ld\u0131 - hepsi de KF'nin sa\u00e7ma mutasyonlar\u0131na sahip insanlar i\u00e7in at\u0131l\u0131mlar\u0131 h\u0131zland\u0131rmak ad\u0131na.<\/span><\/p>\n<p style=\"text-align: justify;\"><span style=\"font-weight: 400;\">Konuklar, araba camlar\u0131na teslim edilen patlam\u0131\u015f m\u0131s\u0131r ve at\u0131\u015ft\u0131rmal\u0131k kutular\u0131, bir imtiyaz stand\u0131, hoparl\u00f6rlerden yay\u0131lan ikonik film tema \u015fark\u0131lar\u0131 ve EE g\u00f6n\u00fcll\u00fclerinin g\u00fcler y\u00fczleri (maskelerinin alt\u0131nda bile fark edebilece\u011finiz g\u00fcl\u00fcmsemelerle!) dahil olmak \u00fczere retro arabal\u0131 sinema tarz\u0131 hislerle etkinli\u011fe ho\u015f geldiniz.<\/span><\/p>\n<p style=\"text-align: justify;\"><img decoding=\"async\" class=\"alignnone wp-image-16508\" src=\"https:\/\/www.emilysentourage.org\/wp-content\/uploads\/2021-Philly-Gala_Event-Elements-300x200.png\" alt=\"\" width=\"1385\" height=\"923\" srcset=\"https:\/\/www.emilysentourage.org\/wp-content\/uploads\/2021-Philly-Gala_Event-Elements-300x200.png 300w, https:\/\/www.emilysentourage.org\/wp-content\/uploads\/2021-Philly-Gala_Event-Elements-1024x683.png 1024w, https:\/\/www.emilysentourage.org\/wp-content\/uploads\/2021-Philly-Gala_Event-Elements-768x512.png 768w, https:\/\/www.emilysentourage.org\/wp-content\/uploads\/2021-Philly-Gala_Event-Elements-1536x1024.png 1536w, https:\/\/www.emilysentourage.org\/wp-content\/uploads\/2021-Philly-Gala_Event-Elements-2048x1365.png 2048w, https:\/\/www.emilysentourage.org\/wp-content\/uploads\/2021-Philly-Gala_Event-Elements-18x12.png 18w, https:\/\/www.emilysentourage.org\/wp-content\/uploads\/2021-Philly-Gala_Event-Elements-600x400.png 600w\" sizes=\"(max-width: 1385px) 100vw, 1385px\" \/><\/p>\n<p style=\"text-align: justify;\"><span style=\"font-weight: 400;\">Y\u00f6netim Kurulu \u00fcyesi ve EE'nin Kurucu Orta\u011f\u0131 Emily Kramer-Golinkoff'un karde\u015fi Coby Kramer-Golinkoff, gecenin etkinliklerini y\u00f6neterek hem y\u00fcz y\u00fcze hem de sanal kat\u0131l\u0131mc\u0131lar\u0131 selamlad\u0131 ve EE'nin a\u015fa\u011f\u0131dakileri sa\u011flamak i\u00e7in yorulmak bilmeden yapt\u0131\u011f\u0131 \u00e7al\u0131\u015fmalar\u0131 payla\u015farak geceye zemin haz\u0131rlad\u0131 <\/span><b>herkes<\/b><span style=\"font-weight: 400;\"> KF toplulu\u011fu ya\u015famlar\u0131 boyunca hayat kurtaran at\u0131l\u0131mlar deneyimlemektedir.<\/span><\/p>\n<p style=\"text-align: justify;\"><span style=\"font-weight: 400;\">Onu, Entourage i\u00e7in son derece i\u00e7ten bir mesaj payla\u015fan Meta'n\u0131n i\u015fletme m\u00fcd\u00fcr\u00fc Sheryl Sandberg takip etti. Sheryl, EE'nin kurucu ortaklar\u0131 Emily ve Liza ile 2017 y\u0131l\u0131nda yapt\u0131\u011f\u0131 ilk g\u00f6r\u00fc\u015fmeyi anlatt\u0131 ve bu g\u00f6r\u00fc\u015fmenin kendisini ki\u015fisel olarak nas\u0131l etkiledi\u011fini payla\u015ft\u0131. Hem Emily'ye hem de EE'ye duydu\u011fu sayg\u0131y\u0131 anlatmaya devam etti.<\/span><\/p>\n<blockquote><p><span style=\"font-weight: 400;\">\"Kolektif dayan\u0131kl\u0131l\u0131k hayatlar\u0131 de\u011fi\u015ftirir... Dayan\u0131kl\u0131l\u0131\u011f\u0131 sadece kendimizde de\u011fil, birbirimizde de in\u015fa ederiz. Emily's Entourage da tam olarak bununla ilgili.\" - Sheryl Sandberg<\/span><\/p><\/blockquote>\n<p style=\"text-align: justify;\"><span style=\"font-weight: 400;\">Ard\u0131ndan Emily'nin k\u0131z karde\u015fi Julia Kramer-Golinkoff sahneye \u00e7\u0131karak gecenin onursal e\u015f ba\u015fkanlar\u0131 Lorri ve Ted Bernstein'a EE i\u00e7in \"ya\u015fam\u0131 s\u00fcrd\u00fcren bir destek kayna\u011f\u0131\" olduklar\u0131 i\u00e7in te\u015fekk\u00fcr etti.\u00a0<\/span><\/p>\n<p style=\"text-align: justify;\"><span style=\"font-weight: 400;\">Lorri ve Ted daha sonra sahneye \u00e7\u0131karak t\u00fcm Kramer-Golinkoff ailesine duyduklar\u0131 derin minnettarl\u0131\u011f\u0131 ve EE'yi di\u011fer hay\u0131r kurumlar\u0131ndan farkl\u0131 k\u0131lan \u00f6zellikleri payla\u015ft\u0131lar ve EE'yi \"sevgiyle yo\u011frulmu\u015f bir organizasyon\" olarak nitelendirdiler. Ted, kat\u0131l\u0131mc\u0131lar\u0131 tedavi hayalini ger\u00e7ekle\u015ftirmek ve bu 10. y\u0131ld\u00f6n\u00fcm\u00fcn\u00fc \u015fimdiye kadarki en iyi EE etkinli\u011fi haline getirmek i\u00e7in ellerinden geleni yapma taahh\u00fctlerini yenilemeye te\u015fvik etti.<\/span><\/p>\n<p style=\"text-align: justify;\"><img decoding=\"async\" class=\"alignnone wp-image-16509\" src=\"https:\/\/www.emilysentourage.org\/wp-content\/uploads\/2021-Philly-Gala_Co-Chairs-300x200.png\" alt=\"\" width=\"1385\" height=\"923\" srcset=\"https:\/\/www.emilysentourage.org\/wp-content\/uploads\/2021-Philly-Gala_Co-Chairs-300x200.png 300w, https:\/\/www.emilysentourage.org\/wp-content\/uploads\/2021-Philly-Gala_Co-Chairs-1024x683.png 1024w, https:\/\/www.emilysentourage.org\/wp-content\/uploads\/2021-Philly-Gala_Co-Chairs-768x512.png 768w, https:\/\/www.emilysentourage.org\/wp-content\/uploads\/2021-Philly-Gala_Co-Chairs-1536x1024.png 1536w, https:\/\/www.emilysentourage.org\/wp-content\/uploads\/2021-Philly-Gala_Co-Chairs-2048x1365.png 2048w, https:\/\/www.emilysentourage.org\/wp-content\/uploads\/2021-Philly-Gala_Co-Chairs-18x12.png 18w, https:\/\/www.emilysentourage.org\/wp-content\/uploads\/2021-Philly-Gala_Co-Chairs-600x400.png 600w\" sizes=\"(max-width: 1385px) 100vw, 1385px\" \/><\/p>\n<p style=\"text-align: justify;\"><span style=\"font-weight: 400;\">Coby, Sunum Sponsoru Vertex Pharmaceuticals, Ametist Sponsoru Viatris, ayni ba\u011f\u0131\u015f\u00e7\u0131lar Adath Israel, TPD Tasar\u0131m Evi ve \u00e7ok daha fazlas\u0131 dahil olmak \u00fczere geceyi m\u00fcmk\u00fcn k\u0131lan t\u00fcm c\u00f6mert sponsorlara, destek\u00e7ilere, ayni ba\u011f\u0131\u015f\u00e7\u0131lara ve EE \u00e7al\u0131\u015fanlar\u0131na te\u015fekk\u00fcr etmek i\u00e7in sahneye d\u00f6nd\u00fc. Daha sonra bayra\u011f\u0131 uzun s\u00fcredir EE destek\u00e7isi olan Nikki Bernstein'a devretti ve 2021'in ba\u015far\u0131lar\u0131n\u0131 takdir etti <\/span><a href=\"https:\/\/www.emilysentourage.org\/tr\/cf-crew\/\"><span style=\"font-weight: 400;\">CureFinders Ekibi<\/span><\/a><span style=\"font-weight: 400;\"> (CF Crew) ve <\/span><a href=\"https:\/\/www.emilysentourage.org\/tr\/become-a-champion\/\">bir ekip olu\u015fturun<\/a><span style=\"font-weight: 400;\">.<\/span><\/p>\n<p style=\"text-align: justify;\"><span style=\"font-weight: 400;\">Bu y\u0131l KF'li 10 ki\u015fi ve sevdiklerinden olu\u015fan KF Ekibi, son 10%!!! i\u00e7in at\u0131l\u0131mlar\u0131 h\u0131zland\u0131rmak \u00fczere $57,352 gibi \u015fa\u015f\u0131rt\u0131c\u0131 bir rakam toplad\u0131.<\/span><\/p>\n<p style=\"text-align: justify;\"><span style=\"font-weight: 400;\">Yedi birey ve be\u015f tak\u0131mdan olu\u015fan 2021 \u015eampiyonlar\u0131 aras\u0131nda mahjong oyuncular\u0131, yeni ebeveynler, \u00f6\u011fretmenler, f\u0131r\u0131nc\u0131lar ve Emily'nin en yak\u0131n \u00e7ocukluk ve \u00fcniversite arkada\u015flar\u0131ndan birka\u00e7\u0131 da dahil olmak \u00fczere \u00e7ok \u00e7e\u015fitli becerilere, ge\u00e7mi\u015flere ve EE ile ba\u011flant\u0131lara sahip ki\u015filer yer ald\u0131. Bu grup ger\u00e7ekten de yukar\u0131da ve \u00f6teye giderek, bir tedavi aray\u0131\u015f\u0131nda toplu olarak $31,484 toplad\u0131!<\/span><\/p>\n<p style=\"text-align: justify;\"><span style=\"font-weight: 400;\">Nikki daha sonra 2021 Y\u0131l\u0131n \u015eampiyonu olan \"Team Seeking a Cure!\"u a\u00e7\u0131klad\u0131. Emily'nin \u00fcniversiteden en yak\u0131n arkada\u015flar\u0131ndan olu\u015fan bu grup, $14,313 gibi \u015fa\u015f\u0131rt\u0131c\u0131 bir ba\u011f\u0131\u015f toplam\u0131\u015ft\u0131r! Julie Wertheimer \u00f6d\u00fcl\u00fc ekibi ad\u0131na kabul etti.<\/span><\/p>\n<p style=\"text-align: justify;\"><img loading=\"lazy\" decoding=\"async\" class=\"alignnone wp-image-16510\" src=\"https:\/\/www.emilysentourage.org\/wp-content\/uploads\/2021-Philly-Gala_Champ-of-the-Year-300x200.png\" alt=\"\" width=\"1385\" height=\"923\" srcset=\"https:\/\/www.emilysentourage.org\/wp-content\/uploads\/2021-Philly-Gala_Champ-of-the-Year-300x200.png 300w, https:\/\/www.emilysentourage.org\/wp-content\/uploads\/2021-Philly-Gala_Champ-of-the-Year-1024x683.png 1024w, https:\/\/www.emilysentourage.org\/wp-content\/uploads\/2021-Philly-Gala_Champ-of-the-Year-768x512.png 768w, https:\/\/www.emilysentourage.org\/wp-content\/uploads\/2021-Philly-Gala_Champ-of-the-Year-1536x1024.png 1536w, https:\/\/www.emilysentourage.org\/wp-content\/uploads\/2021-Philly-Gala_Champ-of-the-Year-2048x1365.png 2048w, https:\/\/www.emilysentourage.org\/wp-content\/uploads\/2021-Philly-Gala_Champ-of-the-Year-18x12.png 18w, https:\/\/www.emilysentourage.org\/wp-content\/uploads\/2021-Philly-Gala_Champ-of-the-Year-600x400.png 600w\" sizes=\"(max-width: 1385px) 100vw, 1385px\" \/><\/p>\n<p style=\"text-align: justify;\"><span style=\"font-weight: 400;\">Ard\u0131ndan, kat\u0131l\u0131mc\u0131lar geriye d\u00f6n\u00fck bir videonun kendilerini 2011 y\u0131l\u0131nda EE'nin ba\u015flang\u0131c\u0131ndan bug\u00fcn bulundu\u011fumuz noktaya kadar bir yolculu\u011fa \u00e7\u0131kard\u0131\u011f\u0131n\u0131 izlediler. <\/span><\/p>\n<p><iframe title=\"10 Y\u0131ll\u0131k Etki\" width=\"960\" height=\"540\" src=\"https:\/\/www.youtube.com\/embed\/e5aVLPH11r4?feature=oembed\" frameborder=\"0\" allow=\"accelerometer; autoplay; clipboard-write; encrypted-media; gyroscope; picture-in-picture\" allowfullscreen><\/iframe><\/p>\n<p style=\"text-align: justify;\"><span style=\"font-weight: 400;\">Videoyu Emily'nin \u00e7ok beklenen ve her zaman g\u00fc\u00e7l\u00fc olan konu\u015fmas\u0131 izledi. 2021'de KF'nin yeni bir kardiyak komplikasyonuyla ilgili te\u015fhisini payla\u015ft\u0131 - yakla\u015f\u0131k on y\u0131l boyunca KF ile bu kadar d\u00fc\u015f\u00fck bir akci\u011fer fonksiyonunda ya\u015faman\u0131n sonucu. \u0130leri evre KF'li bir ki\u015fi olarak hem kendisinin hem de EE'nin t\u00fcm olas\u0131l\u0131klara nas\u0131l meydan okumaya devam etti\u011fini payla\u015ft\u0131 - ard\u0131ndan EE taraf\u0131ndan finanse edilen ara\u015ft\u0131rmalardaki heyecan verici ilerlemeleri ayr\u0131nt\u0131l\u0131 bir \u015fekilde anlatt\u0131 ve projelerin klinik a\u015famaya ilerledi\u011fini, yani potansiyel tedavilerin hastalara ger\u00e7ekten ula\u015ft\u0131\u011f\u0131n\u0131 belirtti.<\/span><\/p>\n<p style=\"text-align: justify;\"><span style=\"font-weight: 400;\">Bu belki de EE'nin kaydetti\u011fi ilerlemenin en iyi kan\u0131t\u0131d\u0131r! Bu ilerleme sadece KF toplulu\u011fu i\u00e7in bir umudu temsil etmekle kalm\u0131yor, ayn\u0131 zamanda EE'nin en umut verici bilimi belirleme, \u00f6nde gelen oyuncular\u0131 bir araya getirme ve hayat kurtaran tedavileri hastalara h\u0131zla ula\u015ft\u0131rmak i\u00e7in yeni finansman mekanizmalar\u0131n\u0131 kullanma konusundaki benzersiz yetene\u011finin de alt\u0131n\u0131 \u00e7iziyor.<\/span><\/p>\n<blockquote><p><span style=\"font-weight: 400;\">\"Bizim, bu muhte\u015fem Entourage'\u0131n sahip oldu\u011fu t\u00fcrden bir tutkuyu, korkusuzlu\u011fu ve kazanma g\u00fcd\u00fcs\u00fcn\u00fc \u00f6ylece elde edemezsiniz. At\u0131l\u0131mlar\u0131 yaratan g\u00fc\u00e7 budur.\" - Emily Kramer-Golinkoff <\/span><\/p><\/blockquote>\n<p style=\"text-align: justify;\"><span style=\"font-weight: 400;\">Coby, KF'li bir ki\u015finin ortalama ya\u015fam s\u00fcresini ilk duydu\u011fu an\u0131 anlatmak i\u00e7in sahneye d\u00f6nd\u00fc ve ablas\u0131n\u0131n hayat\u0131n\u0131n hastal\u0131k nedeniyle k\u0131sa kesilebilece\u011fini fark etti\u011finde ya\u015fad\u0131\u011f\u0131 inan\u00e7s\u0131zl\u0131\u011f\u0131 payla\u015ft\u0131. EE'yi ba\u015flatan ilk videonun olu\u015fturulmas\u0131ndan pandeminin Kramer-Golinkoff ailesinin hayat\u0131n\u0131 (ve pek \u00e7ok ki\u015finin hayat\u0131n\u0131) nas\u0131l alt \u00fcst etti\u011fine kadar hayattaki her \u015feyi de\u011fi\u015ftiren \u00f6nemli anlar\u0131 tart\u0131\u015fmaya devam etti.\u00a0<\/span><\/p>\n<p style=\"text-align: justify;\"><span style=\"font-weight: 400;\">\"Bu anlar evrenimizi parampar\u00e7a edebilir, neyin m\u00fcmk\u00fcn oldu\u011funu yeniden tan\u0131mlayabilir ve d\u00fcnyay\u0131 de\u011fi\u015ftirebilir\" dedi. \"Bu anlarla ilgili bir \u015fey mi var? Onlar\u0131 genellikle ancak ge\u00e7tikten sonra fark ederiz. Bu geceyi bu kadar \u00f6zel k\u0131lan \u015fey, \u015fu anda bu anlardan birinde duruyor olmam\u0131z!\"<\/span><\/p>\n<p style=\"text-align: justify;\"><span style=\"font-weight: 400;\">Coby, kat\u0131l\u0131mc\u0131lardan o an\u0131 kar\u015f\u0131lamalar\u0131n\u0131 - c\u00f6mert\u00e7e vermelerini ve KF toplulu\u011funun 100%'si i\u00e7in i\u015fi bitirmelerini istedi.<\/span><\/p>\n<p style=\"text-align: justify;\"><span style=\"font-weight: 400;\">5 dakikal\u0131k bir geri say\u0131m ba\u015flad\u0131 ve ba\u011f\u0131\u015flar gelmeye ba\u015flad\u0131. Ard\u0131ndan heyecan verici bir haber payla\u015f\u0131ld\u0131: Her ba\u011f\u0131\u015f Kenneth ve Gloria Friedman Vakf\u0131 taraf\u0131ndan $25,000'e kadar e\u015fle\u015ftirilecekti. Kenneth ve Gloria'n\u0131n k\u0131zlar\u0131 Rebecca KF hastas\u0131. Neyse ki, \u00e7\u0131\u011f\u0131r a\u00e7an bir ila\u00e7tan yararlanan KF toplulu\u011funun 90%'sinin bir par\u00e7as\u0131, ancak Friedman ailesi 90%'nin yeterince iyi olmad\u0131\u011f\u0131na inanarak ve KF toplulu\u011funun 100%'sine ula\u015fmak i\u00e7in gereken her \u015feyi yapmay\u0131 ve bunu h\u0131zl\u0131 bir \u015fekilde yapmay\u0131 taahh\u00fct ederek EE ile birlikte duruyor.\u00a0<\/span><\/p>\n<p style=\"text-align: justify;\"><span style=\"font-weight: 400;\">D\u00fcnyan\u0131n d\u00f6rt bir yan\u0131ndan ba\u011f\u0131\u015f ya\u011farken termometre y\u00fckseldi ve EE'nin t\u00fcm zamanlar\u0131n $10 milyon ba\u011f\u0131\u015f toplama kilometre ta\u015f\u0131na ula\u015f\u0131ld\u0131!!! Destek\u00e7iler (hem yak\u0131n hem de uzak!!) t\u00fcm Entourage i\u00e7in ger\u00e7ekten tarihi bir ak\u015fam\u0131 kutlarken maytaplar patlad\u0131, araba kornalar\u0131 \u00e7ald\u0131, LED batonlar salland\u0131 ve bir gospel korosu \u015fark\u0131 s\u00f6yledi!<\/span><\/p>\n<p style=\"text-align: justify;\"><img loading=\"lazy\" decoding=\"async\" class=\"alignnone wp-image-16511\" src=\"https:\/\/www.emilysentourage.org\/wp-content\/uploads\/2021-Philly-Gala_Celebration-300x200.png\" alt=\"\" width=\"1385\" height=\"923\" srcset=\"https:\/\/www.emilysentourage.org\/wp-content\/uploads\/2021-Philly-Gala_Celebration-300x200.png 300w, https:\/\/www.emilysentourage.org\/wp-content\/uploads\/2021-Philly-Gala_Celebration-1024x683.png 1024w, https:\/\/www.emilysentourage.org\/wp-content\/uploads\/2021-Philly-Gala_Celebration-768x512.png 768w, https:\/\/www.emilysentourage.org\/wp-content\/uploads\/2021-Philly-Gala_Celebration-1536x1024.png 1536w, https:\/\/www.emilysentourage.org\/wp-content\/uploads\/2021-Philly-Gala_Celebration-2048x1365.png 2048w, https:\/\/www.emilysentourage.org\/wp-content\/uploads\/2021-Philly-Gala_Celebration-18x12.png 18w, https:\/\/www.emilysentourage.org\/wp-content\/uploads\/2021-Philly-Gala_Celebration-600x400.png 600w\" sizes=\"(max-width: 1385px) 100vw, 1385px\" \/><\/p>\n<p style=\"text-align: justify;\"><a href=\"https:\/\/www.youtube.com\/watch?v=jORtnhr46i8\" target=\"_blank\" rel=\"noopener\"><span style=\"font-weight: 400;\">Program\u0131n tamam\u0131n\u0131 buradan g\u00f6r\u00fcnt\u00fcleyebilirsiniz.\u00a0<\/span><\/a><\/p>\n<p style=\"text-align: justify;\"><b>10% FINALI I\u00c7IN I\u015eI BITIRMEMIZE YARDIM EDIN<\/b><\/p>\n<ol style=\"text-align: justify;\">\n<li style=\"font-weight: 400;\" aria-level=\"1\"><b>Vergiden d\u00fc\u015f\u00fclebilir bir ba\u011f\u0131\u015f yap\u0131n<\/b> <span style=\"font-weight: 400;\"><strong>Emily's Entourage'a.<\/strong> <\/span><a href=\"https:\/\/www.emilysentourage.org\/tr\/donate\/\" target=\"_blank\" rel=\"noopener\"><span style=\"font-weight: 400;\">Ba\u011f\u0131\u015f yapmak i\u00e7in buraya t\u0131klay\u0131n.<\/span><\/a><\/li>\n<li style=\"font-weight: 400;\" aria-level=\"1\"><b>Emily'nin destek i\u00e7in yapt\u0131\u011f\u0131 ki\u015fisel \u00e7a\u011fr\u0131y\u0131 payla\u015f\u0131n. <\/b><span style=\"font-weight: 400;\">\u0130zle ve g\u00f6r<\/span><span style=\"font-weight: 400;\">hare his video on <\/span><a href=\"https:\/\/www.facebook.com\/watch\/?v=276146384489325\" target=\"_blank\" rel=\"noopener\"><span style=\"font-weight: 400;\">Facebook<\/span><\/a><span style=\"font-weight: 400;\">, <\/span><a href=\"https:\/\/www.instagram.com\/p\/CXJmQxUIyG8\/\" target=\"_blank\" rel=\"noopener\"><span style=\"font-weight: 400;\">Instagram<\/span><\/a><span style=\"font-weight: 400;\">, <\/span><a href=\"https:\/\/twitter.com\/EmilysEntourage\/status\/1467907450317815809\" target=\"_blank\" rel=\"noopener\"><span style=\"font-weight: 400;\">Twitter<\/span><\/a><span style=\"font-weight: 400;\">ve <\/span><a href=\"https:\/\/www.linkedin.com\/feed\/update\/urn:li:activity:6873649984739299328\" target=\"_blank\" rel=\"noopener\"><span style=\"font-weight: 400;\">LinkedIn<\/span><\/a><span style=\"font-weight: 400;\">ve \u00e7evrenizi de bunu yaymalar\u0131 i\u00e7in te\u015fvik edin!<\/span><\/li>\n<\/ol>\n<p style=\"text-align: justify;\"><i><span style=\"font-weight: 400;\">Emily's Entourage, bu ak\u015fam\u0131 ve kutlamay\u0131 m\u00fcmk\u00fcn k\u0131lan Entourage'\u0131n her bir \u00fcyesine te\u015fekk\u00fcr etmek ister. \u0130ster ba\u015f\u0131ndan beri bizimle olun, ister bu galada bize ilk kez kat\u0131l\u0131n, deste\u011finiz son 10% i\u00e7in at\u0131l\u0131mlar\u0131 h\u0131zland\u0131rmaya y\u00f6nelik yorulmak bilmez aray\u0131\u015f\u0131m\u0131zda bizi ate\u015fliyor. Sayenizde, KF'li HERKES\u0130N derin bir nefes alabilece\u011fi bir gelece\u011fe bir ad\u0131m daha yakla\u015ft\u0131k.<\/span><\/i><\/p>","protected":false},"excerpt":{"rendered":"<p>Emily's Entourage'\u0131n 4 Aral\u0131k 2021 Cumartesi g\u00fcn\u00fc d\u00fczenledi\u011fi 10. y\u0131ll\u0131k Evening with Emily's Entourage galas\u0131 ile ilgili her \u015fey (ama her \u015fey demek istiyoruz) ola\u011fan\u00fcst\u00fc idi. Her \u015feyden \u00f6nce, 10. y\u0131l d\u00f6n\u00fcm\u00fcm\u00fcz\u00fc kutlamak i\u00e7in Emily's Entourage (EE) $10 milyon ba\u011f\u0131\u015f toplama hedefimize ula\u015fmak i\u00e7in bir \u00e7a\u011fr\u0131 yapt\u0131 - ve destek\u00e7ilerimiz geldi. Bu... <\/p>\n<div class=\"clear\"><\/div>\n<p><a href=\"https:\/\/www.emilysentourage.org\/tr\/the-power-of-10-drive-in-gala-celebrates-historic-milestone-for-emilys-entourage\/\" class=\"excerpt-read-more\">Daha fazla bilgi edinin<\/a><\/p>","protected":false},"author":1281,"featured_media":16514,"comment_status":"open","ping_status":"closed","sticky":false,"template":"","format":"standard","meta":{"_acf_changed":false,"_seopress_robots_primary_cat":"none","_seopress_titles_title":"","_seopress_titles_desc":"","_seopress_robots_index":"","_monsterinsights_skip_tracking":false,"_monsterinsights_sitenote_active":false,"_monsterinsights_sitenote_note":"","_monsterinsights_sitenote_category":0,"_jetpack_memberships_contains_paid_content":false,"footnotes":""},"categories":[1],"tags":[],"class_list":["post-16505","post","type-post","status-publish","format-standard","has-post-thumbnail","hentry","category-uncategorized"],"acf":[],"jetpack_featured_media_url":"https:\/\/www.emilysentourage.org\/wp-content\/uploads\/0033_SNP_EE_Drive-inGala-scaled.jpg","jetpack_sharing_enabled":true,"post_mailing_queue_ids":[],"_links":{"self":[{"href":"https:\/\/www.emilysentourage.org\/tr\/wp-json\/wp\/v2\/posts\/16505","targetHints":{"allow":["GET"]}}],"collection":[{"href":"https:\/\/www.emilysentourage.org\/tr\/wp-json\/wp\/v2\/posts"}],"about":[{"href":"https:\/\/www.emilysentourage.org\/tr\/wp-json\/wp\/v2\/types\/post"}],"author":[{"embeddable":true,"href":"https:\/\/www.emilysentourage.org\/tr\/wp-json\/wp\/v2\/users\/1281"}],"replies":[{"embeddable":true,"href":"https:\/\/www.emilysentourage.org\/tr\/wp-json\/wp\/v2\/comments?post=16505"}],"version-history":[{"count":5,"href":"https:\/\/www.emilysentourage.org\/tr\/wp-json\/wp\/v2\/posts\/16505\/revisions"}],"predecessor-version":[{"id":20551,"href":"https:\/\/www.emilysentourage.org\/tr\/wp-json\/wp\/v2\/posts\/16505\/revisions\/20551"}],"wp:featuredmedia":[{"embeddable":true,"href":"https:\/\/www.emilysentourage.org\/tr\/wp-json\/wp\/v2\/media\/16514"}],"wp:attachment":[{"href":"https:\/\/www.emilysentourage.org\/tr\/wp-json\/wp\/v2\/media?parent=16505"}],"wp:term":[{"taxonomy":"category","embeddable":true,"href":"https:\/\/www.emilysentourage.org\/tr\/wp-json\/wp\/v2\/categories?post=16505"},{"taxonomy":"post_tag","embeddable":true,"href":"https:\/\/www.emilysentourage.org\/tr\/wp-json\/wp\/v2\/tags?post=16505"}],"curies":[{"name":"wp","href":"https:\/\/api.w.org\/{rel}","templated":true}]}}