{"id":12573,"date":"2019-04-23T15:16:08","date_gmt":"2019-04-23T19:16:08","guid":{"rendered":"https:\/\/www.emilysentourage.org\/?p=12573"},"modified":"2023-12-20T05:56:06","modified_gmt":"2023-12-20T10:56:06","slug":"the-4th-annual-eeny-full-artist-lineup","status":"publish","type":"post","link":"https:\/\/www.emilysentourage.org\/tr\/the-4th-annual-eeny-full-artist-lineup\/","title":{"rendered":"4. Geleneksel EENY: Tam Sanat\u00e7\u0131 Kadrosu"},"content":{"rendered":"<p>Bu <strong><em>4. Y\u0131ll\u0131k EENY: ULTRA VIOLET<\/em><\/strong> Emily's Entourage (EE), 4 May\u0131s'ta New York'ta ger\u00e7ekle\u015fecek ve Emily's Entourage (EE), Emily's Entourage'da ger\u00e7ekle\u015fecek olan s\u00fcr\u00fckleyici sanatsal ve m\u00fczikal deneyimlerin tam kadrosunu duyurmaktan b\u00fcy\u00fck heyecan duyuyor. <a href=\"https:\/\/www.andersoncontemporary.com\/\" target=\"_blank\" rel=\"noopener noreferrer\">Anderson \u00c7a\u011fda\u015f<\/a>Manhattan'\u0131n Seaport B\u00f6lgesi'nde 180 Maiden Lane'de. Bunu ka\u00e7\u0131rmak istemezsiniz! EE, Kistik Fibrozis'in (KF) sa\u00e7ma mutasyonlar\u0131n\u0131 tedavi etmeye y\u00f6nelik ara\u015ft\u0131rmalar i\u00e7in kritik fonlar toplamak amac\u0131yla 4 May\u0131s'ta ultra violet olmay\u0131 kabul eden muhte\u015fem sanat\u00e7\u0131lar ve sanat\u00e7\u0131lara inan\u0131lmaz derecede minnettar ve al\u00e7akg\u00f6n\u00fcll\u00fcd\u00fcr. Bize kat\u0131l\u0131n - etkileyici kadroyu kendiniz deneyimleyin, bilet ve sponsorluk sat\u0131n al\u0131n <a href=\"https:\/\/e.givesmart.com\/events\/d53\/\" target=\"_blank\" rel=\"noopener noreferrer\">Burada<\/a>!<\/p>\n<hr>\n<h2>M\u00fczikal Performanslar<\/h2>\n<hr>\n<h3><strong>FDVM - <\/strong><strong>Headlining DJ<\/strong><\/h3>\n<p><span style=\"font-weight: 400;\"><img fetchpriority=\"high\" decoding=\"async\" class=\"wp-image-12760 size-full alignright\" src=\"https:\/\/www.emilysentourage.org\/wp-content\/uploads\/FDVM-Coachella_web3.png\" alt=\"\" width=\"400\" height=\"343\" srcset=\"https:\/\/www.emilysentourage.org\/wp-content\/uploads\/FDVM-Coachella_web3.png 400w, https:\/\/www.emilysentourage.org\/wp-content\/uploads\/FDVM-Coachella_web3-300x257.png 300w\" sizes=\"(max-width: 400px) 100vw, 400px\" \/>Coachella, Outsidelands ve Tomorrowland gibi d\u00fcnya \u00e7ap\u0131ndaki b\u00fcy\u00fck \u015fovlarda bula\u015f\u0131c\u0131 iyi hisleri ve canland\u0131r\u0131c\u0131 house m\u00fczikleriyle tan\u0131nan FDVM'den Florent ve Victorien, ne\u015fe yaymay\u0131 misyon edinmi\u015f durumda. Bu Frans\u0131z ikilinin say\u0131s\u0131z takip\u00e7isi ve orijinal m\u00fcziklerinin 100 milyondan fazla \u00e7al\u0131nmas\u0131 var. Ana ak\u0131m ve yeralt\u0131 m\u00fczi\u011fi aras\u0131nda ustaca gezinerek kalabal\u0131\u011fa epik ve pozitif sesler sunuyorlar. <\/span><\/p>\n<p><a class=\"fasc-button fasc-size-medium fasc-type-flat fasc-style-bold\" style=\"background-color: #3400f8; color: #ffffff;\" target=\"_blank\" rel=\"noopener noreferrer\" href=\"#\">WEB SI\u0307TESI\u0307NI\u0307 ZI\u0307YARET EDI\u0307N<\/a><\/p>\n<p>&nbsp;<\/p>\n<p>&nbsp;<\/p>\n<p>&nbsp;<\/p>\n<p>&nbsp;<\/p>\n<hr>\n<h3><strong>DJ DEMODA - Pop\/R&amp;B<\/strong><\/h3>\n<p><img decoding=\"async\" class=\"wp-image-12761 size-full alignleft\" src=\"https:\/\/www.emilysentourage.org\/wp-content\/uploads\/DJDemoda-1.png\" alt=\"\" width=\"400\" height=\"343\" srcset=\"https:\/\/www.emilysentourage.org\/wp-content\/uploads\/DJDemoda-1.png 400w, https:\/\/www.emilysentourage.org\/wp-content\/uploads\/DJDemoda-1-300x257.png 300w\" sizes=\"(max-width: 400px) 100vw, 400px\" \/>Brooklyn'li m\u00fczisyen ve Pop\/R&amp;B prod\u00fckt\u00f6r\u00fc DeModa'n\u0131n ruhani sesleri ve tarzlar\u0131 okyanuslar\u0131n ve s\u0131n\u0131rlar\u0131n \u00f6tesinde kulaklara n\u00fcfuz ediyor. \"Downtown Glow\" adl\u0131 hit single'\u0131n\u0131n Spotify'da 1 milyondan fazla dinlenmesinin ard\u0131ndan, daha yeni ba\u015flad\u0131\u011f\u0131n\u0131 bilmenizi istiyor. David m\u00fczik yolculu\u011funa 12 ya\u015f\u0131nda, amcas\u0131 ve annesinin Noel i\u00e7in ona ilk gitar\u0131n\u0131 almas\u0131yla ba\u015flad\u0131. O zamandan beri ilgi alanlar\u0131n\u0131 di\u011fer enstr\u00fcmanlar\u0131n yan\u0131 s\u0131ra m\u00fczik prod\u00fcksiyonu ve DJ'likle geni\u015fletti. DeModa projesi i\u00e7in sesler \u00fcretmedi\u011fi zamanlarda, di\u011fer sanat\u00e7\u0131lar i\u00e7in \u015fark\u0131lar \u00fcretiyor ve bu y\u0131l ilk EP'lerini yay\u0131nlayacak olan plak \u015firketi destekli gizli ikili projesi \u00fczerinde \u00e7al\u0131\u015f\u0131yor.<\/p>\n<p><a class=\"fasc-button fasc-size-medium fasc-type-flat fasc-style-bold\" style=\"background-color: #3400f8; color: #ffffff;\" target=\"_blank\" rel=\"noopener noreferrer\" href=\"http:\/\/demodamusic.com\/\">WEB SI\u0307TESI\u0307NI\u0307 ZI\u0307YARET EDI\u0307N<\/a><\/p>\n<p>&nbsp;<\/p>\n<p>&nbsp;<\/p>\n<p>&nbsp;<\/p>\n<hr>\n<h3><strong>DJ COOLHAND - Remixologists<\/strong><\/h3>\n<p><img decoding=\"async\" class=\"wp-image-12762 size-full alignright\" src=\"https:\/\/www.emilysentourage.org\/wp-content\/uploads\/DJLuke_Remixologists.png\" alt=\"\" width=\"400\" height=\"343\" srcset=\"https:\/\/www.emilysentourage.org\/wp-content\/uploads\/DJLuke_Remixologists.png 400w, https:\/\/www.emilysentourage.org\/wp-content\/uploads\/DJLuke_Remixologists-300x257.png 300w\" sizes=\"(max-width: 400px) 100vw, 400px\" \/>Luke, DJ'lik ser\u00fcvenine memleketi Oakland, Kaliforniya'daki yerel radyo istasyonlar\u0131nda pikap ta\u015f\u0131yarak, plak kar\u0131\u015ft\u0131rarak ve eski m\u00fczik kasalar\u0131n\u0131 toplayarak ba\u015flad\u0131. The Boot, Jax Brewery ve The Willow'da DJ'lik yapt\u0131 ve G-Eazy, Young Money, Wu-Tang ve Miguel gibi sanat\u00e7\u0131lar i\u00e7in a\u00e7\u0131l\u0131\u015f yapt\u0131. Luke'un \u00e7ok y\u00f6nl\u00fcl\u00fc\u011f\u00fc kendini fazlas\u0131yla g\u00f6steriyor; setleri spontane, interaktif ve her kalabal\u0131\u011f\u0131n enerjisine uyum sa\u011flamaya haz\u0131r.&nbsp;<\/p>\n<p><a class=\"fasc-button fasc-size-medium fasc-type-flat fasc-style-bold\" style=\"background-color: #3400f8; color: #ffffff;\" target=\"_blank\" rel=\"noopener noreferrer\" href=\"https:\/\/www.rmxts.com\/best-wedding-djs\/brooklyn-wedding-dj-luke\/\">WEB SI\u0307TESI\u0307NI\u0307 ZI\u0307YARET EDI\u0307N<\/a><\/p>\n<p>&nbsp;<\/p>\n<p>&nbsp;<\/p>\n<p>&nbsp;<\/p>\n<p>&nbsp;<\/p>\n<hr>\n<h3><strong>LEXIE LOWELL - \u015eark\u0131c\u0131\/S\u00f6z Yazar\u0131\/Enstr\u00fcmantalist<\/strong><\/h3>\n<p><img loading=\"lazy\" decoding=\"async\" class=\"wp-image-12763 size-full alignleft\" src=\"https:\/\/www.emilysentourage.org\/wp-content\/uploads\/Lexie-Lowell-Harp_web3.png\" alt=\"\" width=\"400\" height=\"343\" srcset=\"https:\/\/www.emilysentourage.org\/wp-content\/uploads\/Lexie-Lowell-Harp_web3.png 400w, https:\/\/www.emilysentourage.org\/wp-content\/uploads\/Lexie-Lowell-Harp_web3-300x257.png 300w\" sizes=\"(max-width: 400px) 100vw, 400px\" \/>Brooklyn'in ilk pop-arpisti Lexie'nin sesi, Joni Mitchell'in melodik hikaye anlat\u0131m\u0131n\u0131 ve Sara Bareilles'in dinamik vokal aral\u0131\u011f\u0131n\u0131 \u00e7a\u011fr\u0131\u015ft\u0131ran ruhani bir uyum i\u00e7inde arp\u0131n\u0131n tellerinin \u00fczerinde y\u00fckseliyor. Lexie'nin m\u00fczi\u011fi a\u00e7\u0131k\u00e7a kendisine ait olan hikayeler anlat\u0131yor; umudunu ve ac\u0131s\u0131n\u0131 d\u00fcr\u00fcstl\u00fck ve ba\u011f\u0131\u015flay\u0131c\u0131l\u0131kla yans\u0131t\u0131yor. Bir \u015fark\u0131c\u0131-s\u00f6z yazar\u0131 ve multi-enstr\u00fcmantalist olan Lexie'nin yolculu\u011fu onu sahnede (Broadway'de 2015'te Spring Awakening'in yeniden canland\u0131r\u0131lmas\u0131) ve ekranda (ba\u011f\u0131ms\u0131z film Manifest Destiny Down'da ba\u015frolde) ilk ve merakla beklenen st\u00fcdyo EP'sine kadar g\u00f6t\u00fcrd\u00fc, <em>M\u00fczik Kutusu<\/em>, Yaz 2019.<\/p>\n<p><a class=\"fasc-button fasc-size-medium fasc-type-flat fasc-style-bold\" style=\"background-color: #3400f8; color: #ffffff;\" target=\"_blank\" rel=\"noopener noreferrer\" href=\"https:\/\/lexielowell.com\/\">WEB SI\u0307TESI\u0307NI\u0307 ZI\u0307YARET EDI\u0307N<\/a><\/p>\n<p>&nbsp;<\/p>\n<p>&nbsp;<\/p>\n<p>&nbsp;<\/p>\n<p>&nbsp;<\/p>\n<hr>\n<h2>G\u00f6rsel Sanat\u00e7\u0131lar<\/h2>\n<hr>\n<h4><strong>ALEX NERO - Deneysel&nbsp;<\/strong><\/h4>\n<p><img loading=\"lazy\" decoding=\"async\" class=\"wp-image-12764 size-full alignright\" src=\"https:\/\/www.emilysentourage.org\/wp-content\/uploads\/Alex-Nero-Art1_web3.png\" alt=\"\" width=\"400\" height=\"343\" srcset=\"https:\/\/www.emilysentourage.org\/wp-content\/uploads\/Alex-Nero-Art1_web3.png 400w, https:\/\/www.emilysentourage.org\/wp-content\/uploads\/Alex-Nero-Art1_web3-300x257.png 300w\" sizes=\"(max-width: 400px) 100vw, 400px\" \/>Disiplinleraras\u0131 bir sanat\u00e7\u0131 olan Alex Nero'nun g\u00fcncel \u00e7al\u0131\u015fmalar\u0131, dijital foto\u011fraf\u00e7\u0131l\u0131kla yakalanan su kaplar\u0131 i\u00e7indeki boyan\u0131n kimyas\u0131 ve fiziksel dinamikleri ile deneysel teknikler kullan\u0131yor. Nero'nun imgeleri, bilin\u00e7alt\u0131 ile bir diyaloga ilham vererek bireysel yorumlama yoluyla benzersiz bir deneyime olanak tan\u0131r.  \u00c7al\u0131\u015fmalar\u0131 milyonlara ula\u015fm\u0131\u015ft\u0131r ve d\u00fcnya \u00e7ap\u0131nda \u00f6zel ve kurumsal koleksiyonlarda yer almaktad\u0131r.<\/p>\n<p><a class=\"fasc-button fasc-size-medium fasc-type-flat fasc-style-bold\" style=\"background-color: #3400f8; color: #ffffff;\" target=\"_blank\" rel=\"noopener noreferrer\" href=\"http:\/\/www.alexnero.com\/\">WEB SI\u0307TESI\u0307NI\u0307 ZI\u0307YARET EDI\u0307N<\/a><\/p>\n<p>&nbsp;<\/p>\n<p>&nbsp;<\/p>\n<p>&nbsp;<\/p>\n<p>&nbsp;<\/p>\n<hr>\n<h4><strong>MURT - 3D Ressam<\/strong><\/h4>\n<p><img loading=\"lazy\" decoding=\"async\" class=\"wp-image-12769 size-full alignleft\" src=\"https:\/\/www.emilysentourage.org\/wp-content\/uploads\/Murt_web3.png\" alt=\"\" width=\"400\" height=\"343\" srcset=\"https:\/\/www.emilysentourage.org\/wp-content\/uploads\/Murt_web3.png 400w, https:\/\/www.emilysentourage.org\/wp-content\/uploads\/Murt_web3-300x257.png 300w\" sizes=\"(max-width: 400px) 100vw, 400px\" \/>Murt, New York'ta ya\u015fayan ve 3D Anaglif sanat\u0131nda uzmanla\u015fm\u0131\u015f bir ressamd\u0131r. Resimlerindeki canl\u0131 renkler, \u015fekiller ve fig\u00fcrlerle tan\u0131nan Murt'un eserleri koleksiyonculara ve uluslararas\u0131 b\u00fcy\u00fck kurulu\u015flara sat\u0131lm\u0131\u015ft\u0131r.  Ruh sa\u011fl\u0131\u011f\u0131 ve insan haklar\u0131 konular\u0131n\u0131 da i\u00e7eren resimlerindeki temalar\u0131n \u00e7o\u011fu New York'taki b\u00fcy\u00fck M\u00fczayede Evlerinde ve Mental Health America ve Minds Ahead gibi kurulu\u015flarda sat\u0131lm\u0131\u015ft\u0131r. Sanat\u0131 MTV, Snapchat ve The Tab gibi k\u00fcresel yay\u0131nlarda yer ald\u0131.<\/p>\n<p><a class=\"fasc-button fasc-size-medium fasc-type-flat fasc-style-bold\" style=\"background-color: #3400f8; color: #ffffff;\" target=\"_blank\" rel=\"noopener noreferrer\" href=\"https:\/\/www.murtzh.com\/about\">WEB SI\u0307TESI\u0307NI\u0307 ZI\u0307YARET EDI\u0307N<\/a><\/p>\n<p>&nbsp;<\/p>\n<p>&nbsp;<\/p>\n<p>&nbsp;<\/p>\n<p>&nbsp;<\/p>\n<hr>\n<h4><strong>IAN SULLIVAN - Geleneksel\/Graffiti<\/strong><\/h4>\n<p><img loading=\"lazy\" decoding=\"async\" class=\"wp-image-12765 size-full alignright\" src=\"https:\/\/www.emilysentourage.org\/wp-content\/uploads\/Ian-Sullivan-Art-4_web3.png\" alt=\"\" width=\"400\" height=\"343\" srcset=\"https:\/\/www.emilysentourage.org\/wp-content\/uploads\/Ian-Sullivan-Art-4_web3.png 400w, https:\/\/www.emilysentourage.org\/wp-content\/uploads\/Ian-Sullivan-Art-4_web3-300x257.png 300w\" sizes=\"(max-width: 400px) 100vw, 400px\" \/>Ian'\u0131n eserleri, geleneksel ve grafiti unsurlar\u0131n\u0131n bir kar\u0131\u015f\u0131m\u0131 olan benzersiz tarz\u0131yla kolayca tan\u0131n\u0131r. Sprey boya, akrilik ve m\u00fcrekkep kullanarak New York'un ruhunu yakalayan \u015fehir manzaras\u0131 duvar resimleri, ill\u00fcstrasyonlar ve gizli kelimeler i\u00e7eren karma\u015f\u0131k tasar\u0131mlar yarat\u0131yor. Ki\u015fisel sergisi When Life Gives You Lemons, \u015fu anda Anderson Contemporary'de (g\u00fczel EENY mekan\u0131m\u0131z!) sergileniyor ve burada Art Start'\u0131 desteklemek i\u00e7in Eesho ile ortakl\u0131k kurarak 400 ki\u015filik bir solo sanat sergisine ev sahipli\u011fi yapt\u0131. Yak\u0131n zamanda ald\u0131\u011f\u0131 sipari\u015fler ve ortak \u00e7al\u0131\u015fmalar aras\u0131nda Post Malone, Disney, Swizz Beatz, SLAM, One World Trade Center, Keith Urban, Kipling ve Barclays Center yer almaktad\u0131r.<\/p>\n<p><a class=\"fasc-button fasc-size-medium fasc-type-flat fasc-style-bold\" style=\"background-color: #3400f8; color: #ffffff;\" target=\"_blank\" rel=\"noopener noreferrer\" href=\"https:\/\/iansullivan.art\/\">WEB SI\u0307TESI\u0307NI\u0307 ZI\u0307YARET EDI\u0307N<\/a><\/p>\n<p>&nbsp;<\/p>\n<p>&nbsp;<\/p>\n<p>&nbsp;<\/p>\n<p>&nbsp;<\/p>\n<hr>\n<h4><strong>JULIE GRATZ - Animat\u00f6r<\/strong><\/h4>\n<p><strong><img loading=\"lazy\" decoding=\"async\" class=\"wp-image-12766 size-full alignleft\" src=\"https:\/\/www.emilysentourage.org\/wp-content\/uploads\/Julie-Gratz-Art-2_web3.png\" alt=\"\" width=\"400\" height=\"343\" srcset=\"https:\/\/www.emilysentourage.org\/wp-content\/uploads\/Julie-Gratz-Art-2_web3.png 400w, https:\/\/www.emilysentourage.org\/wp-content\/uploads\/Julie-Gratz-Art-2_web3-300x257.png 300w\" sizes=\"(max-width: 400px) 100vw, 400px\" \/><\/strong><span style=\"font-weight: 400;\">Julie Gratz, e\u015flik ettikleri m\u00fczi\u011fi m\u00fckemmel bir \u015fekilde tamamlayan animasyonlar yaratmak i\u00e7in m\u00fczikalitesini ve g\u00fczel sanatlardaki becerisini birle\u015ftiren bir Y\u00f6netmen, Animat\u00f6r ve Sanat\u00e7\u0131d\u0131r. Resim yaparak, \u00e7izerek, dans ederek, koreografi yaparak ve sahnede performans sergileyerek b\u00fcy\u00fcd\u00fc, bu nedenle animasyon t\u00fcm e\u011fitim ve deneyimlerinin g\u00fczel bir doruk noktas\u0131 haline geldi. Kendini asla tek bir t\u00fcrle s\u0131n\u0131rlamayan Julie, ki\u015fisel ve sipari\u015f \u00fczerine yapt\u0131\u011f\u0131 resimlere de zaman ay\u0131rmaya devam ediyor. Julie, film, m\u00fczik, belgesel ve ticari projeler i\u00e7in animasyon konusunda uzmanla\u015fm\u0131\u015f bir video ve animasyon prod\u00fcksiyon st\u00fcdyosu olan Kaleida Studio'nun kurucu orta\u011f\u0131 ve \u0130cra Direkt\u00f6r\u00fcd\u00fcr. <\/span><\/p>\n<p><a class=\"fasc-button fasc-size-medium fasc-type-flat fasc-style-bold\" style=\"background-color: #3400f8; color: #ffffff;\" target=\"_blank\" rel=\"noopener noreferrer\" href=\"https:\/\/juliegratz.com\/\">WEB SI\u0307TESI\u0307NI\u0307 ZI\u0307YARET EDI\u0307N<\/a><\/p>\n<p>&nbsp;<\/p>\n<p>&nbsp;<\/p>\n<p>&nbsp;<\/p>\n<hr>\n<h4><strong>ZEEHAN WAZED - Alg\u0131sal&nbsp;<\/strong><\/h4>\n<p><img loading=\"lazy\" decoding=\"async\" class=\"wp-image-12767 size-full alignright\" src=\"https:\/\/www.emilysentourage.org\/wp-content\/uploads\/Zeehan-Art-Gallery_web3.png\" alt=\"\" width=\"400\" height=\"343\" srcset=\"https:\/\/www.emilysentourage.org\/wp-content\/uploads\/Zeehan-Art-Gallery_web3.png 400w, https:\/\/www.emilysentourage.org\/wp-content\/uploads\/Zeehan-Art-Gallery_web3-300x257.png 300w\" sizes=\"(max-width: 400px) 100vw, 400px\" \/>Alg\u0131sal psikoloji ge\u00e7mi\u015fi olan sanat\u00e7\u0131 Zeehan Wazed, zihin b\u00fck\u00fcc\u00fc resim ve \u00e7izimlerinde matemati\u011fin felsefi y\u00f6n\u00fcn\u00fc ara\u015ft\u0131r\u0131yor. Wazed \u00e7al\u0131\u015fmalar\u0131na s\u0131kl\u0131kla topoloji ve \u015fekil teorisi ilkelerini dahil ediyor - uzay, boyut ve d\u00f6n\u00fc\u015f\u00fcm gibi kavramlar\u0131 analiz eden matematik alanlar\u0131. Sanat\u00e7\u0131 \u00e7al\u0131\u015fmalar\u0131n\u0131, \u015fekillerin nas\u0131l b\u00fck\u00fcl\u00fcp esneyebildi\u011fini a\u00e7\u0131klayan bu mucizevi matematiksel denklemleri g\u00f6z \u00f6n\u00fcnde bulundurarak ger\u00e7ekle\u015ftiriyor ve bakt\u0131\u011f\u0131m\u0131z her yerde kal\u0131plar ve \u00e7a\u011fr\u0131\u015f\u0131mlar bulmaya y\u00f6nelik do\u011fu\u015ftan gelen yetene\u011fimizi vurgulayan b\u00fcy\u00fcleyici g\u00f6r\u00fcnt\u00fcler \u00fcretiyor.<\/p>\n<h4><a class=\"fasc-button fasc-size-medium fasc-type-flat fasc-style-bold\" style=\"background-color: #3400f8; color: #ffffff;\" target=\"_blank\" rel=\"noopener noreferrer\" href=\"https:\/\/www.zeehanwazed.com\/\">WEB SI\u0307TESI\u0307NI\u0307 ZI\u0307YARET EDI\u0307N<\/a><\/h4>\n<p>&nbsp;<\/p>\n<p>&nbsp;<\/p>\n<p>&nbsp;<\/p>\n<p>&nbsp;<\/p>\n<hr>\n<h4 style=\"text-align: left;\"><strong>ADAM MARZ - I\u015f\u0131k&nbsp;&nbsp;<br \/>\n<\/strong><\/h4>\n<p><img loading=\"lazy\" decoding=\"async\" class=\"wp-image-12768 size-full alignleft\" src=\"https:\/\/www.emilysentourage.org\/wp-content\/uploads\/Adam-Marz-1_web3.png\" alt=\"\" width=\"400\" height=\"343\" srcset=\"https:\/\/www.emilysentourage.org\/wp-content\/uploads\/Adam-Marz-1_web3.png 400w, https:\/\/www.emilysentourage.org\/wp-content\/uploads\/Adam-Marz-1_web3-300x257.png 300w\" sizes=\"(max-width: 400px) 100vw, 400px\" \/><\/p>\n<p><span style=\"font-weight: 400;\">Los Angeles'ta ya\u015fayan ve konser turneleri, \u00fcst d\u00fczey kurumsal etkinlikler, enstalasyon ve \u00f6zel etkinliklerde \u00e7ok \u00e7e\u015fitli bir portf\u00f6ye sahip olan \u0131\u015f\u0131k sanat\u00e7\u0131s\u0131 Adam, m\u00fc\u015fterileri, hayranlar\u0131 ve meslekta\u015flar\u0131 aras\u0131nda \"Atmosferik Y\u00f6netmen\" olarak tan\u0131n\u0131yor. Banks, All American Rejects, T-Pain, Esports, XGames ve daha fazlas\u0131 i\u00e7in \u0131\u015f\u0131k direkt\u00f6r\u00fc olarak \u00e7al\u0131\u015ft\u0131.<\/span><\/p>\n<p><a class=\"fasc-button fasc-size-medium fasc-type-flat fasc-style-bold\" style=\"background-color: #3400f8; color: #ffffff;\" target=\"_blank\" rel=\"noopener noreferrer\" href=\"https:\/\/www.emilysentourage.org\/tr\/the-4th-annual-eeny-full-artist-lineup\/\">WEB SI\u0307TESI\u0307NI\u0307 ZI\u0307YARET EDI\u0307N<\/a><\/p>\n<p>&nbsp;<\/p>\n<p>&nbsp;<\/p>\n<p>&nbsp;<\/p>\n<p>&nbsp;<\/p>\n<p>&nbsp;<\/p>\n<p>&nbsp;<\/p>\n<hr>\n<p style=\"text-align: center;\"><a class=\"fasc-button fasc-size-medium fasc-type-flat fasc-style-bold\" style=\"background-color: #3400f8; color: #ffffff;\" target=\"_blank\" rel=\"noopener noreferrer\" href=\"https:\/\/e.givesmart.com\/s\/:fk1pslpLXhD\/e\/d53\/\">BILET SATIN AL<\/a><br \/>\n4. Y\u0131ll\u0131k Emily's Entourage NYC ETK\u0130NL\u0130\u011e\u0130<br \/>\n<strong>EENY: ULTRA VIOLET<\/strong><br \/>\nCumartesi, 4 May\u0131s 2019<br \/>\n<a href=\"https:\/\/www.andersoncontemporary.com\/\" target=\"_blank\" rel=\"noopener noreferrer\">Anderson \u00c7a\u011fda\u015f<\/a>, <a href=\"https:\/\/180maiden.com\/\" target=\"_blank\" rel=\"noopener noreferrer\">180 Maiden Lane<\/a><br \/>\nNew York, New York<br \/>\n<strong><em>Kaydolun <a href=\"https:\/\/e.givesmart.com\/events\/gGW\/\" target=\"_blank\" rel=\"noopener noreferrer\">Burada<\/a> g\u00fcncellemeler i\u00e7in!<\/em><\/strong><\/p>","protected":false},"excerpt":{"rendered":"<p>NYC'deki 4. Y\u0131ll\u0131k EENY: ULTRA VIOLET 4 May\u0131s'ta ger\u00e7ekle\u015fecek ve Emily's Entourage (EE) Manhattan'\u0131n Seaport B\u00f6lgesi'ndeki 180 Maiden Lane'de bulunan Anderson Contemporary'de ger\u00e7ekle\u015fecek olan s\u00fcr\u00fckleyici sanatsal ve m\u00fczikal deneyimlerin tam kadrosunu duyurmaktan b\u00fcy\u00fck heyecan duyuyor. Bunu ka\u00e7\u0131rmak istemezsiniz!... <\/p>\n<div class=\"clear\"><\/div>\n<p><a href=\"https:\/\/www.emilysentourage.org\/tr\/the-4th-annual-eeny-full-artist-lineup\/\" class=\"excerpt-read-more\">Daha fazla bilgi edinin<\/a><\/p>","protected":false},"author":1704,"featured_media":12760,"comment_status":"open","ping_status":"closed","sticky":false,"template":"","format":"standard","meta":{"_acf_changed":false,"_seopress_robots_primary_cat":"none","_seopress_titles_title":"","_seopress_titles_desc":"","_seopress_robots_index":"","_monsterinsights_skip_tracking":false,"_monsterinsights_sitenote_active":false,"_monsterinsights_sitenote_note":"","_monsterinsights_sitenote_category":0,"_jetpack_memberships_contains_paid_content":false,"footnotes":""},"categories":[1],"tags":[69,64,72,73,7,59,58,62,56,12,60,66,67,63,65,57,70,74,61,71,68],"class_list":["post-12573","post","type-post","status-publish","format-standard","has-post-thumbnail","hentry","category-uncategorized","tag-adam-marz","tag-alex-nero","tag-artists","tag-cf","tag-cystic-fibrosis","tag-demoda","tag-dj","tag-dj-coolhand","tag-eeny","tag-emilys-entourage","tag-fdvm","tag-ian-sullivan","tag-julie-gratz","tag-lexie-lowell","tag-murt","tag-nyc","tag-nyc-event","tag-philanthropy","tag-remixologists","tag-ultra-violet","tag-zeehan-wazed"],"acf":[],"jetpack_featured_media_url":"https:\/\/www.emilysentourage.org\/wp-content\/uploads\/FDVM-Coachella_web3.png","jetpack_sharing_enabled":true,"post_mailing_queue_ids":[],"_links":{"self":[{"href":"https:\/\/www.emilysentourage.org\/tr\/wp-json\/wp\/v2\/posts\/12573","targetHints":{"allow":["GET"]}}],"collection":[{"href":"https:\/\/www.emilysentourage.org\/tr\/wp-json\/wp\/v2\/posts"}],"about":[{"href":"https:\/\/www.emilysentourage.org\/tr\/wp-json\/wp\/v2\/types\/post"}],"author":[{"embeddable":true,"href":"https:\/\/www.emilysentourage.org\/tr\/wp-json\/wp\/v2\/users\/1704"}],"replies":[{"embeddable":true,"href":"https:\/\/www.emilysentourage.org\/tr\/wp-json\/wp\/v2\/comments?post=12573"}],"version-history":[{"count":5,"href":"https:\/\/www.emilysentourage.org\/tr\/wp-json\/wp\/v2\/posts\/12573\/revisions"}],"predecessor-version":[{"id":20563,"href":"https:\/\/www.emilysentourage.org\/tr\/wp-json\/wp\/v2\/posts\/12573\/revisions\/20563"}],"wp:featuredmedia":[{"embeddable":true,"href":"https:\/\/www.emilysentourage.org\/tr\/wp-json\/wp\/v2\/media\/12760"}],"wp:attachment":[{"href":"https:\/\/www.emilysentourage.org\/tr\/wp-json\/wp\/v2\/media?parent=12573"}],"wp:term":[{"taxonomy":"category","embeddable":true,"href":"https:\/\/www.emilysentourage.org\/tr\/wp-json\/wp\/v2\/categories?post=12573"},{"taxonomy":"post_tag","embeddable":true,"href":"https:\/\/www.emilysentourage.org\/tr\/wp-json\/wp\/v2\/tags?post=12573"}],"curies":[{"name":"wp","href":"https:\/\/api.w.org\/{rel}","templated":true}]}}