{"id":12293,"date":"2019-02-13T16:25:49","date_gmt":"2019-02-13T21:25:49","guid":{"rendered":"https:\/\/www.emilysentourage.org\/?p=12293"},"modified":"2023-12-20T05:56:06","modified_gmt":"2023-12-20T10:56:06","slug":"fall-in-lovee-with-emilys-entourage-meet-eeny-2019-co-chairs-emily-judah","status":"publish","type":"post","link":"https:\/\/www.emilysentourage.org\/tr\/fall-in-lovee-with-emilys-entourage-meet-eeny-2019-co-chairs-emily-judah\/","title":{"rendered":"Emily's Entourage ile A\u015f\u0131k Olun: EENY 2019 E\u015f Ba\u015fkanlar\u0131 Emily ve Judah ile Tan\u0131\u015f\u0131n"},"content":{"rendered":"<p><em>EE ile #FallinLovEE'nin bir sonraki b\u00f6l\u00fcm\u00fc \u00e7ok \u00f6zel bir duyuru i\u00e7eriyor: Emily Priebe ve Judah Levine, toplumsal etkinlikler \u015firketinin kurucu ortaklar\u0131 <a href=\"https:\/\/wordpress.com\/typo\/?subdomain=eesho\" target=\"_blank\" rel=\"noopener noreferrer\">Eesho<\/a>bu y\u0131l Coby ile birlikte EENY komitemize e\u015f ba\u015fkanl\u0131k edecek ve bundan daha fazla mutluluk duyamazd\u0131k! Emily's Entourage'a (EE) nas\u0131l a\u015f\u0131k olduklar\u0131n\u0131 anlat\u0131rken, bizi bulan ve amac\u0131m\u0131za ba\u011fl\u0131 kalmaya devam eden bu Entourage'\u0131n muhte\u015fem \u00fcyelerine son derece al\u00e7akg\u00f6n\u00fcll\u00fc ve minnettar\u0131z. Te\u015fekk\u00fcr ederiz! \u015eimdi a\u015fk zaman\u0131:<\/em><\/p>\n<p>Emily, Coby ve inan\u0131lmaz Kramer-Golinkoff ailesiyle 13 Haziran'da Bottino'da d\u00fczenlenen EENY 2018 \u00f6n yeme\u011finde tan\u0131\u015ft\u0131k. Emily, Coby ve t\u00fcm Entourage'\u0131n y\u0131lmaz ruhunu ve inan\u0131lmaz kararl\u0131l\u0131\u011f\u0131n\u0131 g\u00f6rd\u00fc\u011f\u00fcm\u00fczde hemen EE'ye a\u015f\u0131k olduk. Kistik Fibrozis'in (KF) ac\u0131mas\u0131z ilerleyi\u015fine yenik d\u00fc\u015fmek \u00e7ok daha kolay olurdu; bunun yerine Emily ve \u00e7evresi, Emily ve onun gibi herkese zamana kar\u015f\u0131 yar\u0131\u015f\u0131 kazanmalar\u0131 i\u00e7in m\u00fcmk\u00fcn olan her f\u0131rsat\u0131 vermek \u00fczere m\u00fccadele etmeye karar verdi. \u0130\u015fte bu cesaret ve bu konuda d\u00fcnyay\u0131 de\u011fi\u015ftirecek \u00f6l\u00e7ekte bir \u015feyler yapabilme becerisi bizi EE'ye ger\u00e7ekten a\u015f\u0131k etti.<\/p>\n<p><img fetchpriority=\"high\" decoding=\"async\" class=\"size-full wp-image-12294 aligncenter\" src=\"https:\/\/www.emilysentourage.org\/wp-content\/uploads\/EmilyJudah_PHL2018.jpg\" alt=\"\" width=\"900\" height=\"563\" srcset=\"https:\/\/www.emilysentourage.org\/wp-content\/uploads\/EmilyJudah_PHL2018.jpg 900w, https:\/\/www.emilysentourage.org\/wp-content\/uploads\/EmilyJudah_PHL2018-300x188.jpg 300w, https:\/\/www.emilysentourage.org\/wp-content\/uploads\/EmilyJudah_PHL2018-768x480.jpg 768w, https:\/\/www.emilysentourage.org\/wp-content\/uploads\/EmilyJudah_PHL2018-600x375.jpg 600w\" sizes=\"(max-width: 900px) 100vw, 900px\" \/><\/p>\n<p>Ailenin her bir \u00fcyesinin sadece Emily'nin de\u011fil, onun gibi pek \u00e7ok ki\u015finin hayat\u0131n\u0131 kurtarmaya y\u00f6nelik kolektif misyonlar\u0131n\u0131 payla\u015ft\u0131klar\u0131n\u0131 duyduktan sonra, yard\u0131m etmek i\u00e7in elimizden geleni yapmak zorunda kald\u0131k. Birka\u00e7 hafta i\u00e7inde Coby ile birlikte \u00e7at\u0131 kat\u0131nda bir ba\u011f\u0131\u015f toplama etkinli\u011fi planlad\u0131k, <em>Emily'nin \u00c7evresiyle \u00c7at\u0131 Sohbeti<\/em>En yak\u0131n dostlar\u0131m\u0131z\u0131 sanat\u00e7\u0131lar, sponsorlar, a\u00e7\u0131k art\u0131rma ba\u011f\u0131\u015f\u00e7\u0131lar\u0131, g\u00f6n\u00fcll\u00fcler ve konuklar olarak \u00e7a\u011f\u0131rd\u0131k. Her bir ki\u015finin ger\u00e7ekten yard\u0131m etmek istedi\u011fini ve bu duruma empati ile yakla\u015ft\u0131\u011f\u0131n\u0131 g\u00f6rmek \u00e7ok ilham vericiydi.<\/p>\n<blockquote>\n<p style=\"text-align: center;\"><strong>Yard\u0131m etmek i\u00e7in elimizden geleni yapmak zorundayd\u0131k.<\/strong><\/p>\n<\/blockquote>\n<p>Bu <em>\u00c7at\u0131 Soiree<\/em> Gabi Holzwarth ve Lexie Lowell'\u0131n g\u00fc\u00e7l\u00fc m\u00fczik performanslar\u0131 ve EENY 2018'de tan\u0131\u015ft\u0131\u011f\u0131m\u0131z Ian Sullivan'\u0131n canl\u0131 sanat\u0131 ile saf sihirdi. Etkinlik sonras\u0131nda pek \u00e7ok arkada\u015f\u0131m\u0131z bize kendilerinin de EE gibi yol g\u00f6sterici bir \u0131\u015f\u0131k arad\u0131klar\u0131n\u0131 s\u00f6yledi. Ba\u011f\u0131\u015f kampanyas\u0131nda $10,000'in \u00fczerinde ba\u011f\u0131\u015f topland\u0131 ve tek kelimeyle hayat\u0131m\u0131z\u0131n en \u00f6d\u00fcllendirici deneyimi oldu. EENY 2019 May\u0131s ay\u0131nda ger\u00e7ekle\u015fti\u011finde bu durumun de\u011fi\u015febilece\u011finden \u015f\u00fcpheleniyoruz!<\/p>\n<hr \/>\n<p style=\"text-align: center;\"><strong>T\u0131klay\u0131n <a href=\"https:\/\/www.facebook.com\/EmilysEntourage\/videos\/2187336744874920\/\" target=\"_blank\" rel=\"noopener noreferrer\">Burada<\/a> video \u00f6zetini izlemek i\u00e7in\u00a0<em>Emily'nin Ekibiyle \u00c7at\u0131da Suare!<\/em><\/strong><\/p>\n<p><img decoding=\"async\" class=\"size-full wp-image-12317 aligncenter\" src=\"https:\/\/www.emilysentourage.org\/wp-content\/uploads\/EE_Eesho_Soire.jpg\" alt=\"\" width=\"700\" height=\"869\" srcset=\"https:\/\/www.emilysentourage.org\/wp-content\/uploads\/EE_Eesho_Soire.jpg 700w, https:\/\/www.emilysentourage.org\/wp-content\/uploads\/EE_Eesho_Soire-242x300.jpg 242w, https:\/\/www.emilysentourage.org\/wp-content\/uploads\/EE_Eesho_Soire-600x745.jpg 600w\" sizes=\"(max-width: 700px) 100vw, 700px\" \/><\/p>\n<hr \/>\n<p>Topluluk odakl\u0131 yeni \u015firketimiz Eesho, b\u00fcy\u00fck \u00f6l\u00e7\u00fcde \u00e7at\u0131 kat\u0131ndaki ba\u011f\u0131\u015f toplama etkinli\u011fimizin geli\u015ftirdi\u011fi ve g\u00fc\u00e7lendirdi\u011fi ili\u015fkilerden filizlendi. Yeni bir ama\u00e7 duygusu hissettik ve bunu tamamen EE'ye ba\u011fl\u0131yoruz. M\u00fcmk\u00fcn olan en iyi \u015fekilde ba\u011f\u0131ml\u0131l\u0131k yap\u0131yordu. Emily's Entourage'\u0131n hepimizden daha b\u00fcy\u00fck bir \u015fey i\u00e7in m\u00fccadele eden \u00e7ok \u00f6zel bir insan toplulu\u011fu oldu\u011fu anla\u015f\u0131ld\u0131. Bu ortak ama\u00e7 duygusu hayat\u0131m\u0131z boyunca arad\u0131\u011f\u0131m\u0131z her \u015feydi. Bunu bulmak ger\u00e7ek bir a\u015fkt\u0131!<\/p>\n<p><img decoding=\"async\" class=\"size-full wp-image-12296 aligncenter\" src=\"https:\/\/www.emilysentourage.org\/wp-content\/uploads\/EmilyJudah_PHL2018.gif\" alt=\"\" width=\"480\" height=\"720\" \/><\/p>\n<p>EENY 2019 i\u00e7in e\u015f ba\u015fkan olmaya karar vermek ger\u00e7ekten de yar\u0131m kalm\u0131\u015f bir i\u015f duygusundan kaynakland\u0131. Ba\u015flang\u0131\u00e7ta sadece iyi bir \u015fey yapt\u0131\u011f\u0131m\u0131z\u0131 s\u00f6ylemek i\u00e7in dahil olmad\u0131k. Bir tedavi bulana kadar i\u015fimiz tamamlanm\u0131\u015f say\u0131lmaz! Bu konumda olmaktan onur duyuyor ve al\u00e7akg\u00f6n\u00fcll\u00fcl\u00fck g\u00f6steriyoruz ve arkada\u015flar\u0131m\u0131z\u0131n da deste\u011fiyle elimizden gelen her \u015feyi yaparak m\u00fcmk\u00fcn oldu\u011funca \u00e7ok para toplamak istiyoruz. Paran\u0131n do\u011frudan ileri a\u015fama ara\u015ft\u0131rmalara fon sa\u011flamaya gidece\u011fini biliyoruz ve KF'nin sa\u00e7ma mutasyonlar\u0131 i\u00e7in bir at\u0131l\u0131m bulma nihai hedefimize ula\u015fmak i\u00e7in bu noktada ihtiya\u00e7 duyulan \u015fey budur.<\/p>\n<blockquote>\n<p style=\"text-align: center;\"><strong>Bir tedavi bulana kadar i\u015fimiz tamamlanm\u0131\u015f say\u0131lmaz!<\/strong><\/p>\n<\/blockquote>\n<p>Davet s\u0131ras\u0131nda, EE \u015fimdiye kadar par\u00e7as\u0131 oldu\u011fumuz en b\u00fcy\u00fcleyici hay\u0131rseverlik giri\u015fimiydi ve \u00e7ok ge\u00e7meden ki\u015fisel bir hal ald\u0131. Art\u0131k Emily ve Coby'ye yak\u0131n arkada\u015flar\u0131m\u0131z dedi\u011fimiz i\u00e7in \u015fansl\u0131y\u0131z. Ve elbette arkada\u015f\u0131m\u0131z\u0131n hayat\u0131n\u0131 kurtarmak i\u00e7in sava\u015faca\u011f\u0131z, \u00f6zellikle de bu arkada\u015f\u0131m\u0131z kendi hayatlar\u0131m\u0131z\u0131n en b\u00fcy\u00fck ilham kayna\u011f\u0131 olmu\u015fsa. Emily o kutlama s\u0131cak hava balonuyla yukar\u0131, yukar\u0131 ve uzaklara u\u00e7ana kadar sava\u015fmaya devam edece\u011fiz! Sizi seviyoruz Emily ve EE!<\/p>\n<hr \/>\n<p style=\"text-align: center;\"><strong>TARI\u0307HI\u0307 KAYDET<\/strong><br \/>\n4. Y\u0131ll\u0131k Emily's Entourage NYC ETK\u0130NL\u0130\u011e\u0130<br \/>\n<strong>EENY: ULTRA VIOLET<\/strong><br \/>\nCumartesi, 4 May\u0131s 2019<br \/>\n<a href=\"https:\/\/www.andersoncontemporary.com\/\" target=\"_blank\" rel=\"noopener noreferrer\">Anderson \u00c7a\u011fda\u015f<\/a>, <a href=\"https:\/\/180maiden.com\/\" target=\"_blank\" rel=\"noopener noreferrer\">180 Maiden Lane<\/a><br \/>\nNew York, New York<br \/>\n<strong><em>Kaydolun <a href=\"https:\/\/e.givesmart.com\/events\/gGW\/\" target=\"_blank\" rel=\"noopener noreferrer\">Burada<\/a> g\u00fcncellemeler i\u00e7in!<\/em><\/strong><\/p>","protected":false},"excerpt":{"rendered":"<p>Our next installment of #FallinLovEE with EE includes a very special announcement: Emily Priebe and Judah Levine, co-founders of the community events company Eesho, will be co-chairing our EENY committee with Coby this year and we could not be more delighted! As they recount how they fell in love with Emily\u2019s Entourage (EE), we are&#8230; <\/p>\n<div class=\"clear\"><\/div>\n<p><a href=\"https:\/\/www.emilysentourage.org\/tr\/fall-in-lovee-with-emilys-entourage-meet-eeny-2019-co-chairs-emily-judah\/\" class=\"excerpt-read-more\">Daha fazla bilgi edinin<\/a><\/p>","protected":false},"author":1704,"featured_media":12294,"comment_status":"open","ping_status":"closed","sticky":false,"template":"","format":"standard","meta":{"_acf_changed":false,"_seopress_robots_primary_cat":"none","_seopress_titles_title":"","_seopress_titles_desc":"","_seopress_robots_index":"","_monsterinsights_skip_tracking":false,"_monsterinsights_sitenote_active":false,"_monsterinsights_sitenote_note":"","_monsterinsights_sitenote_category":0,"_jetpack_memberships_contains_paid_content":false,"footnotes":""},"categories":[1],"tags":[],"class_list":["post-12293","post","type-post","status-publish","format-standard","has-post-thumbnail","hentry","category-uncategorized"],"acf":[],"jetpack_featured_media_url":"https:\/\/www.emilysentourage.org\/wp-content\/uploads\/EmilyJudah_PHL2018.jpg","jetpack_sharing_enabled":true,"post_mailing_queue_ids":[],"_links":{"self":[{"href":"https:\/\/www.emilysentourage.org\/tr\/wp-json\/wp\/v2\/posts\/12293","targetHints":{"allow":["GET"]}}],"collection":[{"href":"https:\/\/www.emilysentourage.org\/tr\/wp-json\/wp\/v2\/posts"}],"about":[{"href":"https:\/\/www.emilysentourage.org\/tr\/wp-json\/wp\/v2\/types\/post"}],"author":[{"embeddable":true,"href":"https:\/\/www.emilysentourage.org\/tr\/wp-json\/wp\/v2\/users\/1704"}],"replies":[{"embeddable":true,"href":"https:\/\/www.emilysentourage.org\/tr\/wp-json\/wp\/v2\/comments?post=12293"}],"version-history":[{"count":5,"href":"https:\/\/www.emilysentourage.org\/tr\/wp-json\/wp\/v2\/posts\/12293\/revisions"}],"predecessor-version":[{"id":20562,"href":"https:\/\/www.emilysentourage.org\/tr\/wp-json\/wp\/v2\/posts\/12293\/revisions\/20562"}],"wp:featuredmedia":[{"embeddable":true,"href":"https:\/\/www.emilysentourage.org\/tr\/wp-json\/wp\/v2\/media\/12294"}],"wp:attachment":[{"href":"https:\/\/www.emilysentourage.org\/tr\/wp-json\/wp\/v2\/media?parent=12293"}],"wp:term":[{"taxonomy":"category","embeddable":true,"href":"https:\/\/www.emilysentourage.org\/tr\/wp-json\/wp\/v2\/categories?post=12293"},{"taxonomy":"post_tag","embeddable":true,"href":"https:\/\/www.emilysentourage.org\/tr\/wp-json\/wp\/v2\/tags?post=12293"}],"curies":[{"name":"wp","href":"https:\/\/api.w.org\/{rel}","templated":true}]}}