{"id":26154,"date":"2026-04-30T09:01:29","date_gmt":"2026-04-30T13:01:29","guid":{"rendered":"https:\/\/www.emilysentourage.org\/?p=26154"},"modified":"2026-04-30T15:55:50","modified_gmt":"2026-04-30T19:55:50","slug":"survival-is-never-a-solo-act","status":"publish","type":"post","link":"https:\/\/www.emilysentourage.org\/sv\/survival-is-never-a-solo-act\/","title":{"rendered":"\u00d6verlevnad \u00e4r aldrig en ensam sak"},"content":{"rendered":"<p style=\"text-align: center;\"><i><span style=\"font-weight: 400;\">Under den internationella cystisk fibros-m\u00e5naden (CF Awareness Month) bjuder Emily\u2019s Entourage in medlemmar av CF-gemenskapen att dela sina ber\u00e4ttelser. Dagens blogginl\u00e4gg lyfter fram Caleigh Haber Takayama, som delar med sig av en djupt personlig betraktelse om livet med CF \u2013 och det osynliga n\u00e4tverk av m\u00e4nniskor som b\u00e4r det vid hennes sida.<\/span><\/i><\/p>\n<p><span style=\"font-weight: 400;\">Folk s\u00e4ger att jag b\u00e4r min sjukdom v\u00e4l.<\/span><\/p>\n<p><span style=\"font-weight: 400;\"><img fetchpriority=\"high\" decoding=\"async\" class=\"alignright wp-image-26157\" src=\"https:\/\/www.emilysentourage.org\/wp-content\/uploads\/Caleigh_2_Original.JPG.jpg\" alt=\"\" width=\"465\" height=\"387\" \/>Det de inte ser \u00e4r de tusentals h\u00e4nder som har lyft mig till denna punkt \u2013 kliniska forskare som har studerat i \u00e5rtionden; forskarna som driver vetenskapen fram\u00e5t f\u00f6r patienter de kanske aldrig m\u00f6ter; organisationerna som bygger v\u00e4gar och v\u00e4grar att acceptera dagens gr\u00e4nser som morgondagens gr\u00e4nser.<\/span><\/p>\n<p><span style=\"font-weight: 400;\">Och sedan finns det h\u00e4nderna som \u00e4r mig n\u00e4rmast. De som har h\u00e5llit om mig, burit mig och v\u00e4grat att sl\u00e4ppa taget.<\/span><\/p>\n<p><span style=\"font-weight: 400;\">N\u00e4r folk h\u00f6r \u201cosynlig sjukdom\u201d tror de att det betyder att man inte kan se den p\u00e5 min kropp. Men osynligheten g\u00e5r djupare \u00e4n s\u00e5.<\/span><\/p>\n<blockquote><p><span style=\"font-weight: 400;\">Det som \u00e4r osynligt \u00e4r n\u00e4tverket av m\u00e4nniskor som b\u00e4r det med mig. Det som \u00e4r osynligt \u00e4r den vikt de b\u00e4r, de beslut de fattar, det trauma de f\u00f6r vidare, den styrka de bygger i stunder som ingen f\u00f6rbereder dig p\u00e5.<\/span><\/p><\/blockquote>\n<p><span style=\"font-weight: 400;\">Cystisk fibros (CF) kallas en genetisk lungsjukdom,\u0c2a\u0c4d\u0c2a\u0c1f\u0c3f\u0c15\u0c40 den beskrivningen har aldrig k\u00e4nts fullst\u00e4ndig f\u00f6r mig. Den \u00e4r ocks\u00e5 en ring p\u00e5 vattnet. Liksom en sten som sl\u00e4pps i stilla vatten stannar inte effekten vid mig. Den r\u00f6r sig ut\u00e5t och n\u00e5r varje person som v\u00e4ljer att kliva n\u00e4rmare, som l\u00e5ter sitt liv formas av mitt, som stannar kvar \u00e4ven n\u00e4r de f\u00f6rst\u00e5r vad det kan kr\u00e4va.<\/span><\/p>\n<p><span style=\"font-weight: 400;\">Min mor var den f\u00f6rsta personen som gjorde det valet.<\/span><\/p>\n<p><span style=\"font-weight: 400;\">N\u00e4r jag gick \u00f6ver till vuxenv\u00e5rden vid 18 \u00e5rs \u00e5lder f\u00f6r\u00e4ndrades allt. L\u00e4karna slutade titta p\u00e5 henne och b\u00f6rjade titta direkt p\u00e5 mig, och f\u00f6rv\u00e4ntade sig svar som jag \u00e4nnu inte visste hur jag skulle ge. Jag var pl\u00f6tsligt ansvarig f\u00f6r att f\u00f6rst\u00e5 mina mediciner, mitt normall\u00e4ge, min kropp och de beslut som skulle forma min framtid.<\/span><\/p>\n<p><span style=\"font-weight: 400;\">Samtidigt ombads personen som hade guidat mig genom allt att dra sig tillbaka.<\/span><\/p>\n<p><span style=\"font-weight: 400;\">Sanningen \u00e4r den att sj\u00e4lvst\u00e4ndighet vid CF s\u00e4llan \u00e4r linj\u00e4r.<\/span><\/p>\n<blockquote><p><span style=\"font-weight: 400;\">Ju sjukare jag blev, desto mer beh\u00f6vde jag m\u00e4nniskor igen.<\/span><\/p>\n<p><span style=\"font-weight: 400;\">N\u00e4r jag n\u00e5dde slutstadiet av lungsjukdom vid 21 \u00e5rs \u00e5lder blev min bror Michael min v\u00e5rdgivare n\u00e4stan \u00f6ver en natt. Sista g\u00e5ngen vi hade bott tillsammans, flera \u00e5r tidigare, var CF bara ett bakgrundslul. Det innebar intraven\u00f6sa antibiotika en eller tv\u00e5 g\u00e5nger om \u00e5ret, vattenkrigslekar med de tomma sprutorna. CF definierade inte varje \u00f6gonblick.\u00a0<\/span><\/p><\/blockquote>\n<p><span style=\"font-weight: 400;\">Men den h\u00e4r g\u00e5ngen handlade det om allt.<\/span><\/p>\n<p><span style=\"font-weight: 400;\"><img decoding=\"async\" class=\"alignleft wp-image-26160\" src=\"https:\/\/www.emilysentourage.org\/wp-content\/uploads\/20180604_185930-440x550.jpg\" alt=\"\" width=\"435\" height=\"543\" \/>Han l\u00e4rde sig i realtid vad det innebar att h\u00e5lla mig vid liv. Han blev n\u00e5got som inte g\u00e5r att beskriva med ett enda ord. V\u00e5rdare. Bror. Beskyddare. Beslutsfattare.<\/span><\/p>\n<p><span style=\"font-weight: 400;\">Det finns ett \u00f6gonblick som pr\u00e4glar den tiden.<\/span><\/p>\n<p><span style=\"font-weight: 400;\">N\u00e4r min kropp pl\u00f6tsligt b\u00f6rjade svikta var man tvungen att fatta beslut p\u00e5 n\u00e5gra sekunder. L\u00e4karna v\u00e4nde sig till honom och st\u00e4llde en fr\u00e5ga som inget syskon n\u00e5gonsin borde beh\u00f6va svara p\u00e5.<\/span><\/p>\n<p><i><span style=\"font-weight: 400;\">\u201cSka vi intubera?\u201d<\/span><\/i><\/p>\n<p><span style=\"font-weight: 400;\">Han hann inte ta in vad det innebar. Han hade varken tid att \u00f6verv\u00e4ga olika utfall eller n\u00e5gon s\u00e4kerhet om vad som skulle h\u00e4nda h\u00e4rn\u00e4st. Han hade inga garantier f\u00f6r att jag skulle \u00f6verleva. Inget l\u00f6fte om att jag skulle \u00e5terv\u00e4nda som den jag var. Mitt liv h\u00e4ngde i en tr\u00e5d.<\/span><\/p>\n<p><span style=\"font-weight: 400;\">I det \u00f6gonblicket valde han att k\u00e4mpa f\u00f6r mig. Och det valet \u00e4r en av anledningarna till att jag fortfarande \u00e4r h\u00e4r idag.<\/span><\/p>\n<p><span style=\"font-weight: 400;\">Inte l\u00e5ngt d\u00e4refter kom Bryan \u2013 som nu \u00e4r min man \u2013 in i mitt liv och valde att kliva in i det fullt ut.<\/span><\/p>\n<p><span style=\"font-weight: 400;\">Han kallar det k\u00e4rlek vid f\u00f6rsta \u00f6gonkastet.<\/span><\/p>\n<p><span style=\"font-weight: 400;\">Det jag s\u00e5g var en person som valde detta liv med full medvetenhet om vad det skulle kunna kr\u00e4va av honom.<\/span><\/p>\n<p><span style=\"font-weight: 400;\">Jag f\u00f6rsk\u00f6nade inte verkligheten kring cystisk fibros. Han gjorde sina egna efterforskningar och f\u00f6rs\u00f6kte f\u00f6rst\u00e5 sjukdomen p\u00e5 samma s\u00e4tt som vem som helst skulle ha gjort. Men jag minns att jag sa till honom:, <\/span><i><span style=\"font-weight: 400;\">kom tillbaka till mig med dina fr\u00e5gor<\/span><\/i><span style=\"font-weight: 400;\"> eftersom sjukdomen inte yttrar sig p\u00e5 samma s\u00e4tt hos alla.<\/span><\/p>\n<p><span style=\"font-weight: 400;\">Och det gjorde han.<\/span><\/p>\n<p><span style=\"font-weight: 400;\">Han lyssnade. Han l\u00e4rde sig. Han ville f\u00f6rst\u00e5 min upplevelse, inte bara det han kunde hitta p\u00e5 n\u00e4tet.<\/span><\/p>\n<blockquote><p><span style=\"font-weight: 400;\">Det finns en annan sorts s\u00e5rbarhet i att bli \u00e4lskad n\u00e4r ens liv \u00e4r os\u00e4kert, i att l\u00e5ta n\u00e5gon se hur den h\u00e4r sjukdomen egentligen ser ut \u2013 sjukhusvistelserna, f\u00f6rs\u00e4mringen, det ok\u00e4nda.<\/span><\/p><\/blockquote>\n<p><span style=\"font-weight: 400;\">Det fanns stunder d\u00e5 jag f\u00f6rs\u00f6kte st\u00f6ta bort honom.<\/span><\/p>\n<p><span style=\"font-weight: 400;\">Men han gick inte d\u00e4rifr\u00e5n.<\/span><\/p>\n<p><span style=\"font-weight: 400;\">Vid ett tillf\u00e4lle sa han till mig:, <\/span><i><span style=\"font-weight: 400;\">\u201cDet h\u00e4r \u00e4r mitt liv ocks\u00e5. Det \u00e4r mitt eget val.\u201d<\/span><\/i><\/p>\n<p><span style=\"font-weight: 400;\">Och han fortsatte att v\u00e4lja det. Varenda dag.<\/span><\/p>\n<p><span style=\"font-weight: 400;\"><img decoding=\"async\" class=\"alignright wp-image-26166 size-medium-portfolio\" src=\"https:\/\/www.emilysentourage.org\/wp-content\/uploads\/2018-11-262017.26.51_Original.JPG-650x530.jpg\" alt=\"\" width=\"650\" height=\"530\" \/>N\u00e4r jag drabbades av organavst\u00f6tning efter min andra dubbla lungtransplantation p\u00e5 grund av komplikationer i samband med min cystisk fibros i slutstadiet, blev han utan att tveka min v\u00e5rdare. Han tog hand om mig hemma. Han satt vid min sida under l\u00e5nga dagar och \u00e4nnu l\u00e4ngre n\u00e4tter. Vi h\u00f6ll fast vid sm\u00e5 glimtar av normalitet varhelst vi kunde hitta dem.<\/span><\/p>\n<p><span style=\"font-weight: 400;\">Och de \u00f6gonblicken betydde n\u00e5got.<\/span><\/p>\n<p><span style=\"font-weight: 400;\">Det spelade ingen roll hur stor eller liten aktiviteten var. Vi var helt enkelt d\u00e4r, tillsammans.<\/span><\/p>\n<p><span style=\"font-weight: 400;\">N\u00e4r jag ser tillbaka tror jag att vi levde f\u00f6r stunden. Men vi byggde ocks\u00e5 f\u00f6r framtiden.<\/span><\/p>\n<p><span style=\"font-weight: 400;\">Vi gjorde allt vi kunde f\u00f6r att skydda min h\u00e4lsa, f\u00f6r att skapa mer tid, mer m\u00f6jligheter, mer liv framf\u00f6r oss. Bryan hj\u00e4lpte mig att ta kontroll \u00f6ver min h\u00e4lsa p\u00e5 ett s\u00e4tt som jag inte visste var m\u00f6jligt. Han hj\u00e4lpte mig att kliva in i en ny niv\u00e5 av eget ansvar.<\/span><\/p>\n<p><span style=\"font-weight: 400;\">Han hj\u00e4lpte inte bara till att ta hand om mig; han hj\u00e4lpte mig att tro p\u00e5 vad jag fortfarande var kapabel till.<\/span><\/p>\n<blockquote><p><span style=\"font-weight: 400;\">Genom allt detta stod min mamma och min bror vid min sida. Vi blev en enhet \u2013 vi fyra. Vi var en konstellation som h\u00f6lls samman av n\u00f6dv\u00e4ndighet, k\u00e4rlek och den envisa v\u00e4gran att l\u00e5ta mig d\u00f6.<\/span><\/p><\/blockquote>\n<p><b>Det folk inte inser \u00e4r att \u00f6verlevnad aldrig \u00e4r en individuell bedrift. Bakom varje person som fortfarande \u00e4r kvar finns ett n\u00e4tverk av m\u00e4nniskor som b\u00e4r den b\u00f6rda man inte kan b\u00e4ra ensam.<\/b><\/p>\n<p><span style=\"font-weight: 400;\">Och det finns en skuld i att vara den som b\u00e4rs.<\/span><\/p>\n<p><span style=\"font-weight: 400;\">Du har inte bett om den h\u00e4r sjukdomen. Du har inte bett n\u00e5gon att st\u00e4lla om sina liv. Men det gjorde de \u00e4nd\u00e5. Och den k\u00e4rleken s\u00e4tter sp\u00e5r hos alla.<\/span><\/p>\n<p><span style=\"font-weight: 400;\">Men det h\u00e4r \u00e4r vad jag har l\u00e4rt mig.<\/span><\/p>\n<blockquote><p><span style=\"font-weight: 400;\">De m\u00e4nniskor som st\u00f6ttar dig g\u00f6r det inte f\u00f6r att de m\u00e5ste. De g\u00f6r det f\u00f6r att ditt liv betyder s\u00e5 mycket f\u00f6r dem att det f\u00e5r dem att omv\u00e4rdera vad de trodde sig vara kapabla till.<\/span><\/p><\/blockquote>\n<p><span style=\"font-weight: 400;\">Till alla familjer som just nu g\u00e5r igenom detta och tvingas fatta om\u00f6jliga beslut utan att ha sovit \u2013 jag ser er.<\/span><\/p>\n<p><span style=\"font-weight: 400;\">Till alla er patienter som i tysthet b\u00e4r p\u00e5 b\u00f6rdan av att veta vad er sjukdom kostar de m\u00e4nniskor ni \u00e4lskar \u2013 jag ser er ocks\u00e5.<\/span><\/p>\n<p><span style=\"font-weight: 400;\">Vi \u00e4r inga b\u00f6rdor. Vi \u00e4r anledningen till att extraordin\u00e4ra m\u00e4nniskor f\u00e5r visa v\u00e4rlden hur extraordin\u00e4r k\u00e4rlek ser ut.<\/span><\/p>\n<p><span style=\"font-weight: 400;\">Det \u00e4r den dolda verkligheten bakom CF.<\/span><\/p>\n<p><span style=\"font-weight: 400;\">Det \u00e4r inte bara en kropp som k\u00e4mpar mot en sjukdom, utan en familj som k\u00e4mpar tillsammans, som v\u00e4ljer varandra, varenda dag<\/span><\/p>\n<h3><span style=\"font-weight: 400;\">Om f\u00f6rfattaren:<\/span><\/h3>\n<p><span style=\"font-weight: 400;\"><img loading=\"lazy\" decoding=\"async\" class=\"alignleft wp-image-26168 size-thumbnail\" src=\"https:\/\/www.emilysentourage.org\/wp-content\/uploads\/aerosol203A_Original202.PNG-150x150.png\" alt=\"\" width=\"150\" height=\"150\" \/>Caleigh \u00e4r en ber\u00e4ttare, f\u00f6respr\u00e5kare och kreat\u00f6r som lever med cystisk fibros (CF) och har tillbringat \u00f6ver ett decennium med att anv\u00e4nda digitala plattformar f\u00f6r att dela med sig av sina erfarenheter \u2013 inklusive livet efter dubbla lungtransplantationer. Genom sitt arbete i sociala medier och gemenskapsbyggande skapar hon synlighet f\u00f6r CF-communityt samtidigt som hon bygger utrymmen f\u00f6r gemenskap, utbildning och p\u00e5verkan.<\/span><\/p>\n<p><span style=\"font-weight: 400;\">Caleigh bor f\u00f6r n\u00e4rvarande i Europa med sin man och deras tv\u00e5 hundar, d\u00e4r hon forts\u00e4tter att \u00e4gna sitt arbete \u00e5t att st\u00f6dja personer som lever med s\u00e4llsynta och kroniska tillst\u00e5nd.<\/span><\/p>\n<p><span style=\"font-weight: 400;\">Lyssna <\/span><i><span style=\"font-weight: 400;\">V\u00e5r kamp f\u00f6r att andas<\/span><\/i><span style=\"font-weight: 400;\">, en podcast som fokuserar p\u00e5 \u00e4rliga samtal om att leva med cystisk fibros, att v\u00e5rda en n\u00e4rst\u00e5ende med CF, och att bryta ner komplexa medicinska \u00e4mnen p\u00e5 ett mer m\u00e4nskligt s\u00e4tt <\/span><a href=\"https:\/\/www.fight2breathe.org\/podcast\"><span style=\"font-weight: 400;\">h\u00e4r<\/span><\/a><span style=\"font-weight: 400;\">.<\/span><\/p>\n<p><span style=\"font-weight: 400;\">L\u00e4s mer om hennes arbete genom att bes\u00f6ka hennes webbplats <\/span><a href=\"https:\/\/www.fight2breathe.org\/\"><span style=\"font-weight: 400;\">h\u00e4r<\/span><\/a><span style=\"font-weight: 400;\">.<\/span><\/p>","protected":false},"excerpt":{"rendered":"<p>Under CF Awareness Month (Cystisk fibros-medvetandem\u00e5naden) bjuder Emily\u2019s Entourage in medlemmar av CF-gemenskapen att dela sina ber\u00e4ttelser. Dagens blogginl\u00e4gg presenterar Caleigh Haber Takayama, som delar med sig av en djupt personlig betraktelse om livet med CF \u2013 och det osynliga n\u00e4tverk av m\u00e4nniskor som b\u00e4r det tillsammans med henne. M\u00e4nniskor s\u00e4ger att jag b\u00e4r min sjukdom v\u00e4l. Det de inte ser\u2026 <\/p>\n<div class=\"clear\"><\/div>\n<p><a href=\"https:\/\/www.emilysentourage.org\/sv\/survival-is-never-a-solo-act\/\" class=\"excerpt-read-more\">L\u00e4s mer om<\/a><\/p>","protected":false},"author":1719,"featured_media":26170,"comment_status":"open","ping_status":"closed","sticky":false,"template":"","format":"standard","meta":{"_acf_changed":false,"_seopress_titles_title":"Emily's Entourage > Survival is Never a Solo Act","_seopress_titles_desc":"%%post_excerpt%%","_seopress_robots_index":"","_seopress_robots_follow":"","_seopress_robots_imageindex":"","_seopress_robots_snippet":"","_seopress_robots_primary_cat":"none","_seopress_robots_breadcrumbs":"","_seopress_robots_freeze_modified_date":"","_seopress_robots_custom_modified_date":"","_seopress_robots_canonical":"","_seopress_social_fb_title":"","_seopress_social_fb_desc":"","_seopress_social_fb_img":"","_seopress_social_fb_img_attachment_id":0,"_seopress_social_fb_img_width":0,"_seopress_social_fb_img_height":0,"_seopress_social_twitter_title":"","_seopress_social_twitter_desc":"","_seopress_social_twitter_img":"","_seopress_social_twitter_img_attachment_id":0,"_seopress_social_twitter_img_width":0,"_seopress_social_twitter_img_height":0,"_seopress_redirections_value":"","_seopress_redirections_enabled":"","_seopress_redirections_enabled_regex":"","_seopress_redirections_logged_status":"both","_seopress_redirections_param":"","_seopress_redirections_type":301,"_seopress_analysis_target_kw":"","_seopress_news_disabled":"","_seopress_video_disabled":"","_seopress_video":[],"_seopress_pro_schemas_manual":[],"_seopress_pro_rich_snippets_disable_all":"","_seopress_pro_rich_snippets_disable":[],"_seopress_pro_schemas":[],"_monsterinsights_skip_tracking":false,"_jetpack_newsletter_access":"","_jetpack_dont_email_post_to_subs":false,"_jetpack_newsletter_tier_id":0,"_jetpack_memberships_contains_paywalled_content":false,"_jetpack_feature_clip_id":0,"_jetpack_memberships_contains_paid_content":false,"footnotes":"","jetpack_post_was_ever_published":false},"categories":[1],"tags":[52,209,214,213,137],"class_list":["post-26154","post","type-post","status-publish","format-standard","has-post-thumbnail","hentry","category-uncategorized","tag-cf-awareness","tag-cfa","tag-cfa-month","tag-cystic-fibrosis-awareness","tag-cystic-fibrosis-awareness-month"],"acf":[],"jetpack_sharing_enabled":true,"jetpack_featured_media_url":"https:\/\/www.emilysentourage.org\/wp-content\/uploads\/WordPress-Featured-Image-12.webp","post_mailing_queue_ids":[],"_links":{"self":[{"href":"https:\/\/www.emilysentourage.org\/sv\/wp-json\/wp\/v2\/posts\/26154","targetHints":{"allow":["GET"]}}],"collection":[{"href":"https:\/\/www.emilysentourage.org\/sv\/wp-json\/wp\/v2\/posts"}],"about":[{"href":"https:\/\/www.emilysentourage.org\/sv\/wp-json\/wp\/v2\/types\/post"}],"author":[{"embeddable":true,"href":"https:\/\/www.emilysentourage.org\/sv\/wp-json\/wp\/v2\/users\/1719"}],"replies":[{"embeddable":true,"href":"https:\/\/www.emilysentourage.org\/sv\/wp-json\/wp\/v2\/comments?post=26154"}],"version-history":[{"count":5,"href":"https:\/\/www.emilysentourage.org\/sv\/wp-json\/wp\/v2\/posts\/26154\/revisions"}],"predecessor-version":[{"id":26169,"href":"https:\/\/www.emilysentourage.org\/sv\/wp-json\/wp\/v2\/posts\/26154\/revisions\/26169"}],"wp:featuredmedia":[{"embeddable":true,"href":"https:\/\/www.emilysentourage.org\/sv\/wp-json\/wp\/v2\/media\/26170"}],"wp:attachment":[{"href":"https:\/\/www.emilysentourage.org\/sv\/wp-json\/wp\/v2\/media?parent=26154"}],"wp:term":[{"taxonomy":"category","embeddable":true,"href":"https:\/\/www.emilysentourage.org\/sv\/wp-json\/wp\/v2\/categories?post=26154"},{"taxonomy":"post_tag","embeddable":true,"href":"https:\/\/www.emilysentourage.org\/sv\/wp-json\/wp\/v2\/tags?post=26154"}],"curies":[{"name":"wp","href":"https:\/\/api.w.org\/{rel}","templated":true}]}}