{"id":25882,"date":"2025-11-13T09:00:38","date_gmt":"2025-11-13T13:00:38","guid":{"rendered":"https:\/\/www.emilysentourage.org\/?p=25882"},"modified":"2025-11-19T12:11:35","modified_gmt":"2025-11-19T16:11:35","slug":"bringing-the-mission-into-high-res-focus-a-night-of-clarity-and-progress-at-the-2025-emilys-entourage-gala","status":"publish","type":"post","link":"https:\/\/www.emilysentourage.org\/sv\/bringing-the-mission-into-high-res-focus-a-night-of-clarity-and-progress-at-the-2025-emilys-entourage-gala\/","title":{"rendered":"Uppdraget i h\u00f6guppl\u00f6st fokus: En kv\u00e4ll i klarhetens och framstegens tecken p\u00e5 Emilys Entourage-gala 2025"},"content":{"rendered":"<p><iframe title=\"YouTube-videospelare\" src=\"https:\/\/www.youtube.com\/embed\/E9hT5KplfuY?si=hJm1me7lm7GK7EtM\" width=\"560\" height=\"315\" frameborder=\"0\" allowfullscreen=\"allowfullscreen\"><\/iframe><br \/>\n<span style=\"font-weight: 400;\">\u00a0<\/span><\/p>\n<p><span style=\"font-weight: 400;\">L\u00f6rdagen den 11 oktober 2025 samlades anh\u00e4ngare till Emily's Entourage f\u00f6r 2025 Evening with Emily's Entourage Gala, \u201cHigh-Res\u201d, en kv\u00e4ll d\u00e4r hopp, klarhet och framsteg blev tydligt synliga. Kv\u00e4llen samlade b\u00e5de nya ansikten och l\u00e5ngvariga Entourage-medlemmar, alla f\u00f6renade i uppdraget att p\u00e5skynda genombrott f\u00f6r de sista 10% av cystisk fibros (CF)-samh\u00e4llet som fortfarande v\u00e4ntar p\u00e5 livr\u00e4ddande behandlingar.<\/span><\/p>\n<p><span style=\"font-weight: 400;\">Kv\u00e4llen inleddes med en exklusiv VIP-mottagning f\u00f6r galans sponsorer och EE:s ledning, d\u00e4r deltagarna avnj\u00f6t cocktails, hors d'oeuvres och livliga samtal. Mottagningen inneh\u00f6ll ett varmt v\u00e4lkomnande fr\u00e5n galans styrkommitt\u00e9medlem Ivy Solomon, f\u00f6ljt av korta kommentarer och en festlig champagnesk\u00e5l fr\u00e5n medgrundarna Emily Kramer-Golinkoff och Liza Kramer, vilket satte en livlig och hj\u00e4rtlig ton f\u00f6r kv\u00e4llen.\u00a0<\/span><\/p>\n<p><span style=\"font-weight: 400;\">Samtidigt anl\u00e4nde g\u00e4sterna till Mann och m\u00f6ttes av drinkar, snacks och hj\u00e4rtliga v\u00e4lkomnanden fr\u00e5n familjen Kramer-Golinkoff, som nj\u00f6t av kv\u00e4llen i s\u00e4kerhet i ett privat t\u00e4lt och skyddade EE:s medgrundare Emily Kramer-Golinkoff, som forts\u00e4tter att navigera genom utmaningarna med CF i framskridet stadium.<\/span><\/p>\n<p><span style=\"font-weight: 400;\">D\u00e4refter samlades alla g\u00e4ster i programt\u00e4ltet f\u00f6r start av kv\u00e4llens efterl\u00e4ngtade program. N\u00e4r programmet b\u00f6rjade var st\u00e4mningen fylld av sp\u00e4nning och f\u00f6rv\u00e4ntan. Emilys syster Julia Kramer-Golinkoff h\u00e4lsade g\u00e4sterna v\u00e4lkomna och sa: \u201cDet \u00e4r s\u00e5 r\u00f6rande att se ut \u00f6ver den h\u00e4r publiken och se s\u00e5 m\u00e5nga ansikten som betyder s\u00e5 mycket f\u00f6r oss. Tack till alla i det h\u00e4r rummet - b\u00e5de OG Entourage och nyb\u00f6rjarna - vi \u00e4r f\u00f6r evigt tacksamma \u00f6ver att ha er i EE:s h\u00f6rn.\u201d Hennes ord angav tonen f\u00f6r en kv\u00e4ll som pr\u00e4glades av kontakter, inspiration och den enande kraften i ett gemensamt och angel\u00e4get uppdrag.<\/span><\/p>\n<p><img fetchpriority=\"high\" decoding=\"async\" class=\"aligncenter wp-image-25885 size-large\" src=\"https:\/\/www.emilysentourage.org\/wp-content\/uploads\/EE-highlights-20-1024x683.jpg\" alt=\"\" width=\"960\" height=\"640\" srcset=\"https:\/\/www.emilysentourage.org\/wp-content\/uploads\/EE-highlights-20-1024x683.jpg 1024w, https:\/\/www.emilysentourage.org\/wp-content\/uploads\/EE-highlights-20-300x200.jpg 300w, https:\/\/www.emilysentourage.org\/wp-content\/uploads\/EE-highlights-20-768x512.jpg 768w, https:\/\/www.emilysentourage.org\/wp-content\/uploads\/EE-highlights-20-1536x1024.jpg 1536w, https:\/\/www.emilysentourage.org\/wp-content\/uploads\/EE-highlights-20-18x12.jpg 18w, https:\/\/www.emilysentourage.org\/wp-content\/uploads\/EE-highlights-20-600x400.jpg 600w, https:\/\/www.emilysentourage.org\/wp-content\/uploads\/EE-highlights-20.jpg 1600w\" sizes=\"(max-width: 960px) 100vw, 960px\" \/><\/p>\n<p><span style=\"font-weight: 400;\">Den k\u00e4nda komikern, programledaren, sk\u00e5despelaren och Philly-bon Anna Roisman intog sedan scenen som officiell konferencier och guidade publiken genom EE:s resa fr\u00e5n en liten ideell organisation som f\u00f6ddes p\u00e5 Kramer-Golinkoffs vardagsrumsgolv till en m\u00e5ngmiljondollarmotor f\u00f6r innovation och hopp. Hon reflekterade: \u2019Precis som en bild blir synlig pixel f\u00f6r pixel, b\u00f6rjade EE i liten skala... och har nu blivit en m\u00e5ngmiljonmotor f\u00f6r innovation och hopp.\u201c<\/span><\/p>\n<p><span style=\"font-weight: 400;\">Anna drog en tydlig kontrast mellan sin egen v\u00e4g och Emilys liv med CF och noterade att de p\u00e5 s\u00e4tt och vis v\u00e4xte upp parallellt i Main Line. Men trots likheterna betonade hon: \u201cMedan jag har varit ute i LA och New York och jagat mina dr\u00f6mmar och byggt upp min karri\u00e4r, har Emily varit h\u00e4r i v\u00e5r hemstad och k\u00e4mpat f\u00f6r sitt liv och livet f\u00f6r s\u00e5 m\u00e5nga andra som hon.\u201d<\/span><\/p>\n<blockquote><p><span style=\"font-weight: 400;\">\u201cDet \u00e4r inte r\u00e4ttvist. Emily f\u00f6rtj\u00e4nar b\u00e4ttre. Alla i finalen 10% f\u00f6rtj\u00e4nar b\u00e4ttre.\u201d\u00a0<\/span><\/p><\/blockquote>\n<p><span style=\"font-weight: 400;\">Hon p\u00e5minde deltagarna om att Emilys dagliga liv kr\u00e4ver intensiva andningsbehandlingar, en strikt medicinering och noggrann hantering av CF-relaterad diabetes - en obeveklig kamp som f\u00f6rs med elegans och enveten uth\u00e5llighet.<\/span><\/p>\n<p><span style=\"font-weight: 400;\">2025 Gala Honoree John Scaglione tog sedan plats p\u00e5 scenen f\u00f6r att dela med sig av den personliga inspirationen bakom hans familjs engagemang i CF-samfundet. Han talade om sin mor, Dr. Carolyn Denning, MD, en pionj\u00e4r inom diagnostisering och behandling av personer med CF, och den l\u00e4kare som f\u00f6rst diagnostiserade Emily med CF 1985. Han sa: \u201cJag \u00e4r h\u00e4r i kv\u00e4ll f\u00f6r att hedra minnet av min mor, Dr Carolyn Denning, MD. Hon v\u00e4xte upp p\u00e5 landsbygden i v\u00e4stra Kentucky och var en banbrytare som str\u00e4vade efter att uppn\u00e5 sina personliga ideal och professionella m\u00e5l.\u201d\u00a0<\/span><\/p>\n<blockquote><p><span style=\"font-weight: 400;\">\u00a0\u201cVi m\u00e5ste helt enkelt forts\u00e4tta att fokusera p\u00e5 de 10% CF-patienter som inte har nytta av de nuvarande mutationsinriktade modulatorbehandlingarna. Vi f\u00e5r inte l\u00e4mna n\u00e5gon i sticket i v\u00e5r jakt p\u00e5 svar och ett genombrott f\u00f6r dem som fortfarande k\u00e4mpar med denna f\u00f6r\u00f6dande sjukdom. Min mamma skulle fira de framsteg som gjorts inom CF-v\u00e5rden, men hennes fokus skulle alltid ligga p\u00e5 att samla in pengar f\u00f6r att finansiera forskning tills varje patient kan s\u00e4ga\u2018<\/span><b>Jag hade tidigare CF<\/b><span style=\"font-weight: 400;\">.\u2019\u201d<\/span><\/p><\/blockquote>\n<p><span style=\"font-weight: 400;\">Johns anf\u00f6rande f\u00f6ljdes av en av kv\u00e4llens h\u00f6jdpunkter - premi\u00e4ren av 2025 \u00e5rs Emily's Entourage-video, <\/span><i><span style=\"font-weight: 400;\">K\u00e4ra yngre jag. <\/span><\/i><span style=\"font-weight: 400;\">Filmen ber\u00e4ttas genom \u00f6gonen p\u00e5 en mamma och tre personer i den sista 10% av CF-gemenskapen och \u00e4r en kraftfull reflektion \u00f6ver barndomsdr\u00f6mmar och den h\u00e5rda verkligheten att leva med CF, en obeveklig, d\u00f6dlig och progressiv sjukdom som ber\u00f6var dig andetag, dina dr\u00f6mmar och din framtid.<\/span><\/p>\n<p><span style=\"font-weight: 400;\"><img decoding=\"async\" class=\"aligncenter wp-image-25887 size-large\" src=\"https:\/\/www.emilysentourage.org\/wp-content\/uploads\/EE-highlights-17-1024x683.jpg\" alt=\"\" width=\"960\" height=\"640\" srcset=\"https:\/\/www.emilysentourage.org\/wp-content\/uploads\/EE-highlights-17-1024x683.jpg 1024w, https:\/\/www.emilysentourage.org\/wp-content\/uploads\/EE-highlights-17-300x200.jpg 300w, https:\/\/www.emilysentourage.org\/wp-content\/uploads\/EE-highlights-17-768x512.jpg 768w, https:\/\/www.emilysentourage.org\/wp-content\/uploads\/EE-highlights-17-1536x1024.jpg 1536w, https:\/\/www.emilysentourage.org\/wp-content\/uploads\/EE-highlights-17-18x12.jpg 18w, https:\/\/www.emilysentourage.org\/wp-content\/uploads\/EE-highlights-17-600x400.jpg 600w, https:\/\/www.emilysentourage.org\/wp-content\/uploads\/EE-highlights-17.jpg 1600w\" sizes=\"(max-width: 960px) 100vw, 960px\" \/><\/span><\/p>\n<p><span style=\"font-weight: 400;\">Sedan inledde Emily sitt tal via livestream fr\u00e5n s\u00e4kerheten i Kramer-Golinkoff-familjens t\u00e4lt, som var placerat bara n\u00e5gra meter fr\u00e5n g\u00e4stomr\u00e5dena. Hon ber\u00e4ttade om den skakande upplevelsen av en sjukhusvistelse nyligen - den l\u00e5ngsamma, krypande f\u00f6rs\u00e4mringen av hennes h\u00e4lsa, den pl\u00f6tsliga insikten om att hennes lungor inte \u00e5terh\u00e4mtade sig som de hade gjort tidigare och den tunga b\u00f6rdan av att konfronteras med ett nytt stadium i hennes CF-utveckling.\u00a0<\/span><\/p>\n<p><span style=\"font-weight: 400;\">Hennes ord f\u00f6rde publiken in i det intima, sm\u00e4rtsamma \u00f6gonblicket:\u00a0<\/span><\/p>\n<blockquote><p><span style=\"font-weight: 400;\">\u00a0\u201cDet var som om mina h\u00e4nder och ben var bundna n\u00e4r jag st\u00f6rtade ner, kraftl\u00f6s och f\u00f6rlamad. I det \u00f6gonblicket f\u00f6rlorade jag n\u00e5got som var st\u00f6rre \u00e4n hoppet. Jag f\u00f6rlorade tron p\u00e5 att jag kunde g\u00f6ra vad som helst f\u00f6r att f\u00f6r\u00e4ndra min situation.\u201d\u00a0<\/span><\/p><\/blockquote>\n<p><span style=\"font-weight: 400;\">Men \u00e4ven i denna r\u00e5a s\u00e5rbarhet lyste Emilys motst\u00e5ndskraft igenom. Hon ber\u00e4ttade om en uppenbarelse som kom under dessa m\u00f6rka dagar.\u00a0<\/span><\/p>\n<p><span style=\"font-weight: 400;\">\u201cDet jag ins\u00e5g i det \u00f6gonblicket var att det faktum att jag inte hade full kontroll inte betydde att jag inte hade kontroll \u00f6ver mitt \u00f6de.\u201d\u00a0<\/span><\/p>\n<p><span style=\"font-weight: 400;\">Hon fortsatte med att f\u00f6rklara: \u201cMitt outtr\u00f6ttliga arbete f\u00f6r att bek\u00e4mpa utvecklingen av min CF var inte f\u00f6rg\u00e4ves. Men i st\u00e4llet f\u00f6r att f\u00f6rs\u00f6ka \u201c\u00f6nska\u201d mig ett resultat kunde jag l\u00e4gga min energi p\u00e5 att fokusera p\u00e5 de faktorer som jag kunde kontrollera och h\u00e5lla fast vid tron p\u00e5 att det h\u00e5rda arbetet i slut\u00e4ndan skulle skapa fler chanser f\u00f6r turen att visa sig.\u201d\u00a0<\/span><\/p>\n<p><span style=\"font-weight: 400;\">Rummet var tyst av v\u00f6rdnad n\u00e4r hon fortsatte med att lyfta fram EE:s framsteg inom forskning och klinisk utveckling under det g\u00e5ngna \u00e5ret och p\u00e5minde alla om att genom engagemang, uth\u00e5llighet och gemensamma anstr\u00e4ngningar kan samh\u00e4llet generera \u201cinput\u201d f\u00f6r att ut\u00f6ka vad som \u00e4r m\u00f6jligt och hj\u00e4lpa till att forma \u00f6det f\u00f6r den slutliga 10%.\u00a0<\/span><\/p>\n<p><span style=\"font-weight: 400;\">\u201cGenom detta tillv\u00e4gag\u00e5ngss\u00e4tt f\u00f6rvandlar vi tur fr\u00e5n n\u00e5got externt att \u201choppas p\u00e5\u201d till n\u00e5got som vi faktiskt skapar genom l\u00e5ngvariga, strategiska insatser.\u201d<\/span><\/p>\n<p><span style=\"font-weight: 400;\">N\u00e4r kv\u00e4llen n\u00e5dde sitt crescendo blev det en tyst f\u00f6rv\u00e4ntan i rummet n\u00e4r Mark Fishman, medlem i EE:s Leadership Team, intog scenen f\u00f6r att leda den direkts\u00e4nda nedr\u00e4kningen av insamlingen.\u00a0<\/span><\/p>\n<p><span style=\"font-weight: 400;\">\u201cNi, Entourage, \u00e4r anledningen till att organisationen befinner sig i den h\u00e4r positionen och g\u00f6r en verklig skillnad f\u00f6r verkliga patienter och det bredare vetenskapliga samfundet. Vi \u00e4r evigt tacksamma f\u00f6r allt ni har gjort f\u00f6r att hj\u00e4lpa oss att komma hit. Nu har vi chansen att ge liv \u00e5t den h\u00e4r bilden.\u201d\u00a0<\/span><\/p>\n<blockquote><p><img decoding=\"async\" class=\"aligncenter wp-image-25886 size-large\" src=\"https:\/\/www.emilysentourage.org\/wp-content\/uploads\/EE-highlights-24-1024x683.jpg\" alt=\"\" width=\"960\" height=\"640\" srcset=\"https:\/\/www.emilysentourage.org\/wp-content\/uploads\/EE-highlights-24-1024x683.jpg 1024w, https:\/\/www.emilysentourage.org\/wp-content\/uploads\/EE-highlights-24-300x200.jpg 300w, https:\/\/www.emilysentourage.org\/wp-content\/uploads\/EE-highlights-24-768x512.jpg 768w, https:\/\/www.emilysentourage.org\/wp-content\/uploads\/EE-highlights-24-1536x1024.jpg 1536w, https:\/\/www.emilysentourage.org\/wp-content\/uploads\/EE-highlights-24-18x12.jpg 18w, https:\/\/www.emilysentourage.org\/wp-content\/uploads\/EE-highlights-24-600x400.jpg 600w, https:\/\/www.emilysentourage.org\/wp-content\/uploads\/EE-highlights-24.jpg 1600w\" sizes=\"(max-width: 960px) 100vw, 960px\" \/><\/p><\/blockquote>\n<p><span style=\"font-weight: 400;\">Med varje tick p\u00e5 timern rusade hj\u00e4rtan och \u00f6gonen var fastklistrade vid scenen n\u00e4r donationerna str\u00f6mmade in. En efter en blinkade g\u00e5vorna \u00f6ver sk\u00e4rmen, var och en en en p\u00e5taglig knuff mot hopp och framsteg. Sp\u00e4nningen steg n\u00e4r en f\u00f6rsta matchande g\u00e5va tillk\u00e4nnagavs, och i realtid klev en annan gener\u00f6s givare in f\u00f6r att matcha allt - vilket f\u00f6rdubblade effekten p\u00e5 ett \u00f6gonblick. Och sedan - kv\u00e4llens m\u00e5l var inte bara uppfyllt, det var krossat. Publikens vr\u00e5l speglade den kollektiva energin, ett \u00f6gonblick av ren upprymdhet och delad triumf som fick varje g\u00e4st att k\u00e4nna sig som en del av n\u00e5got omv\u00e4lvande.<\/span><\/p>\n<p><span style=\"font-weight: 400;\">P\u00e5 v\u00e5gen fr\u00e5n nedr\u00e4kningen fl\u00f6t kv\u00e4llen in i den h\u00f6genergiska mottagningen. G\u00e4sterna utforskade olika matstationer med sm\u00e5 r\u00e4tter som visade upp en m\u00e4ngd olika uts\u00f6kta k\u00f6k, kompletterade med signaturcocktails och drinkar. Skratt och samtal blandades med musiken fr\u00e5n The Philly Keys duellpianon, vars tips fr\u00e5n l\u00e5t\u00f6nskem\u00e5l gener\u00f6st donerades tillbaka till EE, vilket gav br\u00e4nsle till livr\u00e4ddande forskning och h\u00f6ll kv\u00e4llens energi vid liv.<\/span><\/p>\n<p><span style=\"font-weight: 400;\">Dagarna efter galan r\u00e4knades den totala summan ihop och visade p\u00e5 rekordh\u00f6ga $1,6 miljoner och mer d\u00e4rtill - ett anm\u00e4rkningsv\u00e4rt bevis p\u00e5 Entourages orubbliga generositet, fokus och engagemang f\u00f6r att driva fram genombrott f\u00f6r de sista 10% i CF-samh\u00e4llet.<\/span><\/p>\n<p><span style=\"font-weight: 400;\">2025 Evening with Emily's Entourage Gala var en kv\u00e4ll d\u00e4r syftet hamnade i skarpt fokus. Fr\u00e5n den f\u00f6rsta h\u00e4lsningen till den sista appl\u00e5den pulserade varje \u00f6gonblick med CF-samfundets hj\u00e4rtslag - motst\u00e5ndskraftigt, beslutsamt och orubbligt. G\u00e4sterna bevittnade p\u00e5 n\u00e4ra h\u00e5ll vad som h\u00e4nder n\u00e4r en gemenskap v\u00e4grar att acceptera \u201ctillr\u00e4ckligt bra\u201d och kanaliserar sin energi till handling. I slutet av kv\u00e4llen bar alla i rummet med sig en f\u00f6rnyad k\u00e4nsla av m\u00f6jligheter, inspirerade att omvandla engagemang till snabba genombrott f\u00f6r de sista 10% av individer med CF.<\/span><\/p>\n<p><span style=\"font-weight: 400;\">Vi \u00e4r djupt tacksamma mot alla som gjorde denna extraordin\u00e4ra kv\u00e4ll m\u00f6jlig. Tillsammans g\u00f6r ni uppdraget till High-Res, f\u00f6rvandlar hopp till verklig, p\u00e5taglig f\u00f6r\u00e4ndring - och bevisar att n\u00e4r ett samh\u00e4lle f\u00f6renas kan \u00e4ven de mest skr\u00e4mmande utmaningar uppn\u00e5s.<\/span><\/p>\n<p><span style=\"font-weight: 400;\">\u00c5terupplev den <\/span><a href=\"https:\/\/youtu.be\/E9hT5KplfuY\"><b>inspelning av livestream h\u00e4r.<\/b><\/a><\/p>","protected":false},"excerpt":{"rendered":"<p>\u00a0 L\u00f6rdagen den 11 oktober 2025 samlades anh\u00e4ngare av Emily's Entourage f\u00f6r 2025 Evening with Emily's Entourage Gala, \u201cHigh-Res\u201d, en kv\u00e4ll d\u00e4r hopp, klarhet och framsteg kom i blixtbelysning. Kv\u00e4llen samlade b\u00e5de nya ansikten och l\u00e5ngvariga Entourage-medlemmar, alla f\u00f6renade i uppdraget att p\u00e5skynda genombrott f\u00f6r de sista 10% av... <\/p>\n<div class=\"clear\"><\/div>\n<p><a href=\"https:\/\/www.emilysentourage.org\/sv\/bringing-the-mission-into-high-res-focus-a-night-of-clarity-and-progress-at-the-2025-emilys-entourage-gala\/\" class=\"excerpt-read-more\">L\u00e4s mer om<\/a><\/p>","protected":false},"author":1719,"featured_media":25894,"comment_status":"open","ping_status":"closed","sticky":false,"template":"","format":"standard","meta":{"_acf_changed":false,"_seopress_robots_primary_cat":"none","_seopress_titles_title":"","_seopress_titles_desc":"","_seopress_robots_index":"","_monsterinsights_skip_tracking":false,"_monsterinsights_sitenote_active":false,"_monsterinsights_sitenote_note":"","_monsterinsights_sitenote_category":0,"_jetpack_memberships_contains_paid_content":false,"footnotes":""},"categories":[1],"tags":[249,197,208,247,233,248],"class_list":["post-25882","post","type-post","status-publish","format-standard","has-post-thumbnail","hentry","category-uncategorized","tag-cf-progress","tag-cf-research","tag-cystic-fibrosis-research","tag-ee-2025-gala","tag-ee-gala","tag-high-res-gala"],"acf":[],"jetpack_featured_media_url":"https:\/\/www.emilysentourage.org\/wp-content\/uploads\/WordPress-Featured-Image-5.png","jetpack_sharing_enabled":true,"post_mailing_queue_ids":[],"_links":{"self":[{"href":"https:\/\/www.emilysentourage.org\/sv\/wp-json\/wp\/v2\/posts\/25882","targetHints":{"allow":["GET"]}}],"collection":[{"href":"https:\/\/www.emilysentourage.org\/sv\/wp-json\/wp\/v2\/posts"}],"about":[{"href":"https:\/\/www.emilysentourage.org\/sv\/wp-json\/wp\/v2\/types\/post"}],"author":[{"embeddable":true,"href":"https:\/\/www.emilysentourage.org\/sv\/wp-json\/wp\/v2\/users\/1719"}],"replies":[{"embeddable":true,"href":"https:\/\/www.emilysentourage.org\/sv\/wp-json\/wp\/v2\/comments?post=25882"}],"version-history":[{"count":5,"href":"https:\/\/www.emilysentourage.org\/sv\/wp-json\/wp\/v2\/posts\/25882\/revisions"}],"predecessor-version":[{"id":25892,"href":"https:\/\/www.emilysentourage.org\/sv\/wp-json\/wp\/v2\/posts\/25882\/revisions\/25892"}],"wp:featuredmedia":[{"embeddable":true,"href":"https:\/\/www.emilysentourage.org\/sv\/wp-json\/wp\/v2\/media\/25894"}],"wp:attachment":[{"href":"https:\/\/www.emilysentourage.org\/sv\/wp-json\/wp\/v2\/media?parent=25882"}],"wp:term":[{"taxonomy":"category","embeddable":true,"href":"https:\/\/www.emilysentourage.org\/sv\/wp-json\/wp\/v2\/categories?post=25882"},{"taxonomy":"post_tag","embeddable":true,"href":"https:\/\/www.emilysentourage.org\/sv\/wp-json\/wp\/v2\/tags?post=25882"}],"curies":[{"name":"wp","href":"https:\/\/api.w.org\/{rel}","templated":true}]}}