{"id":20941,"date":"2024-04-23T16:32:22","date_gmt":"2024-04-23T20:32:22","guid":{"rendered":"https:\/\/www.emilysentourage.org\/?p=20941"},"modified":"2024-05-08T16:24:13","modified_gmt":"2024-05-08T20:24:13","slug":"the-future-we-all-deserve","status":"publish","type":"post","link":"https:\/\/www.emilysentourage.org\/sv\/the-future-we-all-deserve\/","title":{"rendered":"Den framtid vi alla f\u00f6rtj\u00e4nar"},"content":{"rendered":"<p style=\"text-align: justify;\"><i>Under CF Awareness Month bjuder Emily's Entourage in medlemmar i cystisk fibros (CF)-samh\u00e4llet att dela med sig av sina ber\u00e4ttelser. Dagens blogginl\u00e4gg lyfter fram Tr\u00e9 LaRosa, en vuxen person med CF.\u00a0<\/i><\/p>\n<p><span style=\"font-weight: 400;\">Min inst\u00e4llning till patientarbete har f\u00f6r\u00e4ndrats genom \u00e5ren. N\u00e4r jag var liten var \"patientf\u00f6retr\u00e4darskap\" n\u00e5got som skedde p\u00e5 kliniken och i skolan, d\u00e4r jag f\u00f6respr\u00e5kade vad jag beh\u00f6vde som en person med en kronisk sjukdom. Under de senaste \u00e5ren har detta f\u00f6r\u00e4ndrats till mer formellt p\u00e5verkansarbete, bland annat i mina roller i Adult Advisory Council (AAC) och Therapeutic Development Network (TDN) Clinical Research Executive Committee (CREC). Jag talar ocks\u00e5 p\u00e5 familjeutbildningsdagar p\u00e5 center f\u00f6r cystisk fibros (CF) d\u00e4r jag f\u00f6rs\u00f6ker klarg\u00f6ra att f\u00f6r\u00e4ldrar, v\u00e5rdgivare och sjukv\u00e5rdspersonal har ett ansvar att behandla personer med CF, oavsett \u00e5lder, med respekt, v\u00e4rdighet och intellektuell integritet.<\/span><span style=\"font-weight: 400;\">\u00a0<\/span><\/p>\n<p><span style=\"font-weight: 400;\">Jag s\u00e4ger detta eftersom jag \u00e4r \u00f6vertygad om att vi redan fr\u00e5n mycket unga \u00e5r tar till oss mer information fr\u00e5n v\u00e5r omv\u00e4rld \u00e4n vi kan uttrycka. Med andra ord f\u00f6rst\u00e5r barn med cystisk fibros att deras liv \u00e4r annorlunda innan de ens har l\u00e4rt sig orden \"cystisk fibros\". Detta \"annorlunda\" liv \u00e4r ett liv d\u00e4r h\u00e4lsa - och ibland sjukdom - st\u00e5r i centrum, en erfarenhet som inte n\u00f6dv\u00e4ndigtvis \u00e4r normen f\u00f6r alla barn eller vuxna. Detta liv l\u00e4r oss, mot v\u00e5r vilja, n\u00e5gra mycket grundl\u00e4ggande, h\u00e5rda sanningar om vad det inneb\u00e4r att vara m\u00e4nniska. Vi l\u00e4r oss att livet inte \u00e4r riktigt r\u00e4ttvist, eller \u00e5tminstone att livet \u00e4r olika f\u00f6r oss alla. Vi l\u00e4r oss att vi kommer att beh\u00f6va vara modiga och att motst\u00e5ndskraft \u00e4r djupt rotat i oss. Vi l\u00e4r oss allt detta innan vi ens inser att vi l\u00e4r oss n\u00e5got alls. <\/span><\/p>\n<p><img fetchpriority=\"high\" decoding=\"async\" class=\"aligncenter wp-image-20944\" src=\"https:\/\/www.emilysentourage.org\/wp-content\/uploads\/treblogpic1-1024x768.jpeg\" alt=\"\" width=\"1365\" height=\"1024\" srcset=\"https:\/\/www.emilysentourage.org\/wp-content\/uploads\/treblogpic1-1024x768.jpeg 1024w, https:\/\/www.emilysentourage.org\/wp-content\/uploads\/treblogpic1-300x225.jpeg 300w, https:\/\/www.emilysentourage.org\/wp-content\/uploads\/treblogpic1-768x576.jpeg 768w, https:\/\/www.emilysentourage.org\/wp-content\/uploads\/treblogpic1-1536x1152.jpeg 1536w, https:\/\/www.emilysentourage.org\/wp-content\/uploads\/treblogpic1-16x12.jpeg 16w, https:\/\/www.emilysentourage.org\/wp-content\/uploads\/treblogpic1-400x300.jpeg 400w, https:\/\/www.emilysentourage.org\/wp-content\/uploads\/treblogpic1-600x450.jpeg 600w, https:\/\/www.emilysentourage.org\/wp-content\/uploads\/treblogpic1.jpeg 2048w\" sizes=\"(max-width: 1365px) 100vw, 1365px\" \/><\/p>\n<p style=\"text-align: justify;\"><span style=\"font-weight: 400;\">N\u00e4r jag t\u00e4nker p\u00e5 mitt liv ser jag det lite som den filt som min mormor stickade \u00e5t mig: enskilda tr\u00e5dar som v\u00e4vdes samman till en duk, CF en av dessa tr\u00e5dar som v\u00e4vdes genom resten av mitt liv. Min situation \u00e4r inte unik; CF \u00e4r en genetisk sjukdom som kan g\u00e5 i arv fr\u00e5n generation till generation och fr\u00e5n familj till familj. I mitt fall b\u00f6rjade historien om familjen LaRosa och CF innan min syster och jag ens var f\u00f6dda, ett \u00f6de som tilldelades oss p\u00e5 grund av slumpen i det naturliga urvalet, genetiken och det recessiva arvet. Min pappa f\u00f6rlorade sin syster i CF 1978 n\u00e4r han var 18 \u00e5r gammal. Hon var bara 12 \u00e5r. Det var ett grymt \u00f6de - ett \u00f6de som ingen 12-\u00e5ring f\u00f6rtj\u00e4nar. Ingen kunde ha f\u00f6rv\u00e4ntat sig att hans son 40 \u00e5r senare ocks\u00e5 en dag skulle dela den hj\u00e4rtsk\u00e4rande upplevelsen av att f\u00f6rlora sin syster. Min farfar f\u00f6rlorade sin dotter; min pappa f\u00f6rlorade sin syster och sin dotter; nu har jag, den tredje i \u00e4tten, ocks\u00e5 f\u00f6rlorat min syster. <\/span><\/p>\n<p style=\"text-align: justify;\"><span style=\"font-weight: 400;\">Min syster dog n\u00e4r hon var 29 \u00e5r gammal, sex m\u00e5nader f\u00f6re sin 30-\u00e5rsdag. Hon ville gifta sig och skaffa barn. Det fick hon inte uppleva. Hon fick tv\u00e5 bilaterala lungtransplantationer, och<\/span><span style=\"font-weight: 400;\"> utvecklat bronkiolit obliterans syndrom -<\/span><span style=\"font-weight: 400;\"> typiskt k\u00e4nd som \"kronisk avst\u00f6tning\"<\/span><span style=\"font-weight: 400;\"> - b\u00e5da g\u00e5ngerna<\/span><span style=\"font-weight: 400;\"> B\u00e5da g\u00e5ngerna, den andra g\u00e5ngen f\u00f6rpassades hon till sitt \u00f6de. Sammanlagt genomgick hon dussintals operationer, tillbringade en tredjedel av sitt liv i sjukhusrum och p\u00e5 l\u00e4karmottagningar och s\u00e5g stabilitet endast under korta stunder. <\/span><\/p>\n<blockquote><p>\u00c4nd\u00e5 tog hon sig an varje utmaning med motst\u00e5ndskraft och mod, egenskaper som inte existerar i avsaknad av r\u00e4dsla, utan <b>trots<\/b><span style=\"font-weight: 400;\"> dess n\u00e4rvaro.<\/span><\/p><\/blockquote>\n<p><img decoding=\"async\" class=\"aligncenter wp-image-20996\" src=\"https:\/\/www.emilysentourage.org\/wp-content\/uploads\/treblogpic3-2-719x482.jpeg\" alt=\"\" width=\"1365\" height=\"1076\" srcset=\"https:\/\/www.emilysentourage.org\/wp-content\/uploads\/treblogpic3-2-300x237.jpeg 300w, https:\/\/www.emilysentourage.org\/wp-content\/uploads\/treblogpic3-2-15x12.jpeg 15w, https:\/\/www.emilysentourage.org\/wp-content\/uploads\/treblogpic3-2-600x473.jpeg 600w, https:\/\/www.emilysentourage.org\/wp-content\/uploads\/treblogpic3-2.jpeg 719w\" sizes=\"(max-width: 1365px) 100vw, 1365px\" \/><\/p>\n<p><span style=\"font-weight: 400;\">Ett och ett halvt \u00e5r efter hennes d\u00f6d godk\u00e4ndes en CFTR-modulatorbehandling f\u00f6r dem som delar den vanligaste genetiska CF-mutationen. Hon skulle inte ha varit ber\u00e4ttigad, eller \u00e5tminstone inte ha kunnat dra lika stor nytta av den, eftersom hon redan hade f\u00e5tt en lungtransplantation.<\/span><\/p>\n<blockquote><p>Jag b\u00f6rjade ta medicinen och inom ett \u00e5r upplevde jag det som m\u00e5nga av oss har haft den stora lyckan att f\u00e5 uppleva, en v\u00e4ndning som har gett mig en stabilitet som jag aldrig ens hade kunnat dr\u00f6mma om tidigare.<\/p><\/blockquote>\n<p><span style=\"font-weight: 400;\">Denna stabilitet har best\u00e5tt. Jag k\u00e4nner mig lyckligt lottad och tacksam, men jag k\u00e4nner mig ocks\u00e5 ledsen. Jag \u00e4r ledsen \u00f6ver att min syster aldrig fick chansen att uppleva det h\u00e4r livet. Jag undrar hur hennes liv skulle ha sett ut, jag s\u00f6rjer den framtid hon f\u00f6rtj\u00e4nade, den fantastiska mamma hon skulle ha varit, och den karri\u00e4r och det liv hon skulle ha kunnat ha om det inte hade stulits av denna f\u00f6r\u00f6dande sjukdom. <\/span><\/p>\n<p><span style=\"font-weight: 400;\">Det h\u00e4r \u00e4r ber\u00e4ttelsen om cystisk fibros, en genetisk sjukdom, en oreflekterad, slumpm\u00e4ssig och urskillningsl\u00f6s sjukdom som har orsakat obeskrivligt och o\u00f6versk\u00e5dligt m\u00e4nskligt lidande. Det h\u00e4r \u00e4r ber\u00e4ttelsen om Tr\u00e9 och Alyssa LaRosa, om Ren\u00e9e LaRosa, om v\u00e5r familj och v\u00e5ra v\u00e4nner, och om de \u00f6ver 100 000 m\u00e4nniskor i v\u00e4rlden som har CF och deras n\u00e4ra och k\u00e4ra. <\/span>Det \u00e4r en ber\u00e4ttelse fylld av m\u00e4nniskor som, trots liv fyllda av mycket sm\u00e4rta och lidande, har \u00e4lskat, f\u00f6rest\u00e4llt sig, dr\u00f6mt, k\u00e4mpat f\u00f6r och hoppats p\u00e5 en b\u00e4ttre v\u00e4rld f\u00f6r oss sj\u00e4lva och v\u00e5rt gemensamma samh\u00e4lle.<\/p>\n<p><span style=\"font-weight: 400;\">Med fortsatta framsteg inom vetenskap och medicin har vi b\u00f6rjat se hur ett liv utan CF kan se ut f\u00f6r vissa. Det h\u00e4r \u00e4r den framtid som min syster f\u00f6rtj\u00e4nade. Det h\u00e4r \u00e4r den framtid vi alla f\u00f6rtj\u00e4nar.<\/span><\/p>\n<h1>F\u00f6rfattaren<\/h1>\n<p><b><img decoding=\"async\" class=\"wp-image-20943 size-thumbnail alignleft\" src=\"https:\/\/www.emilysentourage.org\/wp-content\/uploads\/E3D33832-926F-4B50-908F-9A0BC4C4F4F2_1_201_a-1-150x150.jpg\" alt=\"\" width=\"150\" height=\"150\" srcset=\"https:\/\/www.emilysentourage.org\/wp-content\/uploads\/E3D33832-926F-4B50-908F-9A0BC4C4F4F2_1_201_a-1-150x150.jpg 150w, https:\/\/www.emilysentourage.org\/wp-content\/uploads\/E3D33832-926F-4B50-908F-9A0BC4C4F4F2_1_201_a-1-300x300.jpg 300w, https:\/\/www.emilysentourage.org\/wp-content\/uploads\/E3D33832-926F-4B50-908F-9A0BC4C4F4F2_1_201_a-1-100x100.jpg 100w\" sizes=\"(max-width: 150px) 100vw, 150px\" \/><\/b><span style=\"font-weight: 400;\">Tr\u00e9 LaRosa \u00e4r vetenskaplig projektledare, skribent, patientf\u00f6respr\u00e5kare och 30-\u00e5rig vuxen med cystisk fibros som bor i DC-omr\u00e5det. Han har suttit med i olika CF-relaterade kommitt\u00e9er, bland annat National Outreach Council, Adult Advisory Council och Therapeutic Development Network Clinical Research Executive Committee. Han tillbringar g\u00e4rna tid med sin familj, sin flickv\u00e4n Jessica och deras tv\u00e5 hundar, Duncan och Leo.<\/span><\/p>","protected":false},"excerpt":{"rendered":"<p>During CF Awareness Month, Emily\u2019s Entourage invites members of the cystic fibrosis (CF) community to share their stories. Today\u2019s blog post highlights the story of Tr\u00e9 LaRosa, an adult with CF.\u00a0 My approach to patient advocacy has changed over the years. As a kid, \u201cpatient advocacy\u201d was in the clinic and in school, where I&#8230; <\/p>\n<div class=\"clear\"><\/div>\n<p><a href=\"https:\/\/www.emilysentourage.org\/sv\/the-future-we-all-deserve\/\" class=\"excerpt-read-more\">L\u00e4s mer om<\/a><\/p>","protected":false},"author":1281,"featured_media":20943,"comment_status":"open","ping_status":"closed","sticky":false,"template":"","format":"standard","meta":{"_acf_changed":false,"_seopress_robots_primary_cat":"none","_seopress_titles_title":"%%sitetitle%% %%sep%% %%post_title%%","_seopress_titles_desc":"%%post_excerpt%%","_seopress_robots_index":"","_monsterinsights_skip_tracking":false,"_monsterinsights_sitenote_active":false,"_monsterinsights_sitenote_note":"","_monsterinsights_sitenote_category":0,"_jetpack_memberships_contains_paid_content":false,"footnotes":""},"categories":[1],"tags":[],"class_list":["post-20941","post","type-post","status-publish","format-standard","has-post-thumbnail","hentry","category-uncategorized"],"acf":[],"jetpack_featured_media_url":"https:\/\/www.emilysentourage.org\/wp-content\/uploads\/E3D33832-926F-4B50-908F-9A0BC4C4F4F2_1_201_a-1.jpg","jetpack_sharing_enabled":true,"post_mailing_queue_ids":[],"_links":{"self":[{"href":"https:\/\/www.emilysentourage.org\/sv\/wp-json\/wp\/v2\/posts\/20941","targetHints":{"allow":["GET"]}}],"collection":[{"href":"https:\/\/www.emilysentourage.org\/sv\/wp-json\/wp\/v2\/posts"}],"about":[{"href":"https:\/\/www.emilysentourage.org\/sv\/wp-json\/wp\/v2\/types\/post"}],"author":[{"embeddable":true,"href":"https:\/\/www.emilysentourage.org\/sv\/wp-json\/wp\/v2\/users\/1281"}],"replies":[{"embeddable":true,"href":"https:\/\/www.emilysentourage.org\/sv\/wp-json\/wp\/v2\/comments?post=20941"}],"version-history":[{"count":5,"href":"https:\/\/www.emilysentourage.org\/sv\/wp-json\/wp\/v2\/posts\/20941\/revisions"}],"predecessor-version":[{"id":21029,"href":"https:\/\/www.emilysentourage.org\/sv\/wp-json\/wp\/v2\/posts\/20941\/revisions\/21029"}],"wp:featuredmedia":[{"embeddable":true,"href":"https:\/\/www.emilysentourage.org\/sv\/wp-json\/wp\/v2\/media\/20943"}],"wp:attachment":[{"href":"https:\/\/www.emilysentourage.org\/sv\/wp-json\/wp\/v2\/media?parent=20941"}],"wp:term":[{"taxonomy":"category","embeddable":true,"href":"https:\/\/www.emilysentourage.org\/sv\/wp-json\/wp\/v2\/categories?post=20941"},{"taxonomy":"post_tag","embeddable":true,"href":"https:\/\/www.emilysentourage.org\/sv\/wp-json\/wp\/v2\/tags?post=20941"}],"curies":[{"name":"wp","href":"https:\/\/api.w.org\/{rel}","templated":true}]}}