{"id":17460,"date":"2022-10-19T09:48:04","date_gmt":"2022-10-19T13:48:04","guid":{"rendered":"https:\/\/www.emilysentourage.org\/?p=17460"},"modified":"2023-12-20T05:16:04","modified_gmt":"2023-12-20T10:16:04","slug":"flying-high-at-the-2022-evening-with-emilys-entourage-flight-of-the-monarch-gala","status":"publish","type":"post","link":"https:\/\/www.emilysentourage.org\/sv\/flying-high-at-the-2022-evening-with-emilys-entourage-flight-of-the-monarch-gala\/","title":{"rendered":"H\u00f6gtflygande p\u00e5 2022 Evening With Emily's Entourage \"Flight of the Monarch\"-galan"},"content":{"rendered":"<p style=\"text-align: justify;\"><span style=\"font-weight: 400;\">Snacka om en kv\u00e4ll att minnas! Torsdagen den 13 oktober 2022 h\u00f6ll Emily's Entourage (EE) sin \u00e5rliga gala Evening with Emily's Entourage, \"The Flight of the Monarch\", p\u00e5 The Mann Center for the Performing Arts i Philadelphia.<\/span><\/p>\n<p style=\"text-align: justify;\"><span style=\"font-weight: 400;\">\u00c5rets galatema var inspirerat av begreppet metamorfos. Det har skett en genomgripande utveckling i den terapeutiska pipelinen f\u00f6r de sista 10% i CF-communityn och p\u00e5 EE. F\u00f6r f\u00f6rsta g\u00e5ngen g\u00e5r flera behandlingar vidare till klinik f\u00f6r dem som befinner sig i den sista 10%. Slutligen st\u00e5r vi inf\u00f6r en omv\u00e4lvande f\u00f6r\u00e4ndring.<\/span><\/p>\n<p><img fetchpriority=\"high\" decoding=\"async\" class=\"alignnone wp-image-17468\" src=\"https:\/\/www.emilysentourage.org\/wp-content\/uploads\/EmilysEntourage-4-300x200.jpg\" alt=\"\" width=\"1385\" height=\"924\" srcset=\"https:\/\/www.emilysentourage.org\/wp-content\/uploads\/EmilysEntourage-4-300x200.jpg 300w, https:\/\/www.emilysentourage.org\/wp-content\/uploads\/EmilysEntourage-4-1024x683.jpg 1024w, https:\/\/www.emilysentourage.org\/wp-content\/uploads\/EmilysEntourage-4-768x512.jpg 768w, https:\/\/www.emilysentourage.org\/wp-content\/uploads\/EmilysEntourage-4-1536x1024.jpg 1536w, https:\/\/www.emilysentourage.org\/wp-content\/uploads\/EmilysEntourage-4-2048x1365.jpg 2048w, https:\/\/www.emilysentourage.org\/wp-content\/uploads\/EmilysEntourage-4-18x12.jpg 18w, https:\/\/www.emilysentourage.org\/wp-content\/uploads\/EmilysEntourage-4-600x400.jpg 600w\" sizes=\"(max-width: 1385px) 100vw, 1385px\" \/><\/p>\n<p style=\"text-align: justify;\"><span style=\"font-weight: 400;\">Vi proklamerade: \"Nu \u00e4r det dags att komma ut ur v\u00e5r puppa, redo att sprida ut v\u00e5ra vingar och flyga.\" Och flyga gjorde vi, h\u00f6ja en tyngdkraften trotsande ... $975,669!!! Det ger oss mer \u00e4n $11 miljoner som hittills samlats in f\u00f6r att p\u00e5skynda livr\u00e4ddande genombrott f\u00f6r personer med cystisk fibros (CF)!<\/span><\/p>\n<p style=\"text-align: justify;\"><span style=\"font-weight: 400;\">Kv\u00e4llen inleddes med en exklusiv champagnesk\u00e5l f\u00f6r VIP-sponsorer, Champions och hedersg\u00e4ster i ett t\u00e4lt med utsikt \u00f6ver Philadelphias skyline. G\u00e4sterna fortsatte att anl\u00e4nda och m\u00f6ttes av snittar, fj\u00e4rilsinspirerade signaturcocktails och stora v\u00e5gor fr\u00e5n familjen Kramer-Golinkoff, som ansl\u00f6t sig fr\u00e5n s\u00e4kerheten i ett avskilt t\u00e4lt p\u00e5 plats.<\/span><\/p>\n<p style=\"text-align: justify;\"><span style=\"font-weight: 400;\">Efter mottagningen samlades g\u00e4sterna i ett andra t\u00e4lt f\u00f6r programmet, som ocks\u00e5 streamades live f\u00f6r v\u00e5ra supportrar runt om i v\u00e4rlden. Programmet inleddes med en video som skildrade <\/span><a href=\"https:\/\/www.youtube.com\/watch?v=i3xRzY2x-No\" target=\"_blank\" rel=\"noopener\"><span style=\"font-weight: 400;\">metamorfosen av Emilys Entourage<\/span><\/a><span style=\"font-weight: 400;\">och drar paralleller mellan monarkfj\u00e4rilar och EE.<\/span><\/p>\n<p style=\"text-align: justify;\"><span style=\"font-weight: 400;\">Coby Kramer-Golinkoff, styrelseledamot och bror till EE:s medgrundare Emily Kramer-Golinkoff, ledde kv\u00e4llens evenemang och v\u00e4lkomnade b\u00e5de personliga och virtuella deltagare och satte scenen f\u00f6r kv\u00e4llen n\u00e4r han ber\u00e4ttade om EE:s outtr\u00f6ttliga arbete f\u00f6r att s\u00e4kerst\u00e4lla att alla i CF-samh\u00e4llet f\u00e5r uppleva livr\u00e4ddande genombrott under sin livstid.<\/span><\/p>\n<p><img decoding=\"async\" class=\"alignnone wp-image-17464\" src=\"https:\/\/www.emilysentourage.org\/wp-content\/uploads\/EmilysEntourage-5-300x200.jpg\" alt=\"\" width=\"1385\" height=\"924\" srcset=\"https:\/\/www.emilysentourage.org\/wp-content\/uploads\/EmilysEntourage-5-300x200.jpg 300w, https:\/\/www.emilysentourage.org\/wp-content\/uploads\/EmilysEntourage-5-1024x683.jpg 1024w, https:\/\/www.emilysentourage.org\/wp-content\/uploads\/EmilysEntourage-5-768x512.jpg 768w, https:\/\/www.emilysentourage.org\/wp-content\/uploads\/EmilysEntourage-5-1536x1024.jpg 1536w, https:\/\/www.emilysentourage.org\/wp-content\/uploads\/EmilysEntourage-5-2048x1365.jpg 2048w, https:\/\/www.emilysentourage.org\/wp-content\/uploads\/EmilysEntourage-5-18x12.jpg 18w, https:\/\/www.emilysentourage.org\/wp-content\/uploads\/EmilysEntourage-5-600x400.jpg 600w\" sizes=\"(max-width: 1385px) 100vw, 1385px\" \/><\/p>\n<p style=\"text-align: justify;\"><span style=\"font-weight: 400;\">Han delade med sig av sin innerliga tacksamhet till alla gener\u00f6sa sponsorer, supportrar, donatorer och EE-personal som gjorde kv\u00e4llen m\u00f6jlig, inklusive Presenting Sponsor, Vertex Pharmaceuticals Inc.; Dream Team Sponsor, cystetic Medicines, Inc.; Individual Presenting Sponsors Jill och Mark Fishman, Marcia och Ned Kaplin och Eli och Pauline Nierman Family Foundation; och donatorer Harvest Seasonal, Color Reflections och s\u00e5 m\u00e5nga fler.\u00a0<\/span><\/p>\n<p style=\"text-align: justify;\"><span style=\"font-weight: 400;\">Coby l\u00e4mnade sedan \u00f6ver stafettpinnen till Mark Fishman, medlem i EE:s ledningsgrupp och m\u00e5ng\u00e5rig supporter. Mark delade med sig av n\u00e5gra ord och introducerade kv\u00e4llens hedersordf\u00f6rande, Marcia och Ned Kaplin samt Ivy och Matthew Solomon, som talade om sin koppling till Kramer-Golinkoffs och sitt engagemang f\u00f6r EE.<\/span><\/p>\n<p><img decoding=\"async\" class=\"alignnone wp-image-17474\" src=\"https:\/\/www.emilysentourage.org\/wp-content\/uploads\/2022-Philly-Gala-Recap-website-300x200.png\" alt=\"\" width=\"1385\" height=\"923\" srcset=\"https:\/\/www.emilysentourage.org\/wp-content\/uploads\/2022-Philly-Gala-Recap-website-300x200.png 300w, https:\/\/www.emilysentourage.org\/wp-content\/uploads\/2022-Philly-Gala-Recap-website-1024x683.png 1024w, https:\/\/www.emilysentourage.org\/wp-content\/uploads\/2022-Philly-Gala-Recap-website-768x512.png 768w, https:\/\/www.emilysentourage.org\/wp-content\/uploads\/2022-Philly-Gala-Recap-website-1536x1024.png 1536w, https:\/\/www.emilysentourage.org\/wp-content\/uploads\/2022-Philly-Gala-Recap-website-2048x1365.png 2048w, https:\/\/www.emilysentourage.org\/wp-content\/uploads\/2022-Philly-Gala-Recap-website-18x12.png 18w, https:\/\/www.emilysentourage.org\/wp-content\/uploads\/2022-Philly-Gala-Recap-website-600x400.png 600w\" sizes=\"(max-width: 1385px) 100vw, 1385px\" \/><\/p>\n<p style=\"text-align: justify;\"><span style=\"font-weight: 400;\">D\u00e4refter tog Julie Wertheimer, en m\u00e5ng\u00e5rig styrelseledamot, \u00f6ver scenen f\u00f6r att uppm\u00e4rksamma EE:s 2022 Champions, filantropiska ledare som har samlat in pengar som kommer att bidra till att driva EE mot br\u00e5dskande genombrott. \u00c5rets grupp bestod av 21 personer som tillsammans samlade in <\/span><b>$36,000<\/b><span style=\"font-weight: 400;\"> - ett rekord f\u00f6r EE Champions! Hon bj\u00f6d sedan in Coby p\u00e5 scenen f\u00f6r att avsl\u00f6ja \u00e5rets m\u00e4stare, Team Seeking a Cure, som samlade in $15,400!!!<\/span><\/p>\n<p style=\"text-align: justify;\"><span style=\"font-weight: 400;\">G\u00e4sterna fick sedan en exklusiv f\u00f6rhandsvisning av EE:s kampanjvideo f\u00f6r 2022, som p\u00e5 ett levande s\u00e4tt f\u00e5ngar den inverkan som v\u00e5r Entourage har p\u00e5 de sista 10% som fortfarande v\u00e4ntar p\u00e5 sitt genombrott. <\/span><span style=\"font-weight: 400;\">Videon kommer att ha sin offentliga premi\u00e4r i december!<\/span><\/p>\n<p style=\"text-align: justify;\"><span style=\"font-weight: 400;\">EE:s medgrundare Emily Kramer-Golinkoff f\u00f6ljde upp videon med sitt efterl\u00e4ngtade tal, d\u00e4r hon ber\u00e4ttade om hur det \u00e4r att leva med CF i ett avancerat stadium, med en lungfunktion som ligger i mitten av 30-talet, och vilka effekter det har haft p\u00e5 hennes liv att leva i ett evigt \"\u00f6verlevnadsl\u00e4ge\". \u00c4ven om de senaste 14 \u00e5ren har pr\u00e4glats av f\u00f6rluster har hennes fokus p\u00e5 \u00f6verlevnad ocks\u00e5 varit effektivt och i slut\u00e4ndan lett till bildandet av EE. Hon fortsatte med att ber\u00e4tta om de fantastiska framsteg vi har gjort och tackade alla v\u00e5ra supportrar.<\/span><\/p>\n<p><img loading=\"lazy\" decoding=\"async\" class=\"alignnone wp-image-17470\" src=\"https:\/\/www.emilysentourage.org\/wp-content\/uploads\/EmilysEntourage-8-300x200.jpg\" alt=\"\" width=\"1385\" height=\"924\" srcset=\"https:\/\/www.emilysentourage.org\/wp-content\/uploads\/EmilysEntourage-8-300x200.jpg 300w, https:\/\/www.emilysentourage.org\/wp-content\/uploads\/EmilysEntourage-8-1024x683.jpg 1024w, https:\/\/www.emilysentourage.org\/wp-content\/uploads\/EmilysEntourage-8-768x512.jpg 768w, https:\/\/www.emilysentourage.org\/wp-content\/uploads\/EmilysEntourage-8-1536x1024.jpg 1536w, https:\/\/www.emilysentourage.org\/wp-content\/uploads\/EmilysEntourage-8-2048x1365.jpg 2048w, https:\/\/www.emilysentourage.org\/wp-content\/uploads\/EmilysEntourage-8-18x12.jpg 18w, https:\/\/www.emilysentourage.org\/wp-content\/uploads\/EmilysEntourage-8-600x400.jpg 600w\" sizes=\"(max-width: 1385px) 100vw, 1385px\" \/><\/p>\n<blockquote>\n<p style=\"text-align: justify;\"><span style=\"font-weight: 400;\">I v\u00e5r desperata jakt p\u00e5 hopp f\u00f6rdjupade vi oss i vetenskapen och b\u00f6rjade investera i forskning. Vi str\u00f6dde ut massor av fr\u00f6n och investerade i m\u00e5nga olika forskningsprojekt ... Sedan den f\u00f6rsta tiden har fr\u00f6na - som str\u00f6ddes ut med eftertanke och ambition - vuxit under jorden. Inte alla fr\u00f6n grodde, men vissa gjorde det och fick djupa r\u00f6tter ... Och i dag b\u00f6rjar dessa fr\u00f6n b\u00e4ra frukt. - Emily Kramer-Golinkoff<\/span><\/p>\n<\/blockquote>\n<p style=\"text-align: justify;\"><span style=\"font-weight: 400;\">Coby \u00e5terv\u00e4nde till scenen med ett dj\u00e4rvt m\u00e5l: att samla in $50.000 p\u00e5 fem minuter! Nedr\u00e4kningen b\u00f6rjade och g\u00e4sterna tog fram sina telefoner f\u00f6r att donera precis n\u00e4r en \u00f6verraskande matchning tillk\u00e4nnagavs! En anonym givare meddelade att de skulle matcha upp till $25.000. N\u00e5gra minuter senare kom en donation p\u00e5 $10.000. Sp\u00e4nningen var p\u00e5taglig n\u00e4r termometern steg, \u00f6vertr\u00e4ffade m\u00e5let och n\u00e5dde $55,068!!!<\/span><\/p>\n<p style=\"text-align: justify;\"><span style=\"font-weight: 400;\">Kv\u00e4llen avslutades med en explosion av hopp och (fj\u00e4rilsformad) konfetti n\u00e4r en gospelk\u00f6r intog scenen och alla firade den verkligt omv\u00e4lvande f\u00f6r\u00e4ndring som de hj\u00e4lper till att driva. Nu \u00e4r det v\u00e5r tid. Det h\u00e4r \u00e4r v\u00e5rt \u00f6gonblick. Vi. \u00c4r. G\u00f6r. Det h\u00e4r!!!\u00a0<\/span><\/p>\n<p><img loading=\"lazy\" decoding=\"async\" class=\"alignnone wp-image-17475\" src=\"https:\/\/www.emilysentourage.org\/wp-content\/uploads\/2022-Philly-Gala-Recap-website-1-300x200.png\" alt=\"\" width=\"1385\" height=\"923\" srcset=\"https:\/\/www.emilysentourage.org\/wp-content\/uploads\/2022-Philly-Gala-Recap-website-1-300x200.png 300w, https:\/\/www.emilysentourage.org\/wp-content\/uploads\/2022-Philly-Gala-Recap-website-1-1024x683.png 1024w, https:\/\/www.emilysentourage.org\/wp-content\/uploads\/2022-Philly-Gala-Recap-website-1-768x512.png 768w, https:\/\/www.emilysentourage.org\/wp-content\/uploads\/2022-Philly-Gala-Recap-website-1-1536x1024.png 1536w, https:\/\/www.emilysentourage.org\/wp-content\/uploads\/2022-Philly-Gala-Recap-website-1-2048x1365.png 2048w, https:\/\/www.emilysentourage.org\/wp-content\/uploads\/2022-Philly-Gala-Recap-website-1-18x12.png 18w, https:\/\/www.emilysentourage.org\/wp-content\/uploads\/2022-Philly-Gala-Recap-website-1-600x400.png 600w\" sizes=\"(max-width: 1385px) 100vw, 1385px\" \/><\/p>\n<p style=\"text-align: justify;\"><a href=\"https:\/\/youtu.be\/CBWHssCnXfc\" target=\"_blank\" rel=\"noopener\"><span style=\"font-weight: 400;\">Se programmet i sin helhet h\u00e4r<\/span><\/a> och <a href=\"https:\/\/clients.hofferphotography.com\/emilysentourage\/photostation\/\" target=\"_blank\" rel=\"noopener\">kolla in alla bilder fr\u00e5n fotostationen h\u00e4r<\/a>.<\/p>\n<p style=\"text-align: justify;\"><b>HJ\u00c4LP OSS ATT AVSLUTA JOBBET F\u00d6R DEN SISTA 10%<\/b><\/p>\n<ol style=\"text-align: justify;\">\n<li style=\"font-weight: 400;\" aria-level=\"1\"><b>G\u00f6r en skatteavdragsgill donation <\/b><span style=\"font-weight: 400;\">till Emily's Entourage.<\/span><a href=\"https:\/\/www.emilysentourage.org\/sv\/donate\/\" target=\"_blank\" rel=\"noopener\"> <span style=\"font-weight: 400;\">Klicka h\u00e4r f\u00f6r att donera.<\/span><\/a><\/li>\n<li style=\"font-weight: 400;\" aria-level=\"1\"><b>Ber\u00e4tta om oss f\u00f6r dina v\u00e4nner! <\/b><span style=\"font-weight: 400;\">Uppmuntra dem att <\/span><a href=\"https:\/\/www.emilysentourage.org\/sv\/eeupdates\/\" target=\"_blank\" rel=\"noopener\"><span style=\"font-weight: 400;\">registrera dig f\u00f6r v\u00e5ra e-postuppdateringar<\/span><\/a><span style=\"font-weight: 400;\"> och f\u00f6lj med p\u00e5 <\/span><a href=\"https:\/\/www.facebook.com\/EmilysEntourage\/\" target=\"_blank\" rel=\"noopener\"><span style=\"font-weight: 400;\">Facebook<\/span><\/a><span style=\"font-weight: 400;\">, <\/span><span style=\"font-weight: 400;\">Instagram<\/span><span style=\"font-weight: 400;\">, <\/span><a href=\"https:\/\/www.linkedin.com\/company\/emilysentourage\" target=\"_blank\" rel=\"noopener\"><span style=\"font-weight: 400;\">LinkedIn<\/span><\/a><span style=\"font-weight: 400;\">, och <\/span><a href=\"https:\/\/twitter.com\/EmilysEntourage\" target=\"_blank\" rel=\"noopener\"><span style=\"font-weight: 400;\">Twitter<\/span><\/a><span style=\"font-weight: 400;\">s\u00e5 att de blir de f\u00f6rsta som f\u00e5r se den offentliga premi\u00e4ren av v\u00e5r kampanjvideo f\u00f6r 2022!!!<\/span><\/li>\n<\/ol>\n<p style=\"text-align: justify;\"><i><span style=\"font-weight: 400;\">Emily's Entourage vill tacka varje enskild medlem i Entourage som gjorde galan m\u00f6jlig. Oavsett om du har varit med oss sedan starten eller om du var med oss f\u00f6r f\u00f6rsta g\u00e5ngen p\u00e5 den h\u00e4r galan, s\u00e5 ger ditt st\u00f6d oss br\u00e4nsle i v\u00e5r outtr\u00f6ttliga str\u00e4van att p\u00e5skynda genombrott f\u00f6r de sista 10%. Tack vare er \u00e4r vi ett steg n\u00e4rmare en framtid d\u00e4r vi alla, 100% av oss, \u00e4ntligen kan andas l\u00e4ttare och flyga fritt.<\/span><\/i><\/p>","protected":false},"excerpt":{"rendered":"<p>Talk about a night to remember! On Thursday, Oct. 13, 2022, Emily\u2019s Entourage (EE) held our annual Evening with Emily\u2019s Entourage gala, \u201cThe Flight of the Monarch,\u201d at The Mann Center for the Performing Arts in Philadelphia. This year\u2019s gala theme was inspired by the concept of metamorphosis. There have been profound developments in the&#8230; <\/p>\n<div class=\"clear\"><\/div>\n<p><a href=\"https:\/\/www.emilysentourage.org\/sv\/flying-high-at-the-2022-evening-with-emilys-entourage-flight-of-the-monarch-gala\/\" class=\"excerpt-read-more\">L\u00e4s mer om<\/a><\/p>","protected":false},"author":1281,"featured_media":17472,"comment_status":"open","ping_status":"closed","sticky":false,"template":"","format":"standard","meta":{"_acf_changed":false,"_seopress_robots_primary_cat":"none","_seopress_titles_title":"Flying High at the 2022 Evening With Emily\u2019s Entourage \u201cFlight of the Monarch\u201d Gala","_seopress_titles_desc":"Talk about a night to remember! On Thursday, Oct. 13, 2022, Emily\u2019s Entourage (EE) held our annual Evening with Emily\u2019s Entourage gala, \u201cThe Flight of the Monarch,\u201d at The Mann Center for the Performing Arts in Philadelphia.","_seopress_robots_index":"","_monsterinsights_skip_tracking":false,"_monsterinsights_sitenote_active":false,"_monsterinsights_sitenote_note":"","_monsterinsights_sitenote_category":0,"_jetpack_memberships_contains_paid_content":false,"footnotes":""},"categories":[1],"tags":[],"class_list":["post-17460","post","type-post","status-publish","format-standard","has-post-thumbnail","hentry","category-uncategorized"],"acf":[],"jetpack_featured_media_url":"https:\/\/www.emilysentourage.org\/wp-content\/uploads\/EmilysEntourage-11-scaled.jpg","jetpack_sharing_enabled":true,"post_mailing_queue_ids":[],"_links":{"self":[{"href":"https:\/\/www.emilysentourage.org\/sv\/wp-json\/wp\/v2\/posts\/17460","targetHints":{"allow":["GET"]}}],"collection":[{"href":"https:\/\/www.emilysentourage.org\/sv\/wp-json\/wp\/v2\/posts"}],"about":[{"href":"https:\/\/www.emilysentourage.org\/sv\/wp-json\/wp\/v2\/types\/post"}],"author":[{"embeddable":true,"href":"https:\/\/www.emilysentourage.org\/sv\/wp-json\/wp\/v2\/users\/1281"}],"replies":[{"embeddable":true,"href":"https:\/\/www.emilysentourage.org\/sv\/wp-json\/wp\/v2\/comments?post=17460"}],"version-history":[{"count":5,"href":"https:\/\/www.emilysentourage.org\/sv\/wp-json\/wp\/v2\/posts\/17460\/revisions"}],"predecessor-version":[{"id":20539,"href":"https:\/\/www.emilysentourage.org\/sv\/wp-json\/wp\/v2\/posts\/17460\/revisions\/20539"}],"wp:featuredmedia":[{"embeddable":true,"href":"https:\/\/www.emilysentourage.org\/sv\/wp-json\/wp\/v2\/media\/17472"}],"wp:attachment":[{"href":"https:\/\/www.emilysentourage.org\/sv\/wp-json\/wp\/v2\/media?parent=17460"}],"wp:term":[{"taxonomy":"category","embeddable":true,"href":"https:\/\/www.emilysentourage.org\/sv\/wp-json\/wp\/v2\/categories?post=17460"},{"taxonomy":"post_tag","embeddable":true,"href":"https:\/\/www.emilysentourage.org\/sv\/wp-json\/wp\/v2\/tags?post=17460"}],"curies":[{"name":"wp","href":"https:\/\/api.w.org\/{rel}","templated":true}]}}