{"id":16946,"date":"2022-04-28T16:08:07","date_gmt":"2022-04-28T20:08:07","guid":{"rendered":"https:\/\/www.emilysentourage.org\/?p=16946"},"modified":"2022-05-05T14:02:50","modified_gmt":"2022-05-05T18:02:50","slug":"webinar-recap-key-findings-from-ees-final-10-survey","status":"publish","type":"post","link":"https:\/\/www.emilysentourage.org\/sv\/webinar-recap-key-findings-from-ees-final-10-survey\/","title":{"rendered":"Webinar sammanfattning: Viktiga resultat fr\u00e5n EE:s unders\u00f6kning \"Final 10%\""},"content":{"rendered":"<p style=\"text-align: justify;\"><span style=\"font-weight: 400;\">Den 6 april 2022 presenterade Emily's Entourage (EE) ett informativt webbseminarium f\u00f6r att dela med sig av resultaten fr\u00e5n sin <\/span><a href=\"https:\/\/www.emilysentourage.org\/sv\/ee-publishes-first-ever-final-10-survey-and-announces-informational-webinar\/\"><span style=\"font-weight: 400;\">f\u00f6rsta globala unders\u00f6kningen<\/span><\/a><span style=\"font-weight: 400;\"> om h\u00e4lsa och perspektiv hos personer med cystisk fibros (CF) som inte har nytta av de mutationsinriktade behandlingar som finns tillg\u00e4ngliga idag. Resultaten publicerades i <\/span><em><a href=\"https:\/\/pubmed.ncbi.nlm.nih.gov\/35170259\/\"><span style=\"font-weight: 400;\">Pediatrisk pulmonologi.<\/span><\/a><\/em><\/p>\n<p style=\"text-align: justify;\"><span style=\"font-weight: 400;\">Dr Jennifer L. Taylor-Cousar, MD, MSCS, ATSF, medf\u00f6rfattare till forskningsrapporten och medlem i EE Scientific Advisory Board, presenterade viktiga unders\u00f6kningsresultat och lyfte fram viktiga saker att ta med sig f\u00f6r deltagarna, som inkluderade personer med CF och deras anh\u00f6riga, forskare, kliniker och medlemmar i bioteknik- och l\u00e4kemedelsindustrin.<\/span><\/p>\n<p style=\"text-align: justify;\"><a href=\"https:\/\/www.youtube.com\/watch?v=Wj50OrnfIzs\"><img fetchpriority=\"high\" decoding=\"async\" class=\"alignnone wp-image-16948\" src=\"https:\/\/www.emilysentourage.org\/wp-content\/uploads\/Jennifer-Taylor-Cousar-300x166.png\" alt=\"\" width=\"1385\" height=\"765\" srcset=\"https:\/\/www.emilysentourage.org\/wp-content\/uploads\/Jennifer-Taylor-Cousar-300x166.png 300w, https:\/\/www.emilysentourage.org\/wp-content\/uploads\/Jennifer-Taylor-Cousar-1024x565.png 1024w, https:\/\/www.emilysentourage.org\/wp-content\/uploads\/Jennifer-Taylor-Cousar-768x424.png 768w, https:\/\/www.emilysentourage.org\/wp-content\/uploads\/Jennifer-Taylor-Cousar-1536x848.png 1536w, https:\/\/www.emilysentourage.org\/wp-content\/uploads\/Jennifer-Taylor-Cousar-18x10.png 18w, https:\/\/www.emilysentourage.org\/wp-content\/uploads\/Jennifer-Taylor-Cousar-600x331.png 600w, https:\/\/www.emilysentourage.org\/wp-content\/uploads\/Jennifer-Taylor-Cousar.png 1708w\" sizes=\"(max-width: 1385px) 100vw, 1385px\" \/><\/a><\/p>\n<p style=\"text-align: justify;\"><span style=\"font-weight: 400;\">Vid genomg\u00e5ngen av resultaten framtr\u00e4dde tre viktiga teman: CF:s inverkan p\u00e5 den psykiska h\u00e4lsan hos b\u00e5de personer med sjukdomen och deras v\u00e5rdgivare; de or\u00e4ttvisor som finns f\u00f6r minoriteter med CF; och utmaningarna kring rekrytering till och deltagande i kliniska pr\u00f6vningar.<\/span><\/p>\n<p style=\"text-align: justify;\"><span style=\"font-weight: 400;\">P\u00e5 fr\u00e5gan om vilka aspekter av livet som p\u00e5verkas mest av CF svarade 45,5% av de svarande \"psykisk h\u00e4lsa\" och 45,2% svarade \"framtidsplaner\".<\/span><\/p>\n<p style=\"text-align: justify;\"><span style=\"font-weight: 400;\">Respondenterna rapporterade ocks\u00e5 att de k\u00e4nde sig \"eftersatta\" - att deras psykiska h\u00e4lsa inte bara p\u00e5verkas av deras CF, utan ocks\u00e5 av det faktum att de inte \u00e4r ber\u00e4ttigade till behandling som en s\u00e5 stor majoritet av personer med CF kan f\u00e5 tillg\u00e5ng till. Dr Taylor-Cousar f\u00f6rklarade att de sista 10% av personer med CF som inte har nytta av mutationsinriktade behandlingar upplever medicinskt trauma, delvis som ett resultat av denna uteslutning.<\/span><\/p>\n<p style=\"text-align: justify;\"><a href=\"https:\/\/www.youtube.com\/watch?v=Wj50OrnfIzs\"><img decoding=\"async\" class=\"alignnone wp-image-16949\" src=\"https:\/\/www.emilysentourage.org\/wp-content\/uploads\/webinar-300x169.png\" alt=\"\" width=\"1385\" height=\"780\" srcset=\"https:\/\/www.emilysentourage.org\/wp-content\/uploads\/webinar-300x169.png 300w, https:\/\/www.emilysentourage.org\/wp-content\/uploads\/webinar-1024x577.png 1024w, https:\/\/www.emilysentourage.org\/wp-content\/uploads\/webinar-768x432.png 768w, https:\/\/www.emilysentourage.org\/wp-content\/uploads\/webinar-18x10.png 18w, https:\/\/www.emilysentourage.org\/wp-content\/uploads\/webinar-600x338.png 600w, https:\/\/www.emilysentourage.org\/wp-content\/uploads\/webinar.png 1291w\" sizes=\"(max-width: 1385px) 100vw, 1385px\" \/><\/a><\/p>\n<blockquote><p><span style=\"font-weight: 400;\">\"Det som kom fram klart och tydligt \u00e4r att det finns en otrolig r\u00e4dsla f\u00f6r att hamna p\u00e5 efterk\u00e4lken. M\u00e4nniskor \u00e4r r\u00e4dda f\u00f6r att samh\u00e4llet skulle vara n\u00f6jt med 90% och g\u00e5 vidare, och att det anm\u00e4rkningsv\u00e4rda engagemang och fokus p\u00e5 att utveckla CF-terapier som vi har sett under de senaste \u00e5ren eller decenniet skulle f\u00f6rsvinna. Det var mycket djupt att h\u00f6ra.\" - Emily Kramer-Golinkoff, medgrundare, Emily's Entourage<\/span><\/p><\/blockquote>\n<p style=\"text-align: justify;\"><span style=\"font-weight: 400;\">Dr Taylor-Cousar lyfte ocks\u00e5 fram det faktum att historiskt marginaliserade grupper var mindre ben\u00e4gna att kvalificera sig f\u00f6r modulatorer p\u00e5 grund av sina mutationer. Till exempel kvalificerar sig cirka 90% av vita personer med CF f\u00f6r mutationsinriktade behandlingar, medan endast 70% av svarta personer och 76% av latinamerikanska personer kvalificerar sig.\u00a0<\/span><\/p>\n<p style=\"text-align: justify;\"><span style=\"font-weight: 400;\">N\u00e4r det g\u00e4ller att prioritera j\u00e4mlikhet i rekryteringen till kliniska studier betonade Dr. Taylor-Cousar vikten av att s\u00e4kerst\u00e4lla tillg\u00e5ng f\u00f6r alla personer med CF, med h\u00e4nsyn tagen till kulturella f\u00f6rdomar som \u00e4r institutionaliserade i v\u00e5rt samh\u00e4lle.<\/span><\/p>\n<p style=\"text-align: justify;\"><span style=\"font-weight: 400;\">Dr. Taylor-Cousars presentation f\u00f6ljdes av en kort session med fr\u00e5gor och svar. Du kan se webbinariet i sin helhet nedan.<\/span><\/p>\n<p><iframe title=\"Webinar: 2021 \u00e5rs &quot;Final 10%&quot;-unders\u00f6kning - resultat och fr\u00e5gor och svar\" width=\"960\" height=\"540\" src=\"https:\/\/www.youtube.com\/embed\/Wj50OrnfIzs?feature=oembed\" frameborder=\"0\" allow=\"accelerometer; autoplay; clipboard-write; encrypted-media; gyroscope; picture-in-picture\" allowfullscreen><\/iframe><\/p>\n<p><span style=\"font-weight: 400;\">Dr. Taylor-Cousar svarade ocks\u00e5 p\u00e5 ytterligare fr\u00e5gor efter webinarets fr\u00e5gestund.<\/span><\/p>\n<h5><b>Q: Hur ser tidsplanen ut f\u00f6r kommande behandlingar?<\/b><span style=\"font-weight: 400;\">\u00a0<\/span><\/h5>\n<p><span style=\"font-weight: 400;\">A (Dr Taylor-Cousar): F\u00f6r ber\u00e4ttigade deltagare med nonsensmutationer p\u00e5g\u00e5r f\u00f6r n\u00e4rvarande en rekrytering till en studie som unders\u00f6ker anv\u00e4ndningen av ELX-02 plus ivacaftor (Kalydeco\u00ae) (*NCT04135495). En studie med 4D-710, en genterapi med adenoassocierat virus som kommer att leverera den korrigerade CFTR-genen till lungorna, har nyligen p\u00e5b\u00f6rjat rekryteringen (*NCT05248230). Vi f\u00f6rv\u00e4ntar oss att ytterligare studier i tidig fas av CFTR-riktade behandlingar kommer att inledas under andra halv\u00e5ret 2022.\u00a0<\/span><\/p>\n<h5><b>F: \u00c4r jag ber\u00e4ttigad att delta i en pr\u00f6vning om jag har f\u00e5tt en lung- och\/eller levertransplantation?<\/b><span style=\"font-weight: 400;\">\u00a0<\/span><\/h5>\n<p><span style=\"font-weight: 400;\">S: Tyv\u00e4rr kommer personer med CF som har genomg\u00e5tt lever- eller lungtransplantation sannolikt att uteslutas fr\u00e5n att delta i de flesta kliniska pr\u00f6vningar av nya CF-behandlingar. N\u00e4r nya behandlingar godk\u00e4nns b\u00f6r personer som har genomg\u00e5tt en transplantation diskutera m\u00f6jligheterna att anv\u00e4nda nya behandlingar med sina transplantationsteam.\u00a0\u00a0\u00a0<\/span><\/p>\n<h5><b>F: Ut\u00f6ver nya \"upstream\"-behandlingar f\u00f6r personer med s\u00e4llsynta CFTR-mutationer, vilka \"downstream\"-metoder beh\u00f6vs mest?<\/b><span style=\"font-weight: 400;\">\u00a0<\/span><\/h5>\n<p><span style=\"font-weight: 400;\">S: Personer som inte \u00e4r ber\u00e4ttigade till eller intoleranta mot CFTR-modulatorer beh\u00f6ver \u00e4ven forts\u00e4ttningsvis behandlingar som f\u00f6rb\u00e4ttrar slemhinneclearance och kontrollerar infektion och inflammation. Nya metoder f\u00f6r att behandla infektioner och s\u00e4kra och effektiva antiinflammatoriska behandlingar \u00e4r s\u00e4rskilt viktiga att utveckla.\u00a0<\/span><\/p>\n<h5><b>Fr\u00e5ga: Kan s\u00e4llsynta CF-mutationer bero p\u00e5 underdiagnostisering i minoritetsgrupper p\u00e5 grund av d\u00e5lig screening och testning? (Kanske \u00e4r de inte s\u00e5 s\u00e4llsynta trots allt?)<\/b><\/h5>\n<p><span style=\"font-weight: 400;\">S: Eftersom CF historiskt sett har ansetts f\u00f6rekomma uteslutande hos personer av europeisk h\u00e4rkomst, \u00e4r f\u00f6rst\u00e5elsen av f\u00f6rekomsten av CFTR-mutationer som \u00e4r vanligare hos personer som kategoriseras som svarta, ursprungsbefolkning och f\u00e4rgade personer underutforskad. Dessutom har utv\u00e4rderingen av CF i l\u00e4nder vars befolkning till \u00f6verv\u00e4gande del \u00e4r av annan h\u00e4rkomst \u00e4n europeisk varit begr\u00e4nsad. Screening och utv\u00e4rdering av CF i s\u00e5dana l\u00e4nder kommer sannolikt att avsl\u00f6ja tidigare missade diagnoser av CF. Mindre \u00e4n 500 av de cirka 2.000 mutationer som har identifierats i CFTR har karakteriserats fullst\u00e4ndigt (cftr2.org). Fortsatta anstr\u00e4ngningar f\u00f6r att fastst\u00e4lla konsekvenserna av k\u00e4nda CFTR-mutationer och <\/span><em><span style=\"font-weight: 400;\">in vitro<\/span><\/em><span style=\"font-weight: 400;\"> Testning av respons p\u00e5 godk\u00e4nda behandlingar kommer att \u00f6ka m\u00f6jligheten f\u00f6r alla att f\u00e5 behandling.\u00a0<\/span><\/p>\n<h5><b>Fr\u00e5ga: Vilka \u00e4r de avg\u00f6rande bakteriella utmaningarna f\u00f6r personer i de sista 10% av CF-populationen, och skiljer de sig fr\u00e5n de \u00f6vriga 90%?<\/b><span style=\"font-weight: 400;\">\u00a0<\/span><\/h5>\n<p><span style=\"font-weight: 400;\">S: F\u00f6r m\u00e5nga vuxna med CF har deras kroniska infektioner blivit multiresistenta (MDR).  Multiresistenta bakterier f\u00f6rekommer b\u00e5de hos personer med CF som \u00e4r ber\u00e4ttigade till\/tar CFTR-modulatorer och hos dem som inte tar modulatorer. Baserat p\u00e5 data fr\u00e5n PROMISE-studien (*NCT04038047) f\u00f6rb\u00e4ttrar h\u00f6geffektiva CFTR-modulatorer som elexakaftor-tezakaftor-ivakaftor (Trikafta\u00ae) den mukocili\u00e4ra clearance. Tidiga data fr\u00e5n PROMISE-studien tyder p\u00e5 att bakterieclearance \u00f6kar hos vissa personer som f\u00e5r behandling. Det \u00e4r \u00e4nnu inte k\u00e4nt om den tidiga bakterieclearance hos dem som behandlas med elexakaftor-tezakaftor-ivakaftor (Trikafta\u00ae) kommer att uppr\u00e4tth\u00e5llas \u00f6ver tid.\u00a0<\/span><\/p>\n<h5><b>Fr\u00e5ga: Vilka \u00e4r de st\u00f6rsta hindren f\u00f6r att behandla de \u00e5terst\u00e5ende 10% av m\u00e4nniskor med CF?<\/b><span style=\"font-weight: 400;\">\u00a0<\/span><\/h5>\n<p><span style=\"font-weight: 400;\">S: Under st\u00f6rre delen av CF-hanteringens historia har vi fokuserat p\u00e5 att behandla tecken och symtom p\u00e5 CF. CFTR-modulatorer \u00e4r de f\u00f6rsta terapierna som p\u00e5verkar n\u00e5gra av de grundl\u00e4ggande defekter som orsakas av CFTR-mutationer. Dessa sm\u00e5molekyl\u00e4ra terapier behandlar proteindefekten. M\u00e5nga personer med CF som inte \u00e4r ber\u00e4ttigade till modulatorer p\u00e5 grund av sina CFTR-mutationer producerar inte CFTR-protein och kan d\u00e4rf\u00f6r beh\u00f6va genterapi f\u00f6r att \u00e5tg\u00e4rda den grundl\u00e4ggande defekten. N\u00e5gra av de st\u00f6rsta hindren f\u00f6r genterapi \u00e4r 1) att f\u00f6rst\u00e5 till vilka luftv\u00e4gsceller det \u00e4r viktigast att leverera genterapi, 2) att utveckla ett transportsystem som levererar en tillr\u00e4cklig m\u00e4ngd av den korrigerade genen och 3) att s\u00e4kerst\u00e4lla att genterapin \u00e4r s\u00e4ker\/inte orsakar ett \u00f6verdrivet immunsvar.\u00a0\u00a0\u00a0<\/span><\/p>\n<p><span style=\"font-weight: 400;\">*kliniska pr\u00f6vningar.gov\u00a0<\/span><\/p>\n<p><i><span style=\"font-weight: 400;\">All information som delas i Dr. Taylor-Cousars fr\u00e5gor och svar \u00e4r korrekt per den 5 maj 2022.<\/span><\/i><\/p>\n<p>&nbsp;<\/p>\n<p style=\"text-align: justify;\"><span style=\"font-weight: 400;\">\u00c4r du intresserad av att engagera dig i CF-forskning? G\u00e5 med i v\u00e5r <\/span><a href=\"https:\/\/www.emilysentourage.org\/sv\/patient-registry\/\"><span style=\"font-weight: 400;\">Patientregister f\u00f6r CF-nonsensmutation<\/span><\/a><span style=\"font-weight: 400;\">.<\/span><\/p>","protected":false},"excerpt":{"rendered":"<p>Den 6 april 2022 presenterade Emily's Entourage (EE) ett informativt webbseminarium f\u00f6r att dela med sig av resultaten fr\u00e5n sin f\u00f6rsta globala unders\u00f6kning om h\u00e4lsa och perspektiv hos personer med cystisk fibros (CF) som inte har nytta av de mutationsinriktade behandlingar som f\u00f6r n\u00e4rvarande finns tillg\u00e4ngliga. Resultaten publicerades i Pediatric Pulmonology. Dr Jennifer L. Taylor-Cousar, MD, MSCS, ATSF, medf\u00f6rfattare... <\/p>\n<div class=\"clear\"><\/div>\n<p><a href=\"https:\/\/www.emilysentourage.org\/sv\/webinar-recap-key-findings-from-ees-final-10-survey\/\" class=\"excerpt-read-more\">L\u00e4s mer om<\/a><\/p>","protected":false},"author":1281,"featured_media":16948,"comment_status":"open","ping_status":"closed","sticky":false,"template":"","format":"standard","meta":{"_acf_changed":false,"_seopress_robots_primary_cat":"none","_seopress_titles_title":"Webinar Recap: Key Findings From EE\u2019s \u201cFinal 10% Survey\u201d","_seopress_titles_desc":"On April 6, 2022, Emily\u2019s Entourage (EE) presented an informational webinar to share the findings of its inaugural global survey on the health and perspectives of people with cystic fibrosis (CF) who do not benefit from currently available mutation-targeted therapies.","_seopress_robots_index":"","_monsterinsights_skip_tracking":false,"_monsterinsights_sitenote_active":false,"_monsterinsights_sitenote_note":"","_monsterinsights_sitenote_category":0,"_jetpack_memberships_contains_paid_content":false,"footnotes":""},"categories":[1],"tags":[],"class_list":["post-16946","post","type-post","status-publish","format-standard","has-post-thumbnail","hentry","category-uncategorized"],"acf":[],"jetpack_featured_media_url":"https:\/\/www.emilysentourage.org\/wp-content\/uploads\/Jennifer-Taylor-Cousar.png","jetpack_sharing_enabled":true,"post_mailing_queue_ids":[],"_links":{"self":[{"href":"https:\/\/www.emilysentourage.org\/sv\/wp-json\/wp\/v2\/posts\/16946","targetHints":{"allow":["GET"]}}],"collection":[{"href":"https:\/\/www.emilysentourage.org\/sv\/wp-json\/wp\/v2\/posts"}],"about":[{"href":"https:\/\/www.emilysentourage.org\/sv\/wp-json\/wp\/v2\/types\/post"}],"author":[{"embeddable":true,"href":"https:\/\/www.emilysentourage.org\/sv\/wp-json\/wp\/v2\/users\/1281"}],"replies":[{"embeddable":true,"href":"https:\/\/www.emilysentourage.org\/sv\/wp-json\/wp\/v2\/comments?post=16946"}],"version-history":[{"count":5,"href":"https:\/\/www.emilysentourage.org\/sv\/wp-json\/wp\/v2\/posts\/16946\/revisions"}],"predecessor-version":[{"id":16966,"href":"https:\/\/www.emilysentourage.org\/sv\/wp-json\/wp\/v2\/posts\/16946\/revisions\/16966"}],"wp:featuredmedia":[{"embeddable":true,"href":"https:\/\/www.emilysentourage.org\/sv\/wp-json\/wp\/v2\/media\/16948"}],"wp:attachment":[{"href":"https:\/\/www.emilysentourage.org\/sv\/wp-json\/wp\/v2\/media?parent=16946"}],"wp:term":[{"taxonomy":"category","embeddable":true,"href":"https:\/\/www.emilysentourage.org\/sv\/wp-json\/wp\/v2\/categories?post=16946"},{"taxonomy":"post_tag","embeddable":true,"href":"https:\/\/www.emilysentourage.org\/sv\/wp-json\/wp\/v2\/tags?post=16946"}],"curies":[{"name":"wp","href":"https:\/\/api.w.org\/{rel}","templated":true}]}}