{"id":16574,"date":"2022-01-04T13:10:34","date_gmt":"2022-01-04T18:10:34","guid":{"rendered":"https:\/\/www.emilysentourage.org\/?p=16574"},"modified":"2022-01-06T12:26:03","modified_gmt":"2022-01-06T17:26:03","slug":"harnessing-our-superpower","status":"publish","type":"post","link":"https:\/\/www.emilysentourage.org\/sv\/harnessing-our-superpower\/","title":{"rendered":"Utnyttja v\u00e5r superkraft"},"content":{"rendered":"<p><em>Av Jessica Rutstein Lazarus, styrelseledamot i Emily's Entourage och Emilys livsl\u00e5nga b\u00e4sta v\u00e4n<\/em><\/p>\n<p style=\"text-align: justify;\"><span style=\"font-weight: 400;\">Om du k\u00e4nner Emily s\u00e5 vet du att hennes superkrafter \u00e4r m\u00e5nga. Hon \u00e4r smart, omt\u00e4nksam, medk\u00e4nnande, fram\u00e5tblickande och mycket motiverad - f\u00f6r att bara skrapa p\u00e5 ytan. Hon \u00e4r ocks\u00e5 lojal, sj\u00e4lvs\u00e4ker, \u00e4rlig och otroligt driven.&nbsp;&nbsp;<\/span><\/p>\n<p style=\"text-align: justify;\"><span style=\"font-weight: 400;\">F\u00f6rra m\u00e5nadens Evening with Emily's Entourage-gala, \"The Power of 10\", fick mig att b\u00e5de reflektera \u00f6ver det kraftfulla momentum som Emily's Entourage har utvecklat under de senaste 10 \u00e5ren, och \u00e4ven t\u00e4nka p\u00e5 den obeskrivliga styrka och energi jag personligen k\u00e4nner n\u00e4r jag omges av ett Entourage som str\u00e4var mot ett gemensamt m\u00e5l. Som en f\u00f6ljd av denna tr\u00e5d, och i v\u00e4ntan p\u00e5 Emilys 37-\u00e5rsdag nu p\u00e5 s\u00f6ndag, ville jag<\/span><span style=\"font-weight: 400;\">Jag t\u00e4nkte dela med mig av n\u00e5gra tankar om Emilys superkrafter och hur hon lockar fram f\u00f6r\u00e4ndringsmakaren i oss alla.<\/span><\/p>\n<p><img fetchpriority=\"high\" decoding=\"async\" class=\"alignnone wp-image-16598\" src=\"https:\/\/www.emilysentourage.org\/wp-content\/uploads\/2022-Emilys-birthday-blog-post_website-300x200.png\" alt=\"\" width=\"1385\" height=\"923\" srcset=\"https:\/\/www.emilysentourage.org\/wp-content\/uploads\/2022-Emilys-birthday-blog-post_website-300x200.png 300w, https:\/\/www.emilysentourage.org\/wp-content\/uploads\/2022-Emilys-birthday-blog-post_website-1024x683.png 1024w, https:\/\/www.emilysentourage.org\/wp-content\/uploads\/2022-Emilys-birthday-blog-post_website-768x512.png 768w, https:\/\/www.emilysentourage.org\/wp-content\/uploads\/2022-Emilys-birthday-blog-post_website-1536x1024.png 1536w, https:\/\/www.emilysentourage.org\/wp-content\/uploads\/2022-Emilys-birthday-blog-post_website-2048x1365.png 2048w, https:\/\/www.emilysentourage.org\/wp-content\/uploads\/2022-Emilys-birthday-blog-post_website-18x12.png 18w, https:\/\/www.emilysentourage.org\/wp-content\/uploads\/2022-Emilys-birthday-blog-post_website-600x400.png 600w\" sizes=\"(max-width: 1385px) 100vw, 1385px\" \/><\/p>\n<p style=\"text-align: justify;\"><span style=\"font-weight: 400;\">Emily \u00e4r v\u00e4lformulerad och till synes enkelt v\u00e4ltalig och har ett s\u00e5dant s\u00e4tt att uttrycka sig att vi andra blir m\u00e5ll\u00f6sa och imponerade. Medan vissa av oss kanske snubblar f\u00f6r att hitta r\u00e4tt ord under en k\u00e4nslom\u00e4ssigt laddad eller utmanande situation, \u00e4r Emily den som har det perfekt formulerade svaret som tr\u00e4ffar r\u00e4tt ton av validering och medk\u00e4nsla. Oavsett om hon talar till mig, till hundratals supportrar eller till v\u00e4rldens ledande forskare kan hon hitta de perfekta orden som verkligen n\u00e5r fram till var och en av oss och inspirerar. Emilys ord har en unik f\u00f6rm\u00e5ga att verkligen skapa kontakt med andra, att f\u00e5 oss att k\u00e4nna oss sedda och f\u00f6rst\u00e5dda p\u00e5 ett s\u00e4tt som \u00e4r s\u00e5 viktigt f\u00f6r hela v\u00e5r existens.&nbsp;<\/span><\/p>\n<p style=\"text-align: justify;\"><span style=\"font-weight: 400;\">Emily minns saker - verkligen minns - fr\u00e5n var vi befann oss vid vissa livsh\u00e4ndelser, till triviala saker som vi n\u00e4mner f\u00f6r henne i f\u00f6rbifarten, till kommande m\u00f6ten som vi k\u00e4nner oss nerv\u00f6sa inf\u00f6r. Om du n\u00e4mner n\u00e5got som du funderar p\u00e5 kommer Emily att kontakta dig f\u00f6r att f\u00f6lja upp det och hon kommer minuti\u00f6st ih\u00e5g de detaljer du l\u00e4mnat. (Jag har ocks\u00e5 turen att jag personligen kan lita p\u00e5 hennes minne n\u00e4r det g\u00e4ller v\u00e5r gemensamma sociala historia. Det \u00e4r en s\u00e5dan l\u00e4ttnad n\u00e4r jag inte kommer ih\u00e5g vem som var med i v\u00e5r klass i 6:e klass eller var vi \u00e5t middag p\u00e5 hennes 26-\u00e5rsdag, och hon \u00e4r den jag kan fr\u00e5ga!)&nbsp;<\/span><\/p>\n<p><img decoding=\"async\" class=\"alignnone wp-image-16599\" src=\"https:\/\/www.emilysentourage.org\/wp-content\/uploads\/2022-Emilys-birthday-blog-post_website-1-300x200.png\" alt=\"\" width=\"1385\" height=\"923\" srcset=\"https:\/\/www.emilysentourage.org\/wp-content\/uploads\/2022-Emilys-birthday-blog-post_website-1-300x200.png 300w, https:\/\/www.emilysentourage.org\/wp-content\/uploads\/2022-Emilys-birthday-blog-post_website-1-1024x683.png 1024w, https:\/\/www.emilysentourage.org\/wp-content\/uploads\/2022-Emilys-birthday-blog-post_website-1-768x512.png 768w, https:\/\/www.emilysentourage.org\/wp-content\/uploads\/2022-Emilys-birthday-blog-post_website-1-1536x1024.png 1536w, https:\/\/www.emilysentourage.org\/wp-content\/uploads\/2022-Emilys-birthday-blog-post_website-1-2048x1365.png 2048w, https:\/\/www.emilysentourage.org\/wp-content\/uploads\/2022-Emilys-birthday-blog-post_website-1-18x12.png 18w, https:\/\/www.emilysentourage.org\/wp-content\/uploads\/2022-Emilys-birthday-blog-post_website-1-600x400.png 600w\" sizes=\"(max-width: 1385px) 100vw, 1385px\" \/><\/p>\n<p style=\"text-align: justify;\"><span style=\"font-weight: 400;\">Jag b\u00f6r ocks\u00e5 n\u00e4mna att Emily kan vara otroligt f\u00e5nig och har ett fantastiskt skratt, och n\u00e4r vi v\u00e4l har kommit ig\u00e5ng \u00e4r det ofta sv\u00e5rt att sluta, utan vi forts\u00e4tter att reta upp den andra tills \u00f6gonen t\u00e5ras och sidorna g\u00f6r ont. Vi har bokstavligen rullat p\u00e5 golvet i ett anfall av okontrollerat skratt, och vi \u00e4r verkligen vana vid att f\u00e5 kritiska blickar p\u00e5 restauranger n\u00e4r v\u00e5rt bord n\u00e5r en ov\u00e4rdig ljudniv\u00e5 av skratt.&nbsp;<\/span><\/p>\n<blockquote><p><span style=\"font-weight: 400;\">Men vet du vad som kanske \u00e4r Emilys st\u00f6rsta kraft av alla? Hennes f\u00f6rm\u00e5ga att st\u00e4rka var och en av <span style=\"text-decoration: underline;\">oss<\/span><\/span><span style=\"font-weight: 400;\">&nbsp;och hj\u00e4lpa oss att f\u00f6rverkliga v\u00e5r egen superkraft - kraften att driva verklig f\u00f6r\u00e4ndring.&nbsp;<\/span><\/p><\/blockquote>\n<p style=\"text-align: justify;\"><span style=\"font-weight: 400;\">Tillsammans, som en Entourage, \u00e4r vi en grupp f\u00f6r\u00e4ndringsakt\u00f6rer och systemst\u00f6rare, och vi \u00e4r ett bevis p\u00e5 att patient- och familjeledda organisationer kan \u00e5stadkomma verklig, meningsfull f\u00f6r\u00e4ndring. Det Emily var f\u00f6rutseende nog att f\u00f6rst\u00e5 och str\u00e4va efter \u00e4r att om vi sammanf\u00f6r en mycket motiverad grupp m\u00e4nniskor med ett gemensamt m\u00e5l, enskilda intressenter och en m\u00e5ngsidig grupp vetenskapsm\u00e4n och forskare - s\u00e5 kan vi <em>kan <\/em><\/span><span style=\"font-weight: 400;\">f\u00f6r\u00e4ndra v\u00e4rlden.&nbsp;<\/span><\/p>\n<p><span style=\"font-weight: 400;\">P\u00e5 Emilys f\u00f6delsedag, l\u00e5t oss fullt ut inse denna kraft, l\u00e5t oss multiplicera den, l\u00e5t oss se till att v\u00e5r passion forts\u00e4tter att driva denna organisation fram\u00e5t, och l\u00e5t oss forts\u00e4tta att krossa varje riktm\u00e4rke och m\u00e5l vi siktar p\u00e5 tills vi n\u00e5r v\u00e5rt ultimata m\u00e5l: livr\u00e4ddande genombrott och ett botemedel mot <em>alla<\/em> med CF, ingen l\u00e4mnas efter. Tillsammans g\u00f6r vi verkliga framsteg och som en m\u00e4ktig Entourage \u00e4r v\u00e5r kraft o\u00e4ndlig.&nbsp;&nbsp;<\/span><\/p>\n<p><img decoding=\"async\" class=\"alignnone wp-image-16600\" src=\"https:\/\/www.emilysentourage.org\/wp-content\/uploads\/2022-Emilys-birthday-blog-post_website-3-300x200.png\" alt=\"\" width=\"1385\" height=\"923\" srcset=\"https:\/\/www.emilysentourage.org\/wp-content\/uploads\/2022-Emilys-birthday-blog-post_website-3-300x200.png 300w, https:\/\/www.emilysentourage.org\/wp-content\/uploads\/2022-Emilys-birthday-blog-post_website-3-1024x683.png 1024w, https:\/\/www.emilysentourage.org\/wp-content\/uploads\/2022-Emilys-birthday-blog-post_website-3-768x512.png 768w, https:\/\/www.emilysentourage.org\/wp-content\/uploads\/2022-Emilys-birthday-blog-post_website-3-1536x1024.png 1536w, https:\/\/www.emilysentourage.org\/wp-content\/uploads\/2022-Emilys-birthday-blog-post_website-3-2048x1365.png 2048w, https:\/\/www.emilysentourage.org\/wp-content\/uploads\/2022-Emilys-birthday-blog-post_website-3-18x12.png 18w, https:\/\/www.emilysentourage.org\/wp-content\/uploads\/2022-Emilys-birthday-blog-post_website-3-600x400.png 600w\" sizes=\"(max-width: 1385px) 100vw, 1385px\" \/><\/p>\n<p style=\"text-align: justify;\"><span style=\"font-weight: 400;\">I \u00e5r kommer pandemin att h\u00e5lla mig och Emily \u00e5tskilda p\u00e5 hennes f\u00f6delsedag \u00e4nnu en g\u00e5ng, eftersom hon g\u00e5r in i sin 23:e m\u00e5nad av strikt karant\u00e4n. Men vi kan \u00e4nd\u00e5 g\u00f6ra hennes dag extra speciell genom att anv\u00e4nda v\u00e5ra superkrafter f\u00f6r att forts\u00e4tta f\u00f6r\u00e4ndra v\u00e4rlden - <\/span><span style=\"font-weight: 400;\">f\u00f6r henne och alla andra i den sista 10% av cystisk fibros (CF)-gemenskapen som beh\u00f6ver oss.&nbsp;<\/span><\/p>\n<p><b>I \u00e5r kan du \u00f6verv\u00e4ga att donera $37 f\u00f6r att hedra Emilys 37-\u00e5rsdag. Tillsammans kan vi f\u00f6rverkliga hennes h\u00f6gsta \u00f6nskan - ett botemedel f\u00f6r ALLA med CF!<\/b><\/p>\n<p style=\"text-align: center;\"><a class=\"fasc-button fasc-size-large fasc-type-flat fasc-rounded-medium fasc-style-bold\" style=\"background-color: #462561; color: #ffffff;\" target=\"_blank\" rel=\"noopener\" href=\"https:\/\/www.emilysentourage.org\/sv\/37for37\/\">DONERA $37 F\u00d6R EMILYS 37:E F\u00d6DELSEDAG<\/a><\/p>","protected":false},"excerpt":{"rendered":"<p>By Jessica Rutstein Lazarus, Emily&#8217;s Entourage board member and Emily&#8217;s lifelong best friend If you know Emily, then you know that her superpowers are many. She\u2019s smart, thoughtful, compassionate, forward-thinking, and highly motivated \u2014 to merely scratch the surface. She\u2019s also loyal, assertive, honest, and incredibly driven.&nbsp;&nbsp; Last month\u2019s Evening with Emily\u2019s Entourage gala, \u201cThe&#8230; <\/p>\n<div class=\"clear\"><\/div>\n<p><a href=\"https:\/\/www.emilysentourage.org\/sv\/harnessing-our-superpower\/\" class=\"excerpt-read-more\">L\u00e4s mer om<\/a><\/p>","protected":false},"author":1281,"featured_media":16598,"comment_status":"open","ping_status":"closed","sticky":false,"template":"","format":"standard","meta":{"_acf_changed":false,"_seopress_robots_primary_cat":"none","_seopress_titles_title":"","_seopress_titles_desc":"","_seopress_robots_index":"","_monsterinsights_skip_tracking":false,"_monsterinsights_sitenote_active":false,"_monsterinsights_sitenote_note":"","_monsterinsights_sitenote_category":0,"_jetpack_memberships_contains_paid_content":false,"footnotes":""},"categories":[1],"tags":[],"class_list":["post-16574","post","type-post","status-publish","format-standard","has-post-thumbnail","hentry","category-uncategorized"],"acf":[],"jetpack_featured_media_url":"https:\/\/www.emilysentourage.org\/wp-content\/uploads\/2022-Emilys-birthday-blog-post_website.png","jetpack_sharing_enabled":true,"post_mailing_queue_ids":[],"_links":{"self":[{"href":"https:\/\/www.emilysentourage.org\/sv\/wp-json\/wp\/v2\/posts\/16574","targetHints":{"allow":["GET"]}}],"collection":[{"href":"https:\/\/www.emilysentourage.org\/sv\/wp-json\/wp\/v2\/posts"}],"about":[{"href":"https:\/\/www.emilysentourage.org\/sv\/wp-json\/wp\/v2\/types\/post"}],"author":[{"embeddable":true,"href":"https:\/\/www.emilysentourage.org\/sv\/wp-json\/wp\/v2\/users\/1281"}],"replies":[{"embeddable":true,"href":"https:\/\/www.emilysentourage.org\/sv\/wp-json\/wp\/v2\/comments?post=16574"}],"version-history":[{"count":5,"href":"https:\/\/www.emilysentourage.org\/sv\/wp-json\/wp\/v2\/posts\/16574\/revisions"}],"predecessor-version":[{"id":16577,"href":"https:\/\/www.emilysentourage.org\/sv\/wp-json\/wp\/v2\/posts\/16574\/revisions\/16577"}],"wp:featuredmedia":[{"embeddable":true,"href":"https:\/\/www.emilysentourage.org\/sv\/wp-json\/wp\/v2\/media\/16598"}],"wp:attachment":[{"href":"https:\/\/www.emilysentourage.org\/sv\/wp-json\/wp\/v2\/media?parent=16574"}],"wp:term":[{"taxonomy":"category","embeddable":true,"href":"https:\/\/www.emilysentourage.org\/sv\/wp-json\/wp\/v2\/categories?post=16574"},{"taxonomy":"post_tag","embeddable":true,"href":"https:\/\/www.emilysentourage.org\/sv\/wp-json\/wp\/v2\/tags?post=16574"}],"curies":[{"name":"wp","href":"https:\/\/api.w.org\/{rel}","templated":true}]}}