{"id":16505,"date":"2021-12-23T13:39:32","date_gmt":"2021-12-23T18:39:32","guid":{"rendered":"https:\/\/www.emilysentourage.org\/?p=16505"},"modified":"2023-12-20T05:21:55","modified_gmt":"2023-12-20T10:21:55","slug":"the-power-of-10-drive-in-gala-celebrates-historic-milestone-for-emilys-entourage","status":"publish","type":"post","link":"https:\/\/www.emilysentourage.org\/sv\/the-power-of-10-drive-in-gala-celebrates-historic-milestone-for-emilys-entourage\/","title":{"rendered":"\"The Power of 10\" Drive-in-gala firar historisk milstolpe f\u00f6r Emilys entourage"},"content":{"rendered":"<p style=\"text-align: justify;\"><span style=\"font-weight: 400;\">Allt (och vi menar <\/span><em><strong>allt<\/strong><\/em>) <span style=\"font-weight: 400;\">om den 10:e \u00e5rliga galan Evening with Emily's Entourage, som h\u00f6lls l\u00f6rdagen den 4 december 2021, var anm\u00e4rkningsv\u00e4rd.<\/span><\/p>\n<p style=\"text-align: justify;\"><span style=\"font-weight: 400;\">F\u00f6rst och fr\u00e4mst, f\u00f6r att fira v\u00e5rt betydelsefulla 10-\u00e5rsjubileum, gick Emily's Entourage (EE) ut med en uppmaning om att n\u00e5 v\u00e5rt insamlingsm\u00e5l p\u00e5 $10 miljoner - och v\u00e5ra supportrar d\u00f6k upp. Det var ett dj\u00e4rvt m\u00e5l och vi \u00e4r fortfarande imponerade och <\/span><em><span style=\"font-weight: 400;\">bortom all tacksamhet<\/span><\/em><span style=\"font-weight: 400;\"> att dela med sig av det <\/span><b>vi gjorde det<\/b><span style=\"font-weight: 400;\">!!! Vi n\u00e5dde $10 miljoner!!!<\/span><\/p>\n<p style=\"text-align: justify;\"><img fetchpriority=\"high\" decoding=\"async\" class=\"alignnone wp-image-16507\" src=\"https:\/\/www.emilysentourage.org\/wp-content\/uploads\/2021-Philly-Gala_10-Million-300x200.png\" alt=\"\" width=\"1385\" height=\"923\" srcset=\"https:\/\/www.emilysentourage.org\/wp-content\/uploads\/2021-Philly-Gala_10-Million-300x200.png 300w, https:\/\/www.emilysentourage.org\/wp-content\/uploads\/2021-Philly-Gala_10-Million-1024x683.png 1024w, https:\/\/www.emilysentourage.org\/wp-content\/uploads\/2021-Philly-Gala_10-Million-768x512.png 768w, https:\/\/www.emilysentourage.org\/wp-content\/uploads\/2021-Philly-Gala_10-Million-1536x1024.png 1536w, https:\/\/www.emilysentourage.org\/wp-content\/uploads\/2021-Philly-Gala_10-Million-2048x1365.png 2048w, https:\/\/www.emilysentourage.org\/wp-content\/uploads\/2021-Philly-Gala_10-Million-18x12.png 18w, https:\/\/www.emilysentourage.org\/wp-content\/uploads\/2021-Philly-Gala_10-Million-600x400.png 600w\" sizes=\"(max-width: 1385px) 100vw, 1385px\" \/><\/p>\n<p style=\"text-align: justify;\"><span style=\"font-weight: 400;\">N\u00e4r teamet p\u00e5 EE b\u00f6rjade planera \u00e5rets gala visste vi att det beh\u00f6vde vara n\u00e5got speciellt f\u00f6r att fira v\u00e5rt milstolpejubileum. Men med tanke p\u00e5 att covid-19-frekvensen fortfarande \u00e4r h\u00f6g i Philadelphia-omr\u00e5det k\u00e4ndes det inte helt r\u00e4tt att h\u00e5lla galan i dess traditionella format. S\u00e5 i typisk EE-anda slog vi v\u00e5ra kloka huvuden ihop och kom p\u00e5 ett sp\u00e4nnande, okonventionellt nytt format som b\u00e5de var covid-19-s\u00e4kert och utnyttjade den unika magi som uppst\u00e5r n\u00e4r man samlar en samling passionerade m\u00e4nniskor p\u00e5 samma plats i realtid.\u00a0<\/span><\/p>\n<p style=\"text-align: justify;\"><b>EE:s f\u00f6rsta drive-in-gala n\u00e5gonsin, \"The Power of 10\" - ett passande namn p\u00e5 firandet d\u00e5 EE n\u00e4rmade sig $10 miljoner insamlade under 10 \u00e5r f\u00f6r de sista 10% av personer med cystisk fibros (CF) som inte har nytta av befintliga mutationsinriktade behandlingar.<\/b><\/p>\n<p style=\"text-align: justify;\"><span style=\"font-weight: 400;\">Kv\u00e4llen h\u00f6lls p\u00e5 parkeringsplatsen vid Adath Israel i Merion Station, Pennsylvania, och samlade hundratals anh\u00e4ngare, b\u00e5de fysiska och virtuella - allt f\u00f6r att p\u00e5skynda genombrotten f\u00f6r m\u00e4nniskor med nonsensmutationer av CF.<\/span><\/p>\n<p style=\"text-align: justify;\"><span style=\"font-weight: 400;\">G\u00e4sterna v\u00e4lkomnades till evenemanget med retrovibbar i drive-in-biografstil, inklusive popcorn och snacksl\u00e5dor som levererades till bilf\u00f6nstren, ett koncessionsst\u00e5nd, ikoniska filmteman som str\u00f6mmade ut fr\u00e5n h\u00f6gtalarna och EE-volont\u00e4rernas v\u00e4nliga ansikten (med leenden som man kunde se \u00e4ven under deras masker!).<\/span><\/p>\n<p style=\"text-align: justify;\"><img decoding=\"async\" class=\"alignnone wp-image-16508\" src=\"https:\/\/www.emilysentourage.org\/wp-content\/uploads\/2021-Philly-Gala_Event-Elements-300x200.png\" alt=\"\" width=\"1385\" height=\"923\" srcset=\"https:\/\/www.emilysentourage.org\/wp-content\/uploads\/2021-Philly-Gala_Event-Elements-300x200.png 300w, https:\/\/www.emilysentourage.org\/wp-content\/uploads\/2021-Philly-Gala_Event-Elements-1024x683.png 1024w, https:\/\/www.emilysentourage.org\/wp-content\/uploads\/2021-Philly-Gala_Event-Elements-768x512.png 768w, https:\/\/www.emilysentourage.org\/wp-content\/uploads\/2021-Philly-Gala_Event-Elements-1536x1024.png 1536w, https:\/\/www.emilysentourage.org\/wp-content\/uploads\/2021-Philly-Gala_Event-Elements-2048x1365.png 2048w, https:\/\/www.emilysentourage.org\/wp-content\/uploads\/2021-Philly-Gala_Event-Elements-18x12.png 18w, https:\/\/www.emilysentourage.org\/wp-content\/uploads\/2021-Philly-Gala_Event-Elements-600x400.png 600w\" sizes=\"(max-width: 1385px) 100vw, 1385px\" \/><\/p>\n<p style=\"text-align: justify;\"><span style=\"font-weight: 400;\">Coby Kramer-Golinkoff, styrelseledamot och bror till EE:s medgrundare Emily Kramer-Golinkoff, ledde kv\u00e4llens evenemang, v\u00e4lkomnade b\u00e5de personliga och virtuella deltagare och satte scenen f\u00f6r kv\u00e4llen n\u00e4r han ber\u00e4ttade om EE:s outtr\u00f6ttliga arbete f\u00f6r att s\u00e4kerst\u00e4lla att <\/span><b>alla<\/b><span style=\"font-weight: 400;\"> i CF-communityn f\u00e5r uppleva livr\u00e4ddande genombrott under sin livstid.<\/span><\/p>\n<p style=\"text-align: justify;\"><span style=\"font-weight: 400;\">Han f\u00f6ljdes av den st\u00e4ndigt inspirerande Sheryl Sandberg, Chief Operating Officer p\u00e5 Meta, som delade ett djupt hj\u00e4rtligt meddelande till Entourage. Sheryl ber\u00e4ttade om sitt f\u00f6rsta m\u00f6te med EE:s medgrundare Emily och Liza 2017 och om hur m\u00f6tet ber\u00f6rde henne personligen. Hon fortsatte med att beskriva sin respekt f\u00f6r b\u00e5de Emily och EE.<\/span><\/p>\n<blockquote><p><span style=\"font-weight: 400;\">\"Kollektiv motst\u00e5ndskraft f\u00f6r\u00e4ndrar liv ... Vi bygger inte bara motst\u00e5ndskraft i oss sj\u00e4lva, utan vi bygger det i varandra. Och det \u00e4r precis vad Emily's Entourage handlar om.\" - Sheryl Sandberg<\/span><\/p><\/blockquote>\n<p style=\"text-align: justify;\"><span style=\"font-weight: 400;\">D\u00e4refter gick Emilys syster Julia Kramer-Golinkoff upp p\u00e5 scenen f\u00f6r att hylla kv\u00e4llens hedersordf\u00f6rande Lorri och Ted Bernstein och tacka dem f\u00f6r att ha varit \"en k\u00e4lla till livsuppeh\u00e5llande st\u00f6d\" f\u00f6r EE.\u00a0<\/span><\/p>\n<p style=\"text-align: justify;\"><span style=\"font-weight: 400;\">Lorri och Ted gick sedan upp p\u00e5 scenen f\u00f6r att dela med sig av sin djupa uppskattning f\u00f6r hela familjen Kramer-Golinkoff och vad som skiljer EE fr\u00e5n andra filantroper, och kallade det \"en organisation genomsyrad av k\u00e4rlek\". Ted uppmanade deltagarna att f\u00f6rnya sitt engagemang f\u00f6r att g\u00f6ra allt de kan f\u00f6r att f\u00f6rverkliga dr\u00f6mmen om ett botemedel och g\u00f6ra 10-\u00e5rsjubileet till det b\u00e4sta EE-evenemanget hittills.<\/span><\/p>\n<p style=\"text-align: justify;\"><img decoding=\"async\" class=\"alignnone wp-image-16509\" src=\"https:\/\/www.emilysentourage.org\/wp-content\/uploads\/2021-Philly-Gala_Co-Chairs-300x200.png\" alt=\"\" width=\"1385\" height=\"923\" srcset=\"https:\/\/www.emilysentourage.org\/wp-content\/uploads\/2021-Philly-Gala_Co-Chairs-300x200.png 300w, https:\/\/www.emilysentourage.org\/wp-content\/uploads\/2021-Philly-Gala_Co-Chairs-1024x683.png 1024w, https:\/\/www.emilysentourage.org\/wp-content\/uploads\/2021-Philly-Gala_Co-Chairs-768x512.png 768w, https:\/\/www.emilysentourage.org\/wp-content\/uploads\/2021-Philly-Gala_Co-Chairs-1536x1024.png 1536w, https:\/\/www.emilysentourage.org\/wp-content\/uploads\/2021-Philly-Gala_Co-Chairs-2048x1365.png 2048w, https:\/\/www.emilysentourage.org\/wp-content\/uploads\/2021-Philly-Gala_Co-Chairs-18x12.png 18w, https:\/\/www.emilysentourage.org\/wp-content\/uploads\/2021-Philly-Gala_Co-Chairs-600x400.png 600w\" sizes=\"(max-width: 1385px) 100vw, 1385px\" \/><\/p>\n<p style=\"text-align: justify;\"><span style=\"font-weight: 400;\">Coby \u00e5terv\u00e4nde till scenen f\u00f6r att tacka alla de gener\u00f6sa sponsorer, supportrar, donatorer och EE-personal som gjorde kv\u00e4llen m\u00f6jlig, inklusive Presenting Sponsor Vertex Pharmaceuticals, Amethyst Sponsor Viatris, donatorer Adath Israel, TPD Design House och s\u00e5 m\u00e5nga fler. Han l\u00e4mnade sedan \u00f6ver stafettpinnen till den m\u00e5ng\u00e5riga EE-supportern Nikki Bernstein, som uppm\u00e4rksammade 2021 \u00e5rs prestationer <\/span><a href=\"https:\/\/www.emilysentourage.org\/sv\/cf-crew\/\"><span style=\"font-weight: 400;\">CureFinders bes\u00e4ttning<\/span><\/a><span style=\"font-weight: 400;\"> (CF Crew) och <\/span><a href=\"https:\/\/www.emilysentourage.org\/sv\/become-a-champion\/\">skapa ett team<\/a><span style=\"font-weight: 400;\">.<\/span><\/p>\n<p style=\"text-align: justify;\"><span style=\"font-weight: 400;\">\u00c5rets CF Crew, som bestod av 10 personer med CF och deras n\u00e4ra och k\u00e4ra, samlade in h\u00e4pnadsv\u00e4ckande $57.352 f\u00f6r att p\u00e5skynda genombrott f\u00f6r de sista 10%!!!<\/span><\/p>\n<p style=\"text-align: justify;\"><span style=\"font-weight: 400;\">2021 Champions bestod av sju individer och fem lag och inkluderade personer med en m\u00e4ngd olika f\u00e4rdigheter, bakgrunder och kopplingar till EE, inklusive mahjongspelare, nyblivna f\u00f6r\u00e4ldrar, l\u00e4rare, bagare och n\u00e5gra av Emilys n\u00e4rmaste barndoms- och collegev\u00e4nner. Denna grupp gjorde verkligen sitt yttersta och samlade tillsammans in $31 484 i jakten p\u00e5 ett botemedel!<\/span><\/p>\n<p style=\"text-align: justify;\"><span style=\"font-weight: 400;\">Nikki fortsatte sedan med att tillk\u00e4nnage 2021 \u00e5rs Champion of the Year, \"Team Seeking a Cure!\". Denna grupp, som best\u00e5r av Emilys b\u00e4sta v\u00e4nner fr\u00e5n college, samlade in h\u00e4pnadsv\u00e4ckande $14,313! Julie Wertheimer tog emot utm\u00e4rkelsen f\u00f6r sitt teams r\u00e4kning.<\/span><\/p>\n<p style=\"text-align: justify;\"><img loading=\"lazy\" decoding=\"async\" class=\"alignnone wp-image-16510\" src=\"https:\/\/www.emilysentourage.org\/wp-content\/uploads\/2021-Philly-Gala_Champ-of-the-Year-300x200.png\" alt=\"\" width=\"1385\" height=\"923\" srcset=\"https:\/\/www.emilysentourage.org\/wp-content\/uploads\/2021-Philly-Gala_Champ-of-the-Year-300x200.png 300w, https:\/\/www.emilysentourage.org\/wp-content\/uploads\/2021-Philly-Gala_Champ-of-the-Year-1024x683.png 1024w, https:\/\/www.emilysentourage.org\/wp-content\/uploads\/2021-Philly-Gala_Champ-of-the-Year-768x512.png 768w, https:\/\/www.emilysentourage.org\/wp-content\/uploads\/2021-Philly-Gala_Champ-of-the-Year-1536x1024.png 1536w, https:\/\/www.emilysentourage.org\/wp-content\/uploads\/2021-Philly-Gala_Champ-of-the-Year-2048x1365.png 2048w, https:\/\/www.emilysentourage.org\/wp-content\/uploads\/2021-Philly-Gala_Champ-of-the-Year-18x12.png 18w, https:\/\/www.emilysentourage.org\/wp-content\/uploads\/2021-Philly-Gala_Champ-of-the-Year-600x400.png 600w\" sizes=\"(max-width: 1385px) 100vw, 1385px\" \/><\/p>\n<p style=\"text-align: justify;\"><span style=\"font-weight: 400;\">D\u00e4refter fick deltagarna se en tillbakablickande video som tog dem med p\u00e5 en resa fr\u00e5n starten av EE 2011 till d\u00e4r vi befinner oss idag. <\/span><\/p>\n<p><iframe title=\"10 \u00e5r av p\u00e5verkan\" width=\"960\" height=\"540\" src=\"https:\/\/www.youtube.com\/embed\/e5aVLPH11r4?feature=oembed\" frameborder=\"0\" allow=\"accelerometer; autoplay; clipboard-write; encrypted-media; gyroscope; picture-in-picture\" allowfullscreen><\/iframe><\/p>\n<p style=\"text-align: justify;\"><span style=\"font-weight: 400;\">Videon f\u00f6ljdes av Emilys mycket efterl\u00e4ngtade och alltid kraftfulla tal, d\u00e4r hon ber\u00e4ttade om sin diagnos med en ny hj\u00e4rtkomplikation av CF 2021 - resultatet av att ha levt med CF med s\u00e5 l\u00e5g lungfunktion i n\u00e4stan ett decennium. Hon ber\u00e4ttade hur b\u00e5de hon, som en person med l\u00e5ngt framskriden CF, och EE forts\u00e4tter att trotsa alla odds - f\u00f6ljt av en detaljerad redog\u00f6relse f\u00f6r sp\u00e4nnande framsteg inom forskning som finansieras av EE, d\u00e4r hon noterade att projekt g\u00e5r vidare till klinisk fas, vilket inneb\u00e4r att potentiella behandlingar faktiskt n\u00e5r patienter.<\/span><\/p>\n<p style=\"text-align: justify;\"><span style=\"font-weight: 400;\">Detta \u00e4r kanske det b\u00e4sta beviset p\u00e5 EE:s framsteg! Dessa framsteg inneb\u00e4r inte bara hopp f\u00f6r CF-communityn, utan understryker ocks\u00e5 EE:s unika f\u00f6rm\u00e5ga att identifiera den mest lovande forskningen, sammankalla de ledande akt\u00f6rerna och anv\u00e4nda nya finansieringsmekanismer f\u00f6r att snabbt f\u00e5 ut livr\u00e4ddande behandlingar till patienterna.<\/span><\/p>\n<blockquote><p><span style=\"font-weight: 400;\">\"Du kan inte bara f\u00f6rv\u00e4rva den typ av passion, or\u00e4ddhet och drivkraft att vinna som vi, detta helt fantastiska Entourage, tillsammans har. Det \u00e4r den kraft som skapar genombrott.\" - Emily Kramer-Golinkoff <\/span><\/p><\/blockquote>\n<p style=\"text-align: justify;\"><span style=\"font-weight: 400;\">Coby \u00e5terv\u00e4nde till scenen f\u00f6r att ber\u00e4tta om n\u00e4r han f\u00f6r f\u00f6rsta g\u00e5ngen h\u00f6rde talas om den f\u00f6rv\u00e4ntade medellivsl\u00e4ngden f\u00f6r en person med CF och delade sin misstro n\u00e4r han ins\u00e5g att hans \u00e4ldre systers liv kanske skulle f\u00f6rkortas av sjukdomen. Han fortsatte med att diskutera viktiga \u00f6gonblick i livet som f\u00f6r\u00e4ndrar allt - fr\u00e5n att skapa den f\u00f6rsta videon som lanserade EE till hur pandemin har v\u00e4nt upp och ner p\u00e5 familjen Kramer-Golinkoffs liv (och s\u00e5 m\u00e5nga andras liv).\u00a0<\/span><\/p>\n<p style=\"text-align: justify;\"><span style=\"font-weight: 400;\">\"De h\u00e4r \u00f6gonblicken kan krossa v\u00e5rt universum, omdefiniera vad som \u00e4r m\u00f6jligt och f\u00f6r\u00e4ndra v\u00e4rlden\", s\u00e4ger han. \"Grejen med dessa \u00f6gonblick? Vi k\u00e4nner vanligtvis igen dem f\u00f6rst efter att de har passerat. Det som g\u00f6r kv\u00e4llen s\u00e5 speciell \u00e4r att vi befinner oss i ett av dessa \u00f6gonblick just nu!\"<\/span><\/p>\n<p style=\"text-align: justify;\"><span style=\"font-weight: 400;\">Coby bad deltagarna att ta tillf\u00e4llet i akt - att ge gener\u00f6st och avsluta jobbet f\u00f6r 100% i CF-communityn.<\/span><\/p>\n<p style=\"text-align: justify;\"><span style=\"font-weight: 400;\">En nedr\u00e4kning p\u00e5 5 minuter startade och donationerna b\u00f6rjade rulla in. Sedan kom en sp\u00e4nnande nyhet - varje donation skulle matchas med upp till $25.000 fr\u00e5n Kenneth and Gloria Friedman Foundation. Kenneths och Glorias dotter Rebecca har CF. Lyckligtvis \u00e4r hon en del av de 90% i CF-samh\u00e4llet som drar nytta av ett banbrytande l\u00e4kemedel, men familjen Friedman st\u00e5r med EE i tron att 90% inte \u00e4r tillr\u00e4ckligt bra och \u00e5tar sig att g\u00f6ra allt som kr\u00e4vs f\u00f6r att n\u00e5 100% i CF-samh\u00e4llet, och att g\u00f6ra det snabbt.\u00a0<\/span><\/p>\n<p style=\"text-align: justify;\"><span style=\"font-weight: 400;\">Termometern steg n\u00e4r donationer str\u00f6mmade in fr\u00e5n hela v\u00e4rlden och n\u00e5dde EE:s milstolpe f\u00f6r insamling av $10 miljoner!!! Tomtebloss exploderade, biltutor tj\u00f6t, LED-stavar viftade och en gospelk\u00f6r sj\u00f6ng n\u00e4r supportrar (b\u00e5de n\u00e4ra och fj\u00e4rran!!) firade en verkligt historisk kv\u00e4ll f\u00f6r hela Entourage!<\/span><\/p>\n<p style=\"text-align: justify;\"><img loading=\"lazy\" decoding=\"async\" class=\"alignnone wp-image-16511\" src=\"https:\/\/www.emilysentourage.org\/wp-content\/uploads\/2021-Philly-Gala_Celebration-300x200.png\" alt=\"\" width=\"1385\" height=\"923\" srcset=\"https:\/\/www.emilysentourage.org\/wp-content\/uploads\/2021-Philly-Gala_Celebration-300x200.png 300w, https:\/\/www.emilysentourage.org\/wp-content\/uploads\/2021-Philly-Gala_Celebration-1024x683.png 1024w, https:\/\/www.emilysentourage.org\/wp-content\/uploads\/2021-Philly-Gala_Celebration-768x512.png 768w, https:\/\/www.emilysentourage.org\/wp-content\/uploads\/2021-Philly-Gala_Celebration-1536x1024.png 1536w, https:\/\/www.emilysentourage.org\/wp-content\/uploads\/2021-Philly-Gala_Celebration-2048x1365.png 2048w, https:\/\/www.emilysentourage.org\/wp-content\/uploads\/2021-Philly-Gala_Celebration-18x12.png 18w, https:\/\/www.emilysentourage.org\/wp-content\/uploads\/2021-Philly-Gala_Celebration-600x400.png 600w\" sizes=\"(max-width: 1385px) 100vw, 1385px\" \/><\/p>\n<p style=\"text-align: justify;\"><a href=\"https:\/\/www.youtube.com\/watch?v=jORtnhr46i8\" target=\"_blank\" rel=\"noopener\"><span style=\"font-weight: 400;\">Se programmet i sin helhet h\u00e4r.\u00a0<\/span><\/a><\/p>\n<p style=\"text-align: justify;\"><b>HJ\u00c4LP OSS ATT AVSLUTA JOBBET F\u00d6R DEN SISTA 10%<\/b><\/p>\n<ol style=\"text-align: justify;\">\n<li style=\"font-weight: 400;\" aria-level=\"1\"><b>G\u00f6r en skatteavdragsgill donation<\/b> <span style=\"font-weight: 400;\"><strong>till Emily's Entourage.<\/strong> <\/span><a href=\"https:\/\/www.emilysentourage.org\/sv\/donate\/\" target=\"_blank\" rel=\"noopener\"><span style=\"font-weight: 400;\">Klicka h\u00e4r f\u00f6r att donera.<\/span><\/a><\/li>\n<li style=\"font-weight: 400;\" aria-level=\"1\"><b>Dela Emilys personliga v\u00e4djan om st\u00f6d. <\/b><span style=\"font-weight: 400;\">Klocka och s<\/span><span style=\"font-weight: 400;\">har sin video p\u00e5 <\/span><a href=\"https:\/\/www.facebook.com\/watch\/?v=276146384489325\" target=\"_blank\" rel=\"noopener\"><span style=\"font-weight: 400;\">Facebook<\/span><\/a><span style=\"font-weight: 400;\">, <\/span><a href=\"https:\/\/www.instagram.com\/p\/CXJmQxUIyG8\/\" target=\"_blank\" rel=\"noopener\"><span style=\"font-weight: 400;\">Instagram<\/span><\/a><span style=\"font-weight: 400;\">, <\/span><a href=\"https:\/\/twitter.com\/EmilysEntourage\/status\/1467907450317815809\" target=\"_blank\" rel=\"noopener\"><span style=\"font-weight: 400;\">Twitter<\/span><\/a><span style=\"font-weight: 400;\">, och <\/span><a href=\"https:\/\/www.linkedin.com\/feed\/update\/urn:li:activity:6873649984739299328\" target=\"_blank\" rel=\"noopener\"><span style=\"font-weight: 400;\">LinkedIn<\/span><\/a><span style=\"font-weight: 400;\">och uppmuntra ditt n\u00e4tverk att ocks\u00e5 sprida den vidare!<\/span><\/li>\n<\/ol>\n<p style=\"text-align: justify;\"><i><span style=\"font-weight: 400;\">Emily's Entourage vill tacka varje enskild medlem i Entourage som gjorde denna kv\u00e4ll och detta firande m\u00f6jligt. Oavsett om du har varit med oss sedan b\u00f6rjan eller om du var med oss f\u00f6r f\u00f6rsta g\u00e5ngen p\u00e5 den h\u00e4r galan, s\u00e5 ger ditt st\u00f6d oss kraft i v\u00e5r outtr\u00f6ttliga str\u00e4van att p\u00e5skynda genombrott f\u00f6r de sista 10%. Tack vare er \u00e4r vi ett steg n\u00e4rmare en framtid d\u00e4r ALLA med CF kan ta ett djupt andetag.<\/span><\/i><\/p>","protected":false},"excerpt":{"rendered":"<p>Allt (och vi menar allt) med den 10:e \u00e5rliga galan Evening with Emily's Entourage, som h\u00f6lls l\u00f6rdagen den 4 december 2021, var anm\u00e4rkningsv\u00e4rt. F\u00f6rst och fr\u00e4mst, f\u00f6r att fira v\u00e5rt betydelsefulla 10-\u00e5rsjubileum, gick Emily's Entourage (EE) ut med en uppmaning om att n\u00e5 v\u00e5rt insamlingsm\u00e5l p\u00e5 $10 miljoner - och v\u00e5ra supportrar d\u00f6k upp. Det var... <\/p>\n<div class=\"clear\"><\/div>\n<p><a href=\"https:\/\/www.emilysentourage.org\/sv\/the-power-of-10-drive-in-gala-celebrates-historic-milestone-for-emilys-entourage\/\" class=\"excerpt-read-more\">L\u00e4s mer om<\/a><\/p>","protected":false},"author":1281,"featured_media":16514,"comment_status":"open","ping_status":"closed","sticky":false,"template":"","format":"standard","meta":{"_acf_changed":false,"_seopress_robots_primary_cat":"none","_seopress_titles_title":"","_seopress_titles_desc":"","_seopress_robots_index":"","_monsterinsights_skip_tracking":false,"_monsterinsights_sitenote_active":false,"_monsterinsights_sitenote_note":"","_monsterinsights_sitenote_category":0,"_jetpack_memberships_contains_paid_content":false,"footnotes":""},"categories":[1],"tags":[],"class_list":["post-16505","post","type-post","status-publish","format-standard","has-post-thumbnail","hentry","category-uncategorized"],"acf":[],"jetpack_featured_media_url":"https:\/\/www.emilysentourage.org\/wp-content\/uploads\/0033_SNP_EE_Drive-inGala-scaled.jpg","jetpack_sharing_enabled":true,"post_mailing_queue_ids":[],"_links":{"self":[{"href":"https:\/\/www.emilysentourage.org\/sv\/wp-json\/wp\/v2\/posts\/16505","targetHints":{"allow":["GET"]}}],"collection":[{"href":"https:\/\/www.emilysentourage.org\/sv\/wp-json\/wp\/v2\/posts"}],"about":[{"href":"https:\/\/www.emilysentourage.org\/sv\/wp-json\/wp\/v2\/types\/post"}],"author":[{"embeddable":true,"href":"https:\/\/www.emilysentourage.org\/sv\/wp-json\/wp\/v2\/users\/1281"}],"replies":[{"embeddable":true,"href":"https:\/\/www.emilysentourage.org\/sv\/wp-json\/wp\/v2\/comments?post=16505"}],"version-history":[{"count":5,"href":"https:\/\/www.emilysentourage.org\/sv\/wp-json\/wp\/v2\/posts\/16505\/revisions"}],"predecessor-version":[{"id":20551,"href":"https:\/\/www.emilysentourage.org\/sv\/wp-json\/wp\/v2\/posts\/16505\/revisions\/20551"}],"wp:featuredmedia":[{"embeddable":true,"href":"https:\/\/www.emilysentourage.org\/sv\/wp-json\/wp\/v2\/media\/16514"}],"wp:attachment":[{"href":"https:\/\/www.emilysentourage.org\/sv\/wp-json\/wp\/v2\/media?parent=16505"}],"wp:term":[{"taxonomy":"category","embeddable":true,"href":"https:\/\/www.emilysentourage.org\/sv\/wp-json\/wp\/v2\/categories?post=16505"},{"taxonomy":"post_tag","embeddable":true,"href":"https:\/\/www.emilysentourage.org\/sv\/wp-json\/wp\/v2\/tags?post=16505"}],"curies":[{"name":"wp","href":"https:\/\/api.w.org\/{rel}","templated":true}]}}