{"id":15152,"date":"2021-01-06T18:27:58","date_gmt":"2021-01-06T23:27:58","guid":{"rendered":"https:\/\/www.emilysentourage.org\/?p=15152"},"modified":"2023-12-20T05:52:31","modified_gmt":"2023-12-20T10:52:31","slug":"the-gift-of-aging-happy-36th-birthday-emily","status":"publish","type":"post","link":"https:\/\/www.emilysentourage.org\/sv\/the-gift-of-aging-happy-36th-birthday-emily\/","title":{"rendered":"\u00c5ldrandets g\u00e5va: Grattis p\u00e5 36-\u00e5rsdagen, Emily!"},"content":{"rendered":"<p><em>Dagens g\u00e4stbloggare \u00e4r v\u00e5r v\u00e4rdefulla styrelseledamot i Emily's Entourage (EE) och Emilys livsl\u00e5nga b\u00e4sta v\u00e4n, Jessica Rutstein Lazarus, vars inl\u00e4gg officiellt lanserar v\u00e5r #36for36-kampanj och f\u00f6delsedagsfirande f\u00f6r v\u00e5r k\u00e4ra Emily.<\/em><\/p>\n<p>F\u00f6r alla som inte k\u00e4nner mig, s\u00e5 heter jag Jess. Jag \u00e4r en av Emilys b\u00e4sta v\u00e4nner sedan mellanstadiet, och jag har ocks\u00e5 \u00e4ran att sitta i EE:s styrelse. I \u00e5r kommer jag att forts\u00e4tta min tradition att sparka ig\u00e5ng v\u00e5r #36for36 f\u00f6delsedagsinsamling f\u00f6r att hedra Emilys 36-\u00e5rsdag.<\/p>\n<p><img fetchpriority=\"high\" decoding=\"async\" class=\"size-full wp-image-15155 aligncenter\" src=\"https:\/\/www.emilysentourage.org\/wp-content\/uploads\/ekg_jess_recent.jpg\" alt=\"\" width=\"900\" height=\"563\" srcset=\"https:\/\/www.emilysentourage.org\/wp-content\/uploads\/ekg_jess_recent.jpg 900w, https:\/\/www.emilysentourage.org\/wp-content\/uploads\/ekg_jess_recent-300x188.jpg 300w, https:\/\/www.emilysentourage.org\/wp-content\/uploads\/ekg_jess_recent-768x480.jpg 768w, https:\/\/www.emilysentourage.org\/wp-content\/uploads\/ekg_jess_recent-600x375.jpg 600w\" sizes=\"(max-width: 900px) 100vw, 900px\" \/><\/p>\n<p>Jag har en bek\u00e4nnelse att g\u00f6ra; under de senaste sex m\u00e5naderna har jag hittat tre gr\u00e5a h\u00e5rstr\u00e5n p\u00e5 toppen av mitt huvud. N\u00e4sta bek\u00e4nnelse - s\u00e5 fort jag uppt\u00e4cker ett, drar jag ut det direkt. Det \u00e4r en impulsiv reaktion att kasta bort det direkt och f\u00f6rs\u00f6ka f\u00f6rneka att det ens existerar. Jag har kommit till insikt om att om jag erk\u00e4nner att dessa gr\u00e5a h\u00e5rstr\u00e5n existerar, s\u00e5 m\u00e5ste jag ocks\u00e5 erk\u00e4nna att jag blir \u00e4ldre och att tiden g\u00e5r, vilket ibland \u00e4r sv\u00e5rt att acceptera.<\/p>\n<p>Som f\u00f6r\u00e4lder har jag ofta samtal med v\u00e4nner som ocks\u00e5 har barn om v\u00e5r gemensamma \u00f6nskan att \"pausa tiden\" s\u00e5 att v\u00e5ra barn slutar v\u00e4xa upp f\u00f6r fort. Vi \u00e4r inte redo f\u00f6r att de ska kunna g\u00e5 eller prata. Vi \u00e4r inte redo f\u00f6r att de inte ska beh\u00f6va oss l\u00e4ngre. Men det h\u00e4r \u00e5ret har framf\u00f6r allt tvingat mig att ta en stund av djupt perspektiv. M\u00f6jligheten att f\u00e5 se v\u00e5ra n\u00e4ra och k\u00e4ra v\u00e4xa och mogna \u00e4r en vacker g\u00e5va. Varje f\u00f6delsedag ger oss chansen att se dem vinna visdom, uppleva livets vackra h\u00f6jdpunkter och n\u00e5 sina dr\u00f6mmar.<\/p>\n<p><img decoding=\"async\" class=\"size-full wp-image-15157 aligncenter\" src=\"https:\/\/www.emilysentourage.org\/wp-content\/uploads\/ekg_jess_outside.jpg\" alt=\"\" width=\"900\" height=\"563\" srcset=\"https:\/\/www.emilysentourage.org\/wp-content\/uploads\/ekg_jess_outside.jpg 900w, https:\/\/www.emilysentourage.org\/wp-content\/uploads\/ekg_jess_outside-300x188.jpg 300w, https:\/\/www.emilysentourage.org\/wp-content\/uploads\/ekg_jess_outside-768x480.jpg 768w, https:\/\/www.emilysentourage.org\/wp-content\/uploads\/ekg_jess_outside-600x375.jpg 600w\" sizes=\"(max-width: 900px) 100vw, 900px\" \/><\/p>\n<p>Och \u00e4nd\u00e5 \u00e4r tidens g\u00e5ng fortfarande bitterljuv. I november 2019, efter m\u00e5nader av desperata f\u00f6rs\u00f6k att f\u00f6rverkliga v\u00e5ra planerade tr\u00e4ffar, hamnade Emily p\u00e5 sjukhus med andningssvikt till f\u00f6ljd av en vanlig f\u00f6rkylning. I b\u00f6rjan av det nya \u00e5ret, n\u00e4r Emily l\u00e5ngsamt \u00e5terh\u00e4mtade sig, hoppades jag att 2020 skulle inneb\u00e4ra mer speciell tid tillsammans f\u00f6r oss, men som ni v\u00e4l k\u00e4nner till blev det precis tv\u00e4rtom.<\/p>\n<p>Mitt i en global pandemi tvingade \u00e5ret oss att sm\u00e4rtsamt missa tid med b\u00e4sta v\u00e4nner, julfirande med familjen och vanliga dagliga rutiner. Ett citat som jag sett delas otaliga g\u00e5nger under de senaste m\u00e5naderna sticker verkligen ut: \"Vi hoppar \u00f6ver v\u00e5ra sammankomster i \u00e5r f\u00f6r att se till att ingen saknas n\u00e4r vi samlas n\u00e4sta \u00e5r.\" Vi har gett upp otaliga traditioner och offrat v\u00e5r tid tillsammans i nuet f\u00f6r att vi fokuserar p\u00e5 f\u00f6rv\u00e4ntningarna om lyckligare och enklare tider tillsammans i framtiden.<\/p>\n<p><strong>Men just denna f\u00f6rv\u00e4ntan p\u00e5 framtiden \u00e4r en <em>privilegium<\/em> inte alla \u00e4r angivna.<\/strong><\/p>\n<p><img decoding=\"async\" class=\"size-full wp-image-15159 aligncenter\" src=\"https:\/\/www.emilysentourage.org\/wp-content\/uploads\/ekg_jess_EE.jpg\" alt=\"\" width=\"900\" height=\"563\" srcset=\"https:\/\/www.emilysentourage.org\/wp-content\/uploads\/ekg_jess_EE.jpg 900w, https:\/\/www.emilysentourage.org\/wp-content\/uploads\/ekg_jess_EE-300x188.jpg 300w, https:\/\/www.emilysentourage.org\/wp-content\/uploads\/ekg_jess_EE-768x480.jpg 768w, https:\/\/www.emilysentourage.org\/wp-content\/uploads\/ekg_jess_EE-600x375.jpg 600w\" sizes=\"(max-width: 900px) 100vw, 900px\" \/><\/p>\n<p>Det finns en extra k\u00e4nsla av br\u00e5dska, av panik, n\u00e4r jag inser hur l\u00e4nge det har g\u00e5tt sedan jag delade en sushimiddag med Emily eller en varm dryck p\u00e5 v\u00e5r lokala Starbucks. De flesta av oss tror att vi har gott om tid, och vi tar den f\u00f6r given. Vi t\u00e4nker att ett f\u00f6rlorat \u00e5r h\u00e4r eller d\u00e4r inte kommer att g\u00f6ra n\u00e5gon st\u00f6rre skillnad p\u00e5 l\u00e5ng sikt. Emily och hennes familj, och alla mammor, pappor, br\u00f6der, systrar, makar och b\u00e4sta v\u00e4nner till personer som lever med cystisk fibros (CF), vet att tid inte \u00e4r n\u00e5got man kan ta f\u00f6r givet. N\u00e4sta \u00e5r \u00e4r aldrig utlovat. Det g\u00e4ller alla, men det \u00e4r s\u00e4rskilt sant f\u00f6r CF-communityn och alla som lever med en allvarlig d\u00f6dlig sjukdom.<\/p>\n<blockquote>\n<p style=\"text-align: center;\"><strong><em>De flesta av oss tror att vi har gott om tid, och vi tar den f\u00f6r given. Vi t\u00e4nker att ett f\u00f6rlorat \u00e5r h\u00e4r eller d\u00e4r inte kommer att g\u00f6ra n\u00e5gon st\u00f6rre skillnad p\u00e5 l\u00e5ng sikt. Emily och hennes familj, och alla mammor, pappor, br\u00f6der, systrar, makar och b\u00e4sta v\u00e4nner till personer som lever med cystisk fibros (CF), vet att tid inte \u00e4r n\u00e5got man kan ta f\u00f6r givet. N\u00e4sta \u00e5r \u00e4r aldrig utlovat.<\/em><\/strong><\/p>\n<\/blockquote>\n<p>S\u00e5 varje f\u00f6delsedag och varje \u00e5r som g\u00e5r \u00e4r en anledning att fira! Att bli \u00e4ldre \u00e4r en anledning att k\u00e4nna sig tacksam och privilegierad och att njuta av nuet. \u00c4ven om jag kommer att sjunga \"happy birthday\" \u00f6ver telefon i \u00e5r och inte kan se Emily framf\u00f6ra sin f\u00f6delsedags\u00f6nskan personligen, vet jag hur lyckligt lottad jag \u00e4r som fortfarande har henne hos mig.<\/p>\n<p><strong>F\u00f6r Emily har ont om tid.<\/strong><\/p>\n<p>Vi t\u00e4vlar f\u00f6r att hitta ett livr\u00e4ddande genombrott f\u00f6r dem med CF i de sista 10% som v\u00e4ntar med sviktande andetag. Den st\u00f6rsta f\u00f6delsedagspresent vi kan ge Emily p\u00e5 hennes 36-\u00e5rsdag \u00e4r en ekonomisk donation som hj\u00e4lper EE att finansiera mer kritisk forskning mot det ultimata m\u00e5let att skapa en framtid f\u00f6r 100% av CF-samh\u00e4llet, utan att n\u00e5gon l\u00e4mnas kvar. Att leva med en tickande bomb som CF inom sig \u00e4r otroligt sv\u00e5rt, stressande och skr\u00e4mmande. Emily och alla andra som hon f\u00f6rtj\u00e4nar en l\u00e5ng och h\u00e4lsosam framtid och den st\u00f6rsta g\u00e5van av alla: lyxen att ha tid.<\/p>\n<p><img loading=\"lazy\" decoding=\"async\" class=\"size-full wp-image-15162 aligncenter\" src=\"https:\/\/www.emilysentourage.org\/wp-content\/uploads\/ekg_jess_hug.jpg\" alt=\"\" width=\"900\" height=\"563\" srcset=\"https:\/\/www.emilysentourage.org\/wp-content\/uploads\/ekg_jess_hug.jpg 900w, https:\/\/www.emilysentourage.org\/wp-content\/uploads\/ekg_jess_hug-300x188.jpg 300w, https:\/\/www.emilysentourage.org\/wp-content\/uploads\/ekg_jess_hug-768x480.jpg 768w, https:\/\/www.emilysentourage.org\/wp-content\/uploads\/ekg_jess_hug-600x375.jpg 600w\" sizes=\"(max-width: 900px) 100vw, 900px\" \/><\/p>\n<p><strong>Delta i v\u00e5r kampanj #36for36 och hj\u00e4lp mig att fira min b\u00e4sta v\u00e4n Emilys 36-\u00e5rsdag den 9 januari 2021 med en g\u00e5va som hj\u00e4lper till att s\u00e4kra m\u00e5nga fler f\u00f6r henne och alla i CF-samh\u00e4llet!<\/strong><\/p>\n<p>P.S. N\u00e4sta g\u00e5ng jag uppt\u00e4cker gr\u00e5a h\u00e5r lovar jag att inte dra ut dem ... och jag uppmanar dig att g\u00f6ra detsamma.<\/p>\n<p style=\"text-align: center;\"><a class=\"fasc-button fasc-size-medium fasc-type-flat fasc-style-bold\" style=\"background-color: #490c66; color: #ffffff;\" target=\"_blank\" href=\"https:\/\/www.facebook.com\/donate\/159486149279250\/\" rel=\"noopener\">DONERA $36 F\u00d6R EMILYS 36TH P\u00c5 FACEBOOK<\/a><\/p>\n<p style=\"text-align: center;\"><strong>ELLER<\/strong><\/p>\n<p style=\"text-align: center;\"><a class=\"fasc-button fasc-size-medium fasc-type-flat fasc-style-bold\" style=\"background-color: #490c66; color: #ffffff;\" target=\"_blank\" href=\"https:\/\/www.emilysentourage.org\/sv\/\" rel=\"noopener\">DONERA $36 F\u00d6R EMILYS 36-\u00c5RSDAG P\u00c5 EE-WEBBPLATSEN<\/a><\/p>","protected":false},"excerpt":{"rendered":"<p>Dagens g\u00e4stbloggare \u00e4r v\u00e5r uppskattade styrelseledamot i Emily's Entourage (EE) och Emilys livsl\u00e5nga b\u00e4sta v\u00e4n, Jessica Rutstein Lazarus, vars inl\u00e4gg officiellt lanserar v\u00e5r #36for36-kampanj och f\u00f6delsedagsfirande f\u00f6r v\u00e5r k\u00e4ra Emily. F\u00f6r alla som inte k\u00e4nner mig heter jag Jess. Jag \u00e4r en av Emilys b\u00e4sta v\u00e4nner sedan mellanstadiet, och jag... <\/p>\n<div class=\"clear\"><\/div>\n<p><a href=\"https:\/\/www.emilysentourage.org\/sv\/the-gift-of-aging-happy-36th-birthday-emily\/\" class=\"excerpt-read-more\">L\u00e4s mer om<\/a><\/p>","protected":false},"author":1704,"featured_media":15162,"comment_status":"open","ping_status":"closed","sticky":false,"template":"","format":"standard","meta":{"_acf_changed":false,"_seopress_robots_primary_cat":"none","_seopress_titles_title":"","_seopress_titles_desc":"","_seopress_robots_index":"","_monsterinsights_skip_tracking":false,"_monsterinsights_sitenote_active":false,"_monsterinsights_sitenote_note":"","_monsterinsights_sitenote_category":0,"_jetpack_memberships_contains_paid_content":false,"footnotes":""},"categories":[1],"tags":[],"class_list":["post-15152","post","type-post","status-publish","format-standard","has-post-thumbnail","hentry","category-uncategorized"],"acf":[],"jetpack_featured_media_url":"https:\/\/www.emilysentourage.org\/wp-content\/uploads\/ekg_jess_hug.jpg","jetpack_sharing_enabled":true,"post_mailing_queue_ids":[],"_links":{"self":[{"href":"https:\/\/www.emilysentourage.org\/sv\/wp-json\/wp\/v2\/posts\/15152","targetHints":{"allow":["GET"]}}],"collection":[{"href":"https:\/\/www.emilysentourage.org\/sv\/wp-json\/wp\/v2\/posts"}],"about":[{"href":"https:\/\/www.emilysentourage.org\/sv\/wp-json\/wp\/v2\/types\/post"}],"author":[{"embeddable":true,"href":"https:\/\/www.emilysentourage.org\/sv\/wp-json\/wp\/v2\/users\/1704"}],"replies":[{"embeddable":true,"href":"https:\/\/www.emilysentourage.org\/sv\/wp-json\/wp\/v2\/comments?post=15152"}],"version-history":[{"count":5,"href":"https:\/\/www.emilysentourage.org\/sv\/wp-json\/wp\/v2\/posts\/15152\/revisions"}],"predecessor-version":[{"id":20556,"href":"https:\/\/www.emilysentourage.org\/sv\/wp-json\/wp\/v2\/posts\/15152\/revisions\/20556"}],"wp:featuredmedia":[{"embeddable":true,"href":"https:\/\/www.emilysentourage.org\/sv\/wp-json\/wp\/v2\/media\/15162"}],"wp:attachment":[{"href":"https:\/\/www.emilysentourage.org\/sv\/wp-json\/wp\/v2\/media?parent=15152"}],"wp:term":[{"taxonomy":"category","embeddable":true,"href":"https:\/\/www.emilysentourage.org\/sv\/wp-json\/wp\/v2\/categories?post=15152"},{"taxonomy":"post_tag","embeddable":true,"href":"https:\/\/www.emilysentourage.org\/sv\/wp-json\/wp\/v2\/tags?post=15152"}],"curies":[{"name":"wp","href":"https:\/\/api.w.org\/{rel}","templated":true}]}}