{"id":12293,"date":"2019-02-13T16:25:49","date_gmt":"2019-02-13T21:25:49","guid":{"rendered":"https:\/\/www.emilysentourage.org\/?p=12293"},"modified":"2023-12-20T05:56:06","modified_gmt":"2023-12-20T10:56:06","slug":"fall-in-lovee-with-emilys-entourage-meet-eeny-2019-co-chairs-emily-judah","status":"publish","type":"post","link":"https:\/\/www.emilysentourage.org\/sv\/fall-in-lovee-with-emilys-entourage-meet-eeny-2019-co-chairs-emily-judah\/","title":{"rendered":"Bli f\u00f6r\u00e4lskad i Emily's Entourage: M\u00f6t Emily och Judah, medordf\u00f6rande f\u00f6r EENY 2019"},"content":{"rendered":"<p><em>V\u00e5rt n\u00e4sta avsnitt av #FallinLovEE med EE inneh\u00e5ller ett mycket speciellt tillk\u00e4nnagivande: Emily Priebe och Judah Levine, medgrundare av f\u00f6retaget f\u00f6r samh\u00e4llsevenemang <a href=\"https:\/\/wordpress.com\/typo\/?subdomain=eesho\" target=\"_blank\" rel=\"noopener noreferrer\">Eesho<\/a>kommer att vara ordf\u00f6rande f\u00f6r v\u00e5r EENY-kommitt\u00e9 tillsammans med Coby i \u00e5r och vi kunde inte vara mer glada! N\u00e4r de ber\u00e4ttar om hur de blev f\u00f6r\u00e4lskade i Emily's Entourage (EE) \u00e4r vi oerh\u00f6rt \u00f6dmjuka och tacksamma mot de fantastiska medlemmarna i denna Entourage som hittade oss och forts\u00e4tter att vara engagerade i v\u00e5r sak. Tack s\u00e5 mycket! Nu \u00e4r det dags f\u00f6r k\u00e4rleken:<\/em><\/p>\n<p>Vi tr\u00e4ffade Emily, Coby och den otroliga familjen Kramer-Golinkoff p\u00e5 f\u00f6rmiddagen inf\u00f6r EENY 2018 den 13 juni p\u00e5 Bottino. Vi f\u00f6ll omedelbart f\u00f6r EE n\u00e4r vi s\u00e5g den okuvliga andan och den otroliga beslutsamheten hos Emily, Coby och hela Entourage. Det skulle vara s\u00e5 mycket l\u00e4ttare att duka under f\u00f6r den grymma utvecklingen av cystisk fibros (CF), men Emily och hennes Entourage har beslutat att k\u00e4mpa emot f\u00f6r att ge Emily och alla andra som hon alla m\u00f6jligheter att vinna kampen mot tiden. Det var det modet och f\u00f6rm\u00e5gan att g\u00f6ra n\u00e5got \u00e5t det p\u00e5 en v\u00e4rldsomv\u00e4lvande skala som fick oss att verkligen falla f\u00f6r EE.<\/p>\n<p><img fetchpriority=\"high\" decoding=\"async\" class=\"size-full wp-image-12294 aligncenter\" src=\"https:\/\/www.emilysentourage.org\/wp-content\/uploads\/EmilyJudah_PHL2018.jpg\" alt=\"\" width=\"900\" height=\"563\" srcset=\"https:\/\/www.emilysentourage.org\/wp-content\/uploads\/EmilyJudah_PHL2018.jpg 900w, https:\/\/www.emilysentourage.org\/wp-content\/uploads\/EmilyJudah_PHL2018-300x188.jpg 300w, https:\/\/www.emilysentourage.org\/wp-content\/uploads\/EmilyJudah_PHL2018-768x480.jpg 768w, https:\/\/www.emilysentourage.org\/wp-content\/uploads\/EmilyJudah_PHL2018-600x375.jpg 600w\" sizes=\"(max-width: 900px) 100vw, 900px\" \/><\/p>\n<p>Efter att ha h\u00f6rt varje familjemedlem ber\u00e4tta om sitt kollektiva uppdrag att r\u00e4dda inte bara Emilys liv utan s\u00e5 m\u00e5nga andra som hon, k\u00e4nde vi oss tvungna att g\u00f6ra allt vi kunde f\u00f6r att hj\u00e4lpa till. Vi planerade en insamling p\u00e5 taket tillsammans med Coby inom loppet av n\u00e5gra veckor, <em>En soar\u00e9 p\u00e5 taket med Emilys Entourage<\/em>och kallade in v\u00e5ra n\u00e4rmaste v\u00e4nner som artister, sponsorer, auktionsgivare, volont\u00e4rer och g\u00e4ster. Det var s\u00e5 inspirerande att se hur varje enskild person verkligen ville hj\u00e4lpa till och med eftertryck st\u00e4llde upp.<\/p>\n<blockquote>\n<p style=\"text-align: center;\"><strong>Vi k\u00e4nde oss tvungna att g\u00f6ra allt vi kunde f\u00f6r att hj\u00e4lpa till.<\/strong><\/p>\n<\/blockquote>\n<p>Den <em>Soiree p\u00e5 taket<\/em> var ren magi, med kraftfulla musikframtr\u00e4danden av Gabi Holzwarth och Lexie Lowell och livekonst av Ian Sullivan - som vi tr\u00e4ffade p\u00e5 EENY 2018. M\u00e5nga av v\u00e5ra v\u00e4nner ber\u00e4ttade f\u00f6r oss efter\u00e5t att de ocks\u00e5 hade letat efter en ledstj\u00e4rna som EE. Insamlingen inbringade \u00f6ver $10.000 och var helt enkelt den mest givande upplevelsen i v\u00e5ra liv. Vi misst\u00e4nker att det kan komma att f\u00f6r\u00e4ndras n\u00e4r EENY 2019 drar ig\u00e5ng i maj!<\/p>\n<hr \/>\n<p style=\"text-align: center;\"><strong>Klicka p\u00e5 <a href=\"https:\/\/www.facebook.com\/EmilysEntourage\/videos\/2187336744874920\/\" target=\"_blank\" rel=\"noopener noreferrer\">h\u00e4r<\/a> f\u00f6r att se en videosammanfattning av\u00a0<em>En soar\u00e9 p\u00e5 taket med Emilys Entourage!<\/em><\/strong><\/p>\n<p><img decoding=\"async\" class=\"size-full wp-image-12317 aligncenter\" src=\"https:\/\/www.emilysentourage.org\/wp-content\/uploads\/EE_Eesho_Soire.jpg\" alt=\"\" width=\"700\" height=\"869\" srcset=\"https:\/\/www.emilysentourage.org\/wp-content\/uploads\/EE_Eesho_Soire.jpg 700w, https:\/\/www.emilysentourage.org\/wp-content\/uploads\/EE_Eesho_Soire-242x300.jpg 242w, https:\/\/www.emilysentourage.org\/wp-content\/uploads\/EE_Eesho_Soire-600x745.jpg 600w\" sizes=\"(max-width: 700px) 100vw, 700px\" \/><\/p>\n<hr \/>\n<p>V\u00e5rt nya samh\u00e4llsdrivna f\u00f6retag, Eesho, v\u00e4xte till stor del fram ur de relationer som odlades och st\u00e4rktes av v\u00e5r insamling p\u00e5 taket. Vi k\u00e4nde en nyfunnen k\u00e4nsla av m\u00e5lmedvetenhet och vi tillskriver allt detta till EE. Det var beroendeframkallande p\u00e5 b\u00e4sta m\u00f6jliga s\u00e4tt. Det blev tydligt att Emily's Entourage \u00e4r en mycket speciell gemenskap av m\u00e4nniskor som k\u00e4mpar f\u00f6r n\u00e5got som \u00e4r st\u00f6rre \u00e4n oss alla. Den k\u00e4nslan av delat syfte var allt vi hade letat efter hela livet. Att hitta det var sann lovEE!<\/p>\n<p><img decoding=\"async\" class=\"size-full wp-image-12296 aligncenter\" src=\"https:\/\/www.emilysentourage.org\/wp-content\/uploads\/EmilyJudah_PHL2018.gif\" alt=\"\" width=\"480\" height=\"720\" \/><\/p>\n<p>Beslutet att vara medordf\u00f6rande f\u00f6r EENY 2019 kom egentligen fr\u00e5n en k\u00e4nsla av att vi inte var f\u00e4rdiga med v\u00e5rt uppdrag. Vi engagerade oss inte fr\u00e5n b\u00f6rjan bara f\u00f6r att s\u00e4ga att vi gjorde en god g\u00e4rning. V\u00e5rt jobb \u00e4r inte slutf\u00f6rt f\u00f6rr\u00e4n vi har hittat ett botemedel! Vi \u00e4r hedrade och \u00f6dmjuka \u00f6ver att vara i den h\u00e4r positionen och vi t\u00e4nker g\u00f6ra allt som st\u00e5r i v\u00e5r makt - med st\u00f6d av v\u00e5ra v\u00e4nner - f\u00f6r att samla in s\u00e5 mycket pengar som det bara \u00e4r m\u00f6jligt. Vi vet att pengarna kommer att g\u00e5 direkt till att finansiera avancerad forskning och det \u00e4r vad som beh\u00f6vs just nu f\u00f6r att n\u00e5 v\u00e5rt slutgiltiga m\u00e5l att hitta ett genombrott f\u00f6r nonsensmutationer av CF.<\/p>\n<blockquote>\n<p style=\"text-align: center;\"><strong>V\u00e5rt jobb \u00e4r inte slutf\u00f6rt f\u00f6rr\u00e4n vi hittar ett botemedel!<\/strong><\/p>\n<\/blockquote>\n<p>Vid tidpunkten f\u00f6r soar\u00e9n var EE det mest f\u00e4ngslande v\u00e4lg\u00f6renhetsinitiativ som vi n\u00e5gonsin hade varit en del av och det dr\u00f6jde inte l\u00e4nge f\u00f6rr\u00e4n det blev personligt. Vi \u00e4r lyckligt lottade som nu kan kalla Emily och Coby f\u00f6r v\u00e5ra n\u00e4ra v\u00e4nner. Och sj\u00e4lvklart kommer vi att k\u00e4mpa f\u00f6r att r\u00e4dda v\u00e5r v\u00e4ns liv, s\u00e4rskilt n\u00e4r den v\u00e4nnen har varit den enskilt st\u00f6rsta inspirationen i v\u00e5ra egna liv. Vi kommer att forts\u00e4tta k\u00e4mpa tills Emily flyger upp, upp och iv\u00e4g i den d\u00e4r festliga varmluftsballongen! Vi \u00e4lskar dig Emily och EE!<\/p>\n<hr \/>\n<p style=\"text-align: center;\"><strong>RESERVERA DATUMET<\/strong><br \/>\nDen 4:e \u00e5rliga Emily's Entourage NYC-evenemanget<br \/>\n<strong>LITE: ULTRAVIOLETT<\/strong><br \/>\nL\u00f6rdag den 4 maj 2019<br \/>\n<a href=\"https:\/\/www.andersoncontemporary.com\/\" target=\"_blank\" rel=\"noopener noreferrer\">Anderson Contemporary<\/a>, <a href=\"https:\/\/180maiden.com\/\" target=\"_blank\" rel=\"noopener noreferrer\">180 Maiden Lane<\/a><br \/>\nNew York, New York<br \/>\n<strong><em>Registrera dig <a href=\"https:\/\/e.givesmart.com\/events\/gGW\/\" target=\"_blank\" rel=\"noopener noreferrer\">h\u00e4r<\/a> f\u00f6r uppdateringar!<\/em><\/strong><\/p>","protected":false},"excerpt":{"rendered":"<p>Our next installment of #FallinLovEE with EE includes a very special announcement: Emily Priebe and Judah Levine, co-founders of the community events company Eesho, will be co-chairing our EENY committee with Coby this year and we could not be more delighted! As they recount how they fell in love with Emily\u2019s Entourage (EE), we are&#8230; <\/p>\n<div class=\"clear\"><\/div>\n<p><a href=\"https:\/\/www.emilysentourage.org\/sv\/fall-in-lovee-with-emilys-entourage-meet-eeny-2019-co-chairs-emily-judah\/\" class=\"excerpt-read-more\">L\u00e4s mer om<\/a><\/p>","protected":false},"author":1704,"featured_media":12294,"comment_status":"open","ping_status":"closed","sticky":false,"template":"","format":"standard","meta":{"_acf_changed":false,"_seopress_robots_primary_cat":"none","_seopress_titles_title":"","_seopress_titles_desc":"","_seopress_robots_index":"","_monsterinsights_skip_tracking":false,"_monsterinsights_sitenote_active":false,"_monsterinsights_sitenote_note":"","_monsterinsights_sitenote_category":0,"_jetpack_memberships_contains_paid_content":false,"footnotes":""},"categories":[1],"tags":[],"class_list":["post-12293","post","type-post","status-publish","format-standard","has-post-thumbnail","hentry","category-uncategorized"],"acf":[],"jetpack_featured_media_url":"https:\/\/www.emilysentourage.org\/wp-content\/uploads\/EmilyJudah_PHL2018.jpg","jetpack_sharing_enabled":true,"post_mailing_queue_ids":[],"_links":{"self":[{"href":"https:\/\/www.emilysentourage.org\/sv\/wp-json\/wp\/v2\/posts\/12293","targetHints":{"allow":["GET"]}}],"collection":[{"href":"https:\/\/www.emilysentourage.org\/sv\/wp-json\/wp\/v2\/posts"}],"about":[{"href":"https:\/\/www.emilysentourage.org\/sv\/wp-json\/wp\/v2\/types\/post"}],"author":[{"embeddable":true,"href":"https:\/\/www.emilysentourage.org\/sv\/wp-json\/wp\/v2\/users\/1704"}],"replies":[{"embeddable":true,"href":"https:\/\/www.emilysentourage.org\/sv\/wp-json\/wp\/v2\/comments?post=12293"}],"version-history":[{"count":5,"href":"https:\/\/www.emilysentourage.org\/sv\/wp-json\/wp\/v2\/posts\/12293\/revisions"}],"predecessor-version":[{"id":20562,"href":"https:\/\/www.emilysentourage.org\/sv\/wp-json\/wp\/v2\/posts\/12293\/revisions\/20562"}],"wp:featuredmedia":[{"embeddable":true,"href":"https:\/\/www.emilysentourage.org\/sv\/wp-json\/wp\/v2\/media\/12294"}],"wp:attachment":[{"href":"https:\/\/www.emilysentourage.org\/sv\/wp-json\/wp\/v2\/media?parent=12293"}],"wp:term":[{"taxonomy":"category","embeddable":true,"href":"https:\/\/www.emilysentourage.org\/sv\/wp-json\/wp\/v2\/categories?post=12293"},{"taxonomy":"post_tag","embeddable":true,"href":"https:\/\/www.emilysentourage.org\/sv\/wp-json\/wp\/v2\/tags?post=12293"}],"curies":[{"name":"wp","href":"https:\/\/api.w.org\/{rel}","templated":true}]}}