{"id":26154,"date":"2026-04-30T09:01:29","date_gmt":"2026-04-30T13:01:29","guid":{"rendered":"https:\/\/www.emilysentourage.org\/?p=26154"},"modified":"2026-04-30T15:55:50","modified_gmt":"2026-04-30T19:55:50","slug":"survival-is-never-a-solo-act","status":"publish","type":"post","link":"https:\/\/www.emilysentourage.org\/pt_br\/survival-is-never-a-solo-act\/","title":{"rendered":"A sobreviv\u00eancia nunca \u00e9 um ato solit\u00e1rio"},"content":{"rendered":"<p style=\"text-align: center;\"><i><span style=\"font-weight: 400;\">Durante o M\u00eas de Conscientiza\u00e7\u00e3o sobre a Fibrose C\u00edstica, a Emily\u2019s Entourage convida membros da comunidade da FC a compartilharem suas hist\u00f3rias. A postagem do blog de hoje traz Caleigh Haber Takayama, que compartilha uma reflex\u00e3o profundamente pessoal sobre a vida com a FC \u2014 e a rede invis\u00edvel de pessoas que a carregam ao lado dela.<\/span><\/i><\/p>\n<p><span style=\"font-weight: 400;\">As pessoas me dizem que eu levo bem a minha doen\u00e7a.<\/span><\/p>\n<p><span style=\"font-weight: 400;\"><img fetchpriority=\"high\" decoding=\"async\" class=\"alignright wp-image-26157\" src=\"https:\/\/www.emilysentourage.org\/wp-content\/uploads\/Caleigh_2_Original.JPG.jpg\" alt=\"\" width=\"465\" height=\"387\" \/>O que eles n\u00e3o veem s\u00e3o os milhares de m\u00e3os que me ergueram at\u00e9 este ponto \u2014 os cl\u00ednicos que estudaram por d\u00e9cadas; os pesquisadores que impulsionam a ci\u00eancia para pacientes que talvez nunca conhe\u00e7am; as organiza\u00e7\u00f5es que constroem caminhos e se recusam a aceitar os limites de hoje como os limites de amanh\u00e3.<\/span><\/p>\n<p><span style=\"font-weight: 400;\">E depois h\u00e1 as m\u00e3os mais pr\u00f3ximas de mim. As que me seguraram, me carregaram e se recusaram a me soltar.<\/span><\/p>\n<p><span style=\"font-weight: 400;\">Quando as pessoas ouvem \u201cdoen\u00e7a invis\u00edvel\u201d, elas pensam que significa que voc\u00ea n\u00e3o consegue v\u00ea-la no meu corpo. Mas a invisibilidade vai mais fundo do que isso.<\/span><\/p>\n<blockquote><p><span style=\"font-weight: 400;\">O que \u00e9 invis\u00edvel \u00e9 a rede de pessoas que o carregam comigo. O que \u00e9 invis\u00edvel \u00e9 o peso que elas suportam, as decis\u00f5es que tomam, o trauma que carregam adiante, a for\u00e7a que constroem em momentos para os quais ningu\u00e9m te prepara.<\/span><\/p><\/blockquote>\n<p><span style=\"font-weight: 400;\">A fibrose c\u00edstica (FC) \u00e9 chamada de doen\u00e7a gen\u00e9tica pulmonar, mas essa descri\u00e7\u00e3o nunca me pareceu completa. \u00c9 tamb\u00e9m um efeito cascata. Como uma pedra jogada em \u00e1guas paradas, o impacto n\u00e3o para em mim. Ele se propaga para fora, alcan\u00e7ando cada pessoa que escolhe se aproximar, que permite que sua vida seja moldada pela minha, que fica mesmo quando entende o que isso pode exigir.<\/span><\/p>\n<p><span style=\"font-weight: 400;\">Minha m\u00e3e foi a primeira pessoa a fazer essa escolha.<\/span><\/p>\n<p><span style=\"font-weight: 400;\">Quando fiz a transi\u00e7\u00e3o para o atendimento adulto aos 18 anos, tudo mudou. Os m\u00e9dicos pararam de olhar para ela e passaram a olhar diretamente para mim, esperando respostas que eu ainda n\u00e3o sabia como dar. De repente, passei a ser respons\u00e1vel por entender meus medicamentos, meu estado de sa\u00fade basal, meu corpo e as decis\u00f5es que moldariam meu futuro.<\/span><\/p>\n<p><span style=\"font-weight: 400;\">Ao mesmo tempo, foi pedido \u00e0 pessoa que me guiou por tudo que se afastasse.<\/span><\/p>\n<p><span style=\"font-weight: 400;\">A verdade \u00e9 que a independ\u00eancia com CF raramente \u00e9 linear.<\/span><\/p>\n<blockquote><p><span style=\"font-weight: 400;\">Quanto mais doente eu ficava, mais eu precisava das pessoas de novo.<\/span><\/p>\n<p><span style=\"font-weight: 400;\">Quando cheguei ao est\u00e1gio final da doen\u00e7a pulmonar aos 21 anos, meu irm\u00e3o Michael tornou-se meu cuidador quase da noite para o dia. A \u00faltima vez que hav\u00edamos morado juntos, anos antes, a Fibrose C\u00edstica era apenas um ru\u00eddo de fundo. Envolvia antibi\u00f3ticos intravenosos uma ou duas vezes por ano, guerras de pistola de \u00e1gua com as seringas vazias. A FC n\u00e3o definia cada momento.\u00a0<\/span><\/p><\/blockquote>\n<p><span style=\"font-weight: 400;\">Mas desta vez, era tudo.<\/span><\/p>\n<p><span style=\"font-weight: 400;\"><img decoding=\"async\" class=\"alignleft wp-image-26160\" src=\"https:\/\/www.emilysentourage.org\/wp-content\/uploads\/20180604_185930-440x550.jpg\" alt=\"\" width=\"435\" height=\"543\" \/>Ele aprendeu em tempo real o que significava me manter viva. Ele se tornou algo que n\u00e3o cabe em uma \u00fanica palavra. Cuidador. Irm\u00e3o. Protetor. Tomador de decis\u00f5es.<\/span><\/p>\n<p><span style=\"font-weight: 400;\">H\u00e1 um momento que define aquele tempo.<\/span><\/p>\n<p><span style=\"font-weight: 400;\">Quando meu corpo come\u00e7ou a falhar sem aviso, decis\u00f5es tiveram que ser tomadas em segundos. Os m\u00e9dicos se viraram para ele e fizeram uma pergunta que nenhum irm\u00e3o deveria ter que responder.<\/span><\/p>\n<p><i><span style=\"font-weight: 400;\">\u201cN\u00f3s intubamos?\u201d<\/span><\/i><\/p>\n<p><span style=\"font-weight: 400;\">Ele n\u00e3o teve tempo de processar o que aquilo significava. Nenhum espa\u00e7o para ponderar resultados, nenhuma certeza sobre o que aconteceria a seguir. Ele n\u00e3o tinha garantias de que eu sobreviveria. Nenhuma promessa de que eu voltaria a mesma. O peso da minha vida estava por um fio.<\/span><\/p>\n<p><span style=\"font-weight: 400;\">Naquele momento ele escolheu lutar por mim. E essa escolha \u00e9 parte do motivo pelo qual ainda estou aqui hoje.<\/span><\/p>\n<p><span style=\"font-weight: 400;\">N\u00e3o muito tempo depois, Bryan \u2014 que agora \u00e9 meu marido \u2014 entrou na minha vida e escolheu fazer parte dela por inteiro.<\/span><\/p>\n<p><span style=\"font-weight: 400;\">Ele chama isso de amor \u00e0 primeira vista.<\/span><\/p>\n<p><span style=\"font-weight: 400;\">O que eu vi foi algu\u00e9m escolhendo essa vida com pleno conhecimento do que ela poderia exigir dele.<\/span><\/p>\n<p><span style=\"font-weight: 400;\">Eu n\u00e3o amaciuei a realidade da fibrose c\u00edstica. Ele foi l\u00e1 e fez a pr\u00f3pria pesquisa, tentando entender do jeito que qualquer um faria. Mas me lembro de ter dito a ele, <\/span><i><span style=\"font-weight: 400;\">volte para mim com suas perguntas<\/span><\/i><span style=\"font-weight: 400;\"> porque essa doen\u00e7a n\u00e3o se manifesta da mesma forma para todo mundo.<\/span><\/p>\n<p><span style=\"font-weight: 400;\">E ele fez.<\/span><\/p>\n<p><span style=\"font-weight: 400;\">Ele ouviu. Ele aprendeu. Ele queria entender a minha experi\u00eancia, n\u00e3o apenas o que ele podia encontrar online.<\/span><\/p>\n<blockquote><p><span style=\"font-weight: 400;\">H\u00e1 um tipo diferente de vulnerabilidade em ser amado quando a sua vida \u00e9 incerta, em deixar algu\u00e9m ver como essa doen\u00e7a realmente se parece \u2014 as interna\u00e7\u00f5es, a decad\u00eancia, as incertezas.<\/span><\/p><\/blockquote>\n<p><span style=\"font-weight: 400;\">Houve momentos em que tentei afast\u00e1-lo.<\/span><\/p>\n<p><span style=\"font-weight: 400;\">Mas ele n\u00e3o foi embora.<\/span><\/p>\n<p><span style=\"font-weight: 400;\">Em um ponto, ele me disse, <\/span><i><span style=\"font-weight: 400;\">\u201cEsta tamb\u00e9m \u00e9 a minha vida. Eu estou escolhendo isso.\u201d<\/span><\/i><\/p>\n<p><span style=\"font-weight: 400;\">E ele continuava escolhendo isso. Todos os santos dias.<\/span><\/p>\n<p><span style=\"font-weight: 400;\"><img decoding=\"async\" class=\"alignright wp-image-26166 size-medium-portfolio\" src=\"https:\/\/www.emilysentourage.org\/wp-content\/uploads\/2018-11-262017.26.51_Original.JPG-650x530.jpg\" alt=\"\" width=\"650\" height=\"530\" \/>Quando entrei em rejei\u00e7\u00e3o de \u00f3rg\u00e3o ap\u00f3s o meu segundo transplante duplo de pulm\u00e3o devido a complica\u00e7\u00f5es com minha FC em est\u00e1gio terminal, ele se tornou meu cuidador sem hesita\u00e7\u00e3o. Ele cuidou de mim em casa. Ele sentou-se ao meu lado durante dias longos e noites ainda mais longas. Aferramo-nos a pequenos peda\u00e7os de normalidade onde quer que pud\u00e9ssemos encontr\u00e1-los.<\/span><\/p>\n<p><span style=\"font-weight: 400;\">E esses momentos importavam.<\/span><\/p>\n<p><span style=\"font-weight: 400;\">N\u00e3o importava o qu\u00e3o grande ou pequena fosse a atividade. N\u00f3s est\u00e1vamos l\u00e1, juntos.<\/span><\/p>\n<p><span style=\"font-weight: 400;\">Olhando para tr\u00e1s, acho que viv\u00edamos o momento. Mas tamb\u00e9m estamos construindo para o amanh\u00e3.<\/span><\/p>\n<p><span style=\"font-weight: 400;\">Est\u00e1vamos fazendo tudo o que pod\u00edamos para proteger a minha sa\u00fade, para criar mais tempo, mais possibilidades, mais vida pela frente. Bryan me ajudou a assumir o controle da minha sa\u00fade de uma forma que eu n\u00e3o sabia ser poss\u00edvel. Ele me ajudou a alcan\u00e7ar um novo n\u00edvel de autonomia.<\/span><\/p>\n<p><span style=\"font-weight: 400;\">Ele n\u00e3o apenas ajudou a cuidar de mim; Ele me ajudou a acreditar no que eu ainda era capaz de fazer.<\/span><\/p>\n<blockquote><p><span style=\"font-weight: 400;\">Durante tudo isso, minha m\u00e3e e meu irm\u00e3o permaneceram ao meu lado. Tornamo-nos uma unidade \u2014 n\u00f3s quatro. \u00c9ramos uma constela\u00e7\u00e3o mantida unida pela necessidade, pelo amor e pela recusa teimosa em me deixar morrer.<\/span><\/p><\/blockquote>\n<p><b>O que as pessoas n\u00e3o veem \u00e9 que a sobreviv\u00eancia nunca \u00e9 um ato individual. Por tr\u00e1s de cada pessoa que ainda est\u00e1 aqui, h\u00e1 uma rede de pessoas sustentando o peso que voc\u00ea n\u00e3o consegue carregar sozinho.<\/b><\/p>\n<p><span style=\"font-weight: 400;\">E h\u00e1 culpa em ser aquele que \u00e9 carregado.<\/span><\/p>\n<p><span style=\"font-weight: 400;\">Voc\u00ea n\u00e3o pediu por esta doen\u00e7a. Voc\u00ea n\u00e3o pediu para ningu\u00e9m reorganizar a vida. Mas eles fizeram. E esse amor deixa marcas em todos.<\/span><\/p>\n<p><span style=\"font-weight: 400;\">Mas aqui est\u00e1 o que eu aprendi.<\/span><\/p>\n<blockquote><p><span style=\"font-weight: 400;\">As pessoas que carregam voc\u00ea n\u00e3o fazem isso porque precisam. Elas fazem isso porque a sua vida importa para elas de uma forma que rearranja o que elas achavam que eram capazes de fazer.<\/span><\/p><\/blockquote>\n<p><span style=\"font-weight: 400;\">Para as fam\u00edlias que est\u00e3o vivendo isso agora, tomando decis\u00f5es imposs\u00edveis sem dormir, eu vejo voc\u00eas.<\/span><\/p>\n<p><span style=\"font-weight: 400;\">Para os pacientes que carregam o peso silencioso de saber o que sua doen\u00e7a custa \u00e0s pessoas que voc\u00eas amam, eu vejo voc\u00eas tamb\u00e9m.<\/span><\/p>\n<p><span style=\"font-weight: 400;\">N\u00e3o somos fardos. Somos a raz\u00e3o pela qual pessoas extraordin\u00e1rias conseguem mostrar ao mundo como \u00e9 o amor extraordin\u00e1rio.<\/span><\/p>\n<p><span style=\"font-weight: 400;\">Essa \u00e9 a realidade invis\u00edvel da FC.<\/span><\/p>\n<p><span style=\"font-weight: 400;\">N\u00e3o \u00e9 apenas um corpo lutando contra uma doen\u00e7a, mas uma fam\u00edlia lutando junta, escolhendo-se mutuamente, todos os dias<\/span><\/p>\n<h3><span style=\"font-weight: 400;\">Sobre o Autor:<\/span><\/h3>\n<p><span style=\"font-weight: 400;\"><img loading=\"lazy\" decoding=\"async\" class=\"alignleft wp-image-26168 size-thumbnail\" src=\"https:\/\/www.emilysentourage.org\/wp-content\/uploads\/aerosol203A_Original202.PNG-150x150.png\" alt=\"\" width=\"150\" height=\"150\" \/>Uma contadora de hist\u00f3rias, defensora e criadora que convive com a Fibrose C\u00edstica, Caleigh passou mais de uma d\u00e9cada usando plataformas digitais para compartilhar sua experi\u00eancia \u2014 incluindo a vida ap\u00f3s transplantes duplos de pulm\u00e3o. Por meio de seu trabalho nas redes sociais e na constru\u00e7\u00e3o de comunidades, ela traz visibilidade para a comunidade da doen\u00e7a da fibrose c\u00edstica, ao mesmo tempo em que cria espa\u00e7os para conex\u00e3o, educa\u00e7\u00e3o e impacto.<\/span><\/p>\n<p><span style=\"font-weight: 400;\">Caleigh atualmente mora na Europa com o marido e os dois c\u00e3es, onde continua dedicando seu trabalho a apoiar pessoas que vivem com condi\u00e7\u00f5es raras e cr\u00f4nicas.<\/span><\/p>\n<p><span style=\"font-weight: 400;\">Ou\u00e7a <\/span><i><span style=\"font-weight: 400;\">Nossa Luta para Respirar<\/span><\/i><span style=\"font-weight: 400;\">, um podcast focado em conversas honestas sobre viver com fibrose c\u00edstica, cuidar de um ente querido com FC e explicar t\u00f3picos m\u00e9dicos complexos de uma forma mais humana <\/span><a href=\"https:\/\/www.fight2breathe.org\/podcast\"><span style=\"font-weight: 400;\">aqui<\/span><\/a><span style=\"font-weight: 400;\">.<\/span><\/p>\n<p><span style=\"font-weight: 400;\">Saiba mais sobre o trabalho dela visitando o site dela <\/span><a href=\"https:\/\/www.fight2breathe.org\/\"><span style=\"font-weight: 400;\">aqui<\/span><\/a><span style=\"font-weight: 400;\">.<\/span><\/p>","protected":false},"excerpt":{"rendered":"<p>During CF Awareness Month, Emily\u2019s Entourage invites members of the CF community to share their stories. Today\u2019s blog post features Caleigh Haber Takayama, who shares a deeply personal reflection on life with CF\u2014and the unseen network of people who carry it alongside her. People tell me I carry my disease well. What they don\u2019t see&#8230; <\/p>\n<div class=\"clear\"><\/div>\n<p><a href=\"https:\/\/www.emilysentourage.org\/pt_br\/survival-is-never-a-solo-act\/\" class=\"excerpt-read-more\">Leia mais<\/a><\/p>","protected":false},"author":1719,"featured_media":26170,"comment_status":"open","ping_status":"closed","sticky":false,"template":"","format":"standard","meta":{"_acf_changed":false,"_seopress_titles_title":"Emily's Entourage > Survival is Never a Solo Act","_seopress_titles_desc":"%%post_excerpt%%","_seopress_robots_index":"","_seopress_robots_follow":"","_seopress_robots_imageindex":"","_seopress_robots_snippet":"","_seopress_robots_primary_cat":"none","_seopress_robots_breadcrumbs":"","_seopress_robots_freeze_modified_date":"","_seopress_robots_custom_modified_date":"","_seopress_robots_canonical":"","_seopress_social_fb_title":"","_seopress_social_fb_desc":"","_seopress_social_fb_img":"","_seopress_social_fb_img_attachment_id":0,"_seopress_social_fb_img_width":0,"_seopress_social_fb_img_height":0,"_seopress_social_twitter_title":"","_seopress_social_twitter_desc":"","_seopress_social_twitter_img":"","_seopress_social_twitter_img_attachment_id":0,"_seopress_social_twitter_img_width":0,"_seopress_social_twitter_img_height":0,"_seopress_redirections_value":"","_seopress_redirections_enabled":"","_seopress_redirections_enabled_regex":"","_seopress_redirections_logged_status":"both","_seopress_redirections_param":"","_seopress_redirections_type":301,"_seopress_analysis_target_kw":"","_seopress_news_disabled":"","_seopress_video_disabled":"","_seopress_video":[],"_seopress_pro_schemas_manual":[],"_seopress_pro_rich_snippets_disable_all":"","_seopress_pro_rich_snippets_disable":[],"_seopress_pro_schemas":[],"_monsterinsights_skip_tracking":false,"_jetpack_newsletter_access":"","_jetpack_dont_email_post_to_subs":false,"_jetpack_newsletter_tier_id":0,"_jetpack_memberships_contains_paywalled_content":false,"_jetpack_feature_clip_id":0,"_jetpack_memberships_contains_paid_content":false,"footnotes":"","jetpack_post_was_ever_published":false},"categories":[1],"tags":[52,209,214,213,137],"class_list":["post-26154","post","type-post","status-publish","format-standard","has-post-thumbnail","hentry","category-uncategorized","tag-cf-awareness","tag-cfa","tag-cfa-month","tag-cystic-fibrosis-awareness","tag-cystic-fibrosis-awareness-month"],"acf":[],"jetpack_sharing_enabled":true,"jetpack_featured_media_url":"https:\/\/www.emilysentourage.org\/wp-content\/uploads\/WordPress-Featured-Image-12.webp","post_mailing_queue_ids":[],"_links":{"self":[{"href":"https:\/\/www.emilysentourage.org\/pt_br\/wp-json\/wp\/v2\/posts\/26154","targetHints":{"allow":["GET"]}}],"collection":[{"href":"https:\/\/www.emilysentourage.org\/pt_br\/wp-json\/wp\/v2\/posts"}],"about":[{"href":"https:\/\/www.emilysentourage.org\/pt_br\/wp-json\/wp\/v2\/types\/post"}],"author":[{"embeddable":true,"href":"https:\/\/www.emilysentourage.org\/pt_br\/wp-json\/wp\/v2\/users\/1719"}],"replies":[{"embeddable":true,"href":"https:\/\/www.emilysentourage.org\/pt_br\/wp-json\/wp\/v2\/comments?post=26154"}],"version-history":[{"count":5,"href":"https:\/\/www.emilysentourage.org\/pt_br\/wp-json\/wp\/v2\/posts\/26154\/revisions"}],"predecessor-version":[{"id":26169,"href":"https:\/\/www.emilysentourage.org\/pt_br\/wp-json\/wp\/v2\/posts\/26154\/revisions\/26169"}],"wp:featuredmedia":[{"embeddable":true,"href":"https:\/\/www.emilysentourage.org\/pt_br\/wp-json\/wp\/v2\/media\/26170"}],"wp:attachment":[{"href":"https:\/\/www.emilysentourage.org\/pt_br\/wp-json\/wp\/v2\/media?parent=26154"}],"wp:term":[{"taxonomy":"category","embeddable":true,"href":"https:\/\/www.emilysentourage.org\/pt_br\/wp-json\/wp\/v2\/categories?post=26154"},{"taxonomy":"post_tag","embeddable":true,"href":"https:\/\/www.emilysentourage.org\/pt_br\/wp-json\/wp\/v2\/tags?post=26154"}],"curies":[{"name":"wp","href":"https:\/\/api.w.org\/{rel}","templated":true}]}}