{"id":26067,"date":"2026-02-20T11:49:13","date_gmt":"2026-02-20T15:49:13","guid":{"rendered":"https:\/\/www.emilysentourage.org\/?p=26067"},"modified":"2026-02-20T11:53:32","modified_gmt":"2026-02-20T15:53:32","slug":"madethisway-how-were-claiming-rare-during-rare-disease-week-2026","status":"publish","type":"post","link":"https:\/\/www.emilysentourage.org\/pt_br\/madethisway-how-were-claiming-rare-during-rare-disease-week-2026\/","title":{"rendered":"#MadeThisWay: Como estamos valorizando o conceito de \u201craro\u201d durante a Semana das Doen\u00e7as Raras de 2026"},"content":{"rendered":"<p><b>Na Emily\u2019s Entourage (EE), a raridade n\u00e3o \u00e9 algo que evitamos com cautela.<\/b><span style=\"font-weight: 400;\"><br \/>\n<\/span><span style=\"font-weight: 400;\">N\u00e3o \u00e9 algo para suavizar, justificar ou diminuir para que seja mais f\u00e1cil para o mundo digerir.<\/span><\/p>\n<p><span style=\"font-weight: 400;\">Nesta Semana das Doen\u00e7as Raras, estamos aparecendo com ousadia. Com orgulho. Em voz alta.<\/span><span style=\"font-weight: 400;\"><br \/>\n<\/span><b>Porque ser raro n\u00e3o \u00e9 um defeito a ser apagado \u2014 \u00e9 uma identidade a ser reivindicada<\/b><span style=\"font-weight: 400;\">.<\/span><\/p>\n<p><span style=\"font-weight: 400;\">Bem-vindo ao<\/span><b> #ExtraordinRARE 2026,<\/b><span style=\"font-weight: 400;\"> moldado este ano por uma verdade simples e inconfund\u00edvel:<\/span><\/p>\n<p><b>N\u00f3s \u00e9ramos o #MadeThisWay.<\/b><\/p>\n<p><img fetchpriority=\"high\" decoding=\"async\" class=\"wp-image-26069 size-full aligncenter\" src=\"https:\/\/www.emilysentourage.org\/wp-content\/uploads\/RDW-2026-EE-Insider-Header-2.png\" alt=\"\" width=\"1024\" height=\"512\" srcset=\"https:\/\/www.emilysentourage.org\/wp-content\/uploads\/RDW-2026-EE-Insider-Header-2.png 1024w, https:\/\/www.emilysentourage.org\/wp-content\/uploads\/RDW-2026-EE-Insider-Header-2-300x150.png 300w, https:\/\/www.emilysentourage.org\/wp-content\/uploads\/RDW-2026-EE-Insider-Header-2-768x384.png 768w, https:\/\/www.emilysentourage.org\/wp-content\/uploads\/RDW-2026-EE-Insider-Header-2-18x9.png 18w, https:\/\/www.emilysentourage.org\/wp-content\/uploads\/RDW-2026-EE-Insider-Header-2-600x300.png 600w\" sizes=\"(max-width: 1024px) 100vw, 1024px\" \/><\/p>\n<h3><b>Raras, por Defini\u00e7\u00e3o \u2014 e por Design<\/b><\/h3>\n<p><span style=\"font-weight: 400;\">Nos Estados Unidos, uma doen\u00e7a que afeta menos de 200.000 pessoas \u00e9 considerada rara. A fibrose c\u00edstica (FC) afeta aproximadamente 40.000 americanos e mais de 105.000 pessoas em todo o mundo, colocando-a firmemente na categoria de doen\u00e7a rara.<\/span><\/p>\n<p><span style=\"font-weight: 400;\">Mas dentro da CF existe uma realidade ainda mais rara.<\/span><\/p>\n<p><span style=\"font-weight: 400;\">O <\/span><b>final 10%<\/b><span style=\"font-weight: 400;\"> de pessoas com fibrose c\u00edstica \u2014 aquelas que n\u00e3o se beneficiam de terapias atualmente dispon\u00edveis direcionadas a muta\u00e7\u00f5es \u2014 representam uma comunidade ultrarrara dentro de uma doen\u00e7a j\u00e1 rara.\u00a0<\/span><\/p>\n<p><span style=\"font-weight: 400;\">Esta \u00e9 a comunidade para cuja exist\u00eancia a EE trabalha. E \u00e9 por isso que nos recusamos a aceitar \u201craro\u201d como um motivo para desacelerar ou desaparecer.<\/span><\/p>\n<p><span style=\"font-weight: 400;\">Porque raro n\u00e3o \u00e9 pequeno.\u00a0<\/span><\/p>\n<p><span style=\"font-weight: 400;\">O raro importa.<\/span><span style=\"font-weight: 400;\"><br \/>\n<\/span><span style=\"font-weight: 400;\">E aqueles com muta\u00e7\u00f5es raras de fibrose c\u00edstica merecem solu\u00e7\u00f5es que salvam vidas rapidamente.<\/span><\/p>\n<h3><b><span style=\"font-weight: 400;\"><img decoding=\"async\" class=\"alignright wp-image-26071\" src=\"https:\/\/www.emilysentourage.org\/wp-content\/uploads\/RDW-26-Post-7A.png\" alt=\"\" width=\"465\" height=\"581\" srcset=\"https:\/\/www.emilysentourage.org\/wp-content\/uploads\/RDW-26-Post-7A.png 1080w, https:\/\/www.emilysentourage.org\/wp-content\/uploads\/RDW-26-Post-7A-240x300.png 240w, https:\/\/www.emilysentourage.org\/wp-content\/uploads\/RDW-26-Post-7A-819x1024.png 819w, https:\/\/www.emilysentourage.org\/wp-content\/uploads\/RDW-26-Post-7A-768x960.png 768w, https:\/\/www.emilysentourage.org\/wp-content\/uploads\/RDW-26-Post-7A-10x12.png 10w, https:\/\/www.emilysentourage.org\/wp-content\/uploads\/RDW-26-Post-7A-440x550.png 440w, https:\/\/www.emilysentourage.org\/wp-content\/uploads\/RDW-26-Post-7A-600x750.png 600w\" sizes=\"(max-width: 465px) 100vw, 465px\" \/><\/span>#ExtraordinRARE, Feito assim<\/b><\/h3>\n<p><span style=\"font-weight: 400;\">Por anos, pessoas com doen\u00e7as raras foram instru\u00eddas a esperar pacientemente \u2014 por aten\u00e7\u00e3o, por financiamento, por respostas.<\/span><\/p>\n<p><span style=\"font-weight: 400;\">A campanha deste ano diz algo diferente.<\/span><\/p>\n<p><b>N\u00e3o vamos esperar. <\/b><b>N\u00e3o ficaremos em sil\u00eancio.<\/b><b><br \/>\n<\/b><b>E n\u00e3o vamos nos desculpar por exigir aten\u00e7\u00e3o.<\/b><\/p>\n<p><b>#ExtraordinRARE<\/b><span style=\"font-weight: 400;\"> sempre foi sobre celebrar as pessoas que vivem o extraordin\u00e1rio todos os dias \u2014 sua resili\u00eancia, sua engenhosidade, sua recusa em ser deixadas para tr\u00e1s.<\/span><\/p>\n<p><b>#MadeThisWay<\/b><span style=\"font-weight: 400;\"> \u00e9 como essa verdade se manifesta em 2026.<\/span><\/p>\n<p><span style=\"font-weight: 400;\">Trata-se de ocupar espa\u00e7o, honrar a defesa de direitos, a urg\u00eancia e a for\u00e7a que as comunidades de doen\u00e7as raras constru\u00edram muito antes de o sistema estar pronto para atend\u00ea-las, e de exigir que ajamos r\u00e1pido e com urg\u00eancia para suprir nossas necessidades cr\u00edticas.<\/span><\/p>\n<p><b>#MadeThisWay<\/b><span style=\"font-weight: 400;\"> n\u00e3o \u00e9 um slogan.<\/span><span style=\"font-weight: 400;\"><br \/>\n<\/span><span style=\"font-weight: 400;\">\u00c9 uma declara\u00e7\u00e3o.<\/span><\/p>\n<p><span style=\"font-weight: 400;\">Estamos aqui. Temos orgulho. E estamos fazendo avan\u00e7ar a ci\u00eancia que salva vidas rapidamente\u2014juntos.<\/span><\/p>\n<h3><b>Provas, N\u00e3o Promessas<\/b><\/h3>\n<p><span style=\"font-weight: 400;\">E \u00e9 a\u00ed que entra a Emily\u2019s Entourage (EE).<\/span><\/p>\n<p><span style=\"font-weight: 400;\">Todos os dias, enfrentamos os desafios mais dif\u00edceis que o 10% final tem pela frente: financiar pesquisas ousadas, promover ensaios cl\u00ednicos e rejeitar a ideia de que \u201cmuito raro\u201d significa \u201cmuito dif\u00edcil\u201d. Fazemos o m\u00e1ximo poss\u00edvel de tentativas, pois as descobertas revolucion\u00e1rias n\u00e3o surgem de uma \u00fanica aposta, mas da vis\u00e3o, da estrat\u00e9gia e da tenacidade aplicadas ao longo do tempo.<\/span><\/p>\n<p><span style=\"font-weight: 400;\">Esse compromisso se reflete em um progresso real e mensur\u00e1vel.<\/span><\/p>\n<p><span style=\"font-weight: 400;\">A partir de janeiro de 2026, a Emily\u2019s Entourage tem:<\/span><\/p>\n<ul>\n<li style=\"font-weight: 400;\" aria-level=\"1\"><b>Premiado com 42 projetos de pesquisa<\/b><span style=\"font-weight: 400;\"> para os principais investigadores de todo o mundo, garantindo mais de <\/span><b>$73,1 milh\u00f5es em financiamento adicional<\/b><\/li>\n<li style=\"font-weight: 400;\" aria-level=\"1\"><b>Implementou um modelo de filantropia de risco<\/b><span style=\"font-weight: 400;\"> para ajudar a criar uma empresa derivada da <\/span><b>empresa de terapia g\u00eanica para fibrose c\u00edstica em est\u00e1gio cl\u00ednico<\/b><\/li>\n<li style=\"font-weight: 400;\" aria-level=\"1\"><b>Avan\u00e7ar cinco projetos de pesquisa para a fase cl\u00ednica<\/b><span style=\"font-weight: 400;\">, traduzindo descobertas em terapias do mundo real<\/span><\/li>\n<li style=\"font-weight: 400;\" aria-level=\"1\"><b>Desenvolveu mais de 353 bacteri\u00f3fagos<\/b><span style=\"font-weight: 400;\"> que trataram <\/span><b>106 pessoas<\/b><span style=\"font-weight: 400;\"> com infec\u00e7\u00f5es resistentes a antibi\u00f3ticos, incluindo <\/span><b>Mais de 50 indiv\u00edduos com FC<\/b><\/li>\n<li style=\"font-weight: 400;\" aria-level=\"1\"><b>Expandimos o nosso banco de dados global Clinical Trial Connect (CTC) <\/b><span style=\"font-weight: 400;\">para incluir participantes em <\/span><b>46 estados e 52 pa\u00edses<\/b><\/li>\n<li style=\"font-weight: 400;\" aria-level=\"1\"><b>Lan\u00e7ado o Cons\u00f3rcio de Terapia G\u00eanica<\/b><span style=\"font-weight: 400;\">, unindo empresas de terapia g\u00eanica e mRNA em est\u00e1gio cl\u00ednico para enfrentar os desafios e oportunidades de toda a ind\u00fastria com colabora\u00e7\u00e3o sem precedentes.<\/span><\/li>\n<\/ul>\n<p><span style=\"font-weight: 400;\">Estes n\u00e3o s\u00e3o ganhos abstratos.<\/span><span style=\"font-weight: 400;\"><br \/>\n<\/span><span style=\"font-weight: 400;\">Eles s\u00e3o o momento.<\/span><\/p>\n<p><span style=\"font-weight: 400;\">Eles refletem como \u00e9 continuar aparecendo \u2014 dia ap\u00f3s dia \u2014 para lutar, construir e avan\u00e7ar at\u00e9 alcan\u00e7armos avan\u00e7os que salvam vidas.<\/span><\/p>\n<h3><b><img decoding=\"async\" class=\"wp-image-26074 alignright\" src=\"https:\/\/www.emilysentourage.org\/wp-content\/uploads\/RDW-26-Post-11-2-240x300.png\" alt=\"\" width=\"465\" height=\"581\" srcset=\"https:\/\/www.emilysentourage.org\/wp-content\/uploads\/RDW-26-Post-11-2-240x300.png 240w, https:\/\/www.emilysentourage.org\/wp-content\/uploads\/RDW-26-Post-11-2-819x1024.png 819w, https:\/\/www.emilysentourage.org\/wp-content\/uploads\/RDW-26-Post-11-2-768x960.png 768w, https:\/\/www.emilysentourage.org\/wp-content\/uploads\/RDW-26-Post-11-2-10x12.png 10w, https:\/\/www.emilysentourage.org\/wp-content\/uploads\/RDW-26-Post-11-2-440x550.png 440w, https:\/\/www.emilysentourage.org\/wp-content\/uploads\/RDW-26-Post-11-2-600x750.png 600w, https:\/\/www.emilysentourage.org\/wp-content\/uploads\/RDW-26-Post-11-2.png 1080w\" sizes=\"(max-width: 465px) 100vw, 465px\" \/>A Semana da Doen\u00e7a Rara Come\u00e7a Agora<\/b><\/h3>\n<p><span style=\"font-weight: 400;\">A Semana das Doen\u00e7as Raras de 2026 acontece de <\/span><b>de domingo, 22 de fevereiro, a domingo, 1 de mar\u00e7o<\/b><span style=\"font-weight: 400;\">, culminando no Dia das Doen\u00e7as Raras, em 28 de fevereiro.\u00a0<\/span><\/p>\n<p><span style=\"font-weight: 400;\">Ao longo da semana, compartilharemos hist\u00f3rias, reflex\u00f5es e exemplos concretos do que \u00e9 poss\u00edvel alcan\u00e7ar quando nossa identidade \u00fanica e motivo de orgulho se une a a\u00e7\u00f5es ousadas.<\/span><\/p>\n<p><span style=\"font-weight: 400;\">Isso n\u00e3o \u00e9 sobre pedir permiss\u00e3o.<\/span><span style=\"font-weight: 400;\"><br \/>\n<\/span><span style=\"font-weight: 400;\">Trata-se de reivindicar espa\u00e7o.<\/span><\/p>\n<p><span style=\"font-weight: 400;\">Se voc\u00ea j\u00e1 se sentiu invis\u00edvel, ignorado ou se j\u00e1 lhe disseram para esperar \u2014 isto \u00e9 para voc\u00ea.<\/span><\/p>\n<p><span style=\"font-weight: 400;\">Somos raros.<\/span><span style=\"font-weight: 400;\"><br \/>\n<\/span><span style=\"font-weight: 400;\">N\u00f3s somos fortes.<\/span><span style=\"font-weight: 400;\"><br \/>\n<\/span><span style=\"font-weight: 400;\">N\u00f3s somos <\/span><b>#MadeThisWay<\/b><\/p>\n<h3><b>Como Voc\u00ea Pode Agir<\/b><\/h3>\n<p><b>Comemore o #MadeThisWay conosco:<\/b><\/p>\n<ul>\n<li style=\"font-weight: 400;\" aria-level=\"1\"><span style=\"font-weight: 400;\">Acompanhe e interaja com o Emily\u2019s Entourage no <\/span><a href=\"https:\/\/www.facebook.com\/EmilysEntourage\"><span style=\"font-weight: 400;\">Facebook<\/span><\/a><span style=\"font-weight: 400;\">, <\/span><a href=\"https:\/\/www.instagram.com\/emilysentourage\/\"><span style=\"font-weight: 400;\">Instagram<\/span><\/a><span style=\"font-weight: 400;\">, <\/span><a href=\"https:\/\/www.linkedin.com\/company\/emilysentourage\/\"><span style=\"font-weight: 400;\">LinkedIn<\/span><\/a><span style=\"font-weight: 400;\">, <\/span><a href=\"https:\/\/x.com\/emilysentourage\"><span style=\"font-weight: 400;\">X <\/span><\/a><span style=\"font-weight: 400;\">durante a semana.<\/span><\/li>\n<li style=\"font-weight: 400;\" aria-level=\"1\"><span style=\"font-weight: 400;\">Compartilhe o que faz voc\u00ea ter orgulho de fazer parte da comunidade de doen\u00e7as raras usando <\/span><b>#MadeThisWay<\/b><span style=\"font-weight: 400;\"> e <\/span><b>#ExtraordinRARE<\/b><span style=\"font-weight: 400;\">. N\u00e3o se esque\u00e7a de nos marcar!\u00a0<\/span><\/li>\n<\/ul>\n<p><b>Ajude a criar a trilha sonora para o orgulho raro:<\/b><\/p>\n<ul>\n<li style=\"font-weight: 400;\" aria-level=\"1\"><span style=\"font-weight: 400;\">Adicione \u00e0 nossa comunidade as m\u00fasicas que te animam, te trazem equil\u00edbrio ou te fazem sentir poderoso <\/span><a href=\"https:\/\/open.spotify.com\/playlist\/7gwBfj8tZOF9A6qmZ5u2Gz?si=b68c44fbde5b49e3&amp;pt=9cb05fbdb35cbe109bbe65f7295cc2da\"><b>Lista de reprodu\u00e7\u00e3o \u201c#MadeThisWay\u201d no Spotify<\/b><\/a><span style=\"font-weight: 400;\">\u2014o hino de aparecer exatamente como voc\u00ea \u00e9.<\/span><\/li>\n<\/ul>\n<p><b>Promova uma mudan\u00e7a real:<\/b><\/p>\n<ul>\n<li style=\"font-weight: 400;\" aria-level=\"1\"><span style=\"font-weight: 400;\">Apoie a pesquisa e a inova\u00e7\u00e3o que salvam vidas ao <\/span><a href=\"https:\/\/www.emilysentourage.org\/pt_br\/donate\/\"><b>doando para a Emily\u2019s Entourage<\/b><\/a><span style=\"font-weight: 400;\">, acelerando os avan\u00e7os para os \u00faltimos 10% de pessoas com fibrose c\u00edstica.<\/span><\/li>\n<\/ul>\n<p><span style=\"font-weight: 400;\">A Rare n\u00e3o fica parada \u2014 e n\u00f3s tamb\u00e9m n\u00e3o.<\/span><b><\/b><\/p>\n<p>&nbsp;<\/p>\n<p><iframe style=\"border-radius: 12px;\" src=\"https:\/\/open.spotify.com\/embed\/playlist\/7gwBfj8tZOF9A6qmZ5u2Gz?utm_source=generator\" width=\"100%\" height=\"352\" frameborder=\"0\" allowfullscreen=\"allowfullscreen\" data-testid=\"embed-iframe\"><\/iframe><\/p>\n<h2 style=\"text-align: center;\"><strong>OBRIGADO AOS NOSSOS PATROCINADORES DA SEMANA DAS DOEN\u00c7AS RARAS DE 2026<\/strong><\/h2>\n<p><img loading=\"lazy\" decoding=\"async\" class=\"wp-image-26081 aligncenter\" src=\"https:\/\/www.emilysentourage.org\/wp-content\/uploads\/RDW-2026-Sponsors-2-2.png\" alt=\"\" width=\"611\" height=\"423\" srcset=\"https:\/\/www.emilysentourage.org\/wp-content\/uploads\/RDW-2026-Sponsors-2-2.png 1354w, https:\/\/www.emilysentourage.org\/wp-content\/uploads\/RDW-2026-Sponsors-2-2-300x207.png 300w, https:\/\/www.emilysentourage.org\/wp-content\/uploads\/RDW-2026-Sponsors-2-2-1024x708.png 1024w, https:\/\/www.emilysentourage.org\/wp-content\/uploads\/RDW-2026-Sponsors-2-2-768x531.png 768w, https:\/\/www.emilysentourage.org\/wp-content\/uploads\/RDW-2026-Sponsors-2-2-18x12.png 18w, https:\/\/www.emilysentourage.org\/wp-content\/uploads\/RDW-2026-Sponsors-2-2-600x415.png 600w\" sizes=\"(max-width: 611px) 100vw, 611px\" \/><\/p>","protected":false},"excerpt":{"rendered":"<p>At Emily\u2019s Entourage (EE), rare isn\u2019t something we tiptoe around. It isn\u2019t something to soften, explain away, or make smaller so it\u2019s easier for the world to digest. This Rare Disease Week, we\u2019re showing up boldly. Proudly. Out loud. Because rare isn\u2019t a flaw to be erased\u2014it\u2019s an identity to be claimed. Welcome to #ExtraordinRARE&#8230; <\/p>\n<div class=\"clear\"><\/div>\n<p><a href=\"https:\/\/www.emilysentourage.org\/pt_br\/madethisway-how-were-claiming-rare-during-rare-disease-week-2026\/\" class=\"excerpt-read-more\">Leia mais<\/a><\/p>","protected":false},"author":1719,"featured_media":26079,"comment_status":"open","ping_status":"closed","sticky":false,"template":"","format":"standard","meta":{"_acf_changed":false,"_seopress_titles_title":"%%post_title%%","_seopress_titles_desc":"%%post_excerpt%%","_seopress_robots_index":"","_seopress_robots_follow":"","_seopress_robots_imageindex":"","_seopress_robots_snippet":"","_seopress_robots_primary_cat":"none","_seopress_robots_breadcrumbs":"","_seopress_robots_freeze_modified_date":"","_seopress_robots_custom_modified_date":"","_seopress_robots_canonical":"","_seopress_social_fb_title":"","_seopress_social_fb_desc":"","_seopress_social_fb_img":"","_seopress_social_fb_img_attachment_id":0,"_seopress_social_fb_img_width":0,"_seopress_social_fb_img_height":0,"_seopress_social_twitter_title":"","_seopress_social_twitter_desc":"","_seopress_social_twitter_img":"","_seopress_social_twitter_img_attachment_id":0,"_seopress_social_twitter_img_width":0,"_seopress_social_twitter_img_height":0,"_seopress_redirections_value":"","_seopress_redirections_enabled":"","_seopress_redirections_enabled_regex":"","_seopress_redirections_logged_status":"both","_seopress_redirections_param":"","_seopress_redirections_type":301,"_seopress_analysis_target_kw":"","_seopress_news_disabled":"","_seopress_video_disabled":"","_seopress_video":[],"_seopress_pro_schemas_manual":[],"_seopress_pro_rich_snippets_disable_all":"","_seopress_pro_rich_snippets_disable":[],"_seopress_pro_schemas":[],"_monsterinsights_skip_tracking":false,"_jetpack_newsletter_access":"","_jetpack_dont_email_post_to_subs":false,"_jetpack_newsletter_tier_id":0,"_jetpack_memberships_contains_paywalled_content":false,"_jetpack_feature_clip_id":0,"_jetpack_memberships_contains_paid_content":false,"footnotes":"","jetpack_post_was_ever_published":false},"categories":[1],"tags":[52,197,213,79,262,166],"class_list":["post-26067","post","type-post","status-publish","format-standard","has-post-thumbnail","hentry","category-uncategorized","tag-cf-awareness","tag-cf-research","tag-cystic-fibrosis-awareness","tag-rare-disease","tag-rare-disease-day","tag-rare-disease-week"],"acf":[],"jetpack_sharing_enabled":true,"jetpack_featured_media_url":"https:\/\/www.emilysentourage.org\/wp-content\/uploads\/WordPress-Featured-Image-9.png","post_mailing_queue_ids":[],"_links":{"self":[{"href":"https:\/\/www.emilysentourage.org\/pt_br\/wp-json\/wp\/v2\/posts\/26067","targetHints":{"allow":["GET"]}}],"collection":[{"href":"https:\/\/www.emilysentourage.org\/pt_br\/wp-json\/wp\/v2\/posts"}],"about":[{"href":"https:\/\/www.emilysentourage.org\/pt_br\/wp-json\/wp\/v2\/types\/post"}],"author":[{"embeddable":true,"href":"https:\/\/www.emilysentourage.org\/pt_br\/wp-json\/wp\/v2\/users\/1719"}],"replies":[{"embeddable":true,"href":"https:\/\/www.emilysentourage.org\/pt_br\/wp-json\/wp\/v2\/comments?post=26067"}],"version-history":[{"count":5,"href":"https:\/\/www.emilysentourage.org\/pt_br\/wp-json\/wp\/v2\/posts\/26067\/revisions"}],"predecessor-version":[{"id":26082,"href":"https:\/\/www.emilysentourage.org\/pt_br\/wp-json\/wp\/v2\/posts\/26067\/revisions\/26082"}],"wp:featuredmedia":[{"embeddable":true,"href":"https:\/\/www.emilysentourage.org\/pt_br\/wp-json\/wp\/v2\/media\/26079"}],"wp:attachment":[{"href":"https:\/\/www.emilysentourage.org\/pt_br\/wp-json\/wp\/v2\/media?parent=26067"}],"wp:term":[{"taxonomy":"category","embeddable":true,"href":"https:\/\/www.emilysentourage.org\/pt_br\/wp-json\/wp\/v2\/categories?post=26067"},{"taxonomy":"post_tag","embeddable":true,"href":"https:\/\/www.emilysentourage.org\/pt_br\/wp-json\/wp\/v2\/tags?post=26067"}],"curies":[{"name":"wp","href":"https:\/\/api.w.org\/{rel}","templated":true}]}}