{"id":16946,"date":"2022-04-28T16:08:07","date_gmt":"2022-04-28T20:08:07","guid":{"rendered":"https:\/\/www.emilysentourage.org\/?p=16946"},"modified":"2022-05-05T14:02:50","modified_gmt":"2022-05-05T18:02:50","slug":"webinar-recap-key-findings-from-ees-final-10-survey","status":"publish","type":"post","link":"https:\/\/www.emilysentourage.org\/pt_br\/webinar-recap-key-findings-from-ees-final-10-survey\/","title":{"rendered":"Recapitula\u00e7\u00e3o do webinar: Principais descobertas da pesquisa \"Final 10%\" da EE"},"content":{"rendered":"<p style=\"text-align: justify;\"><span style=\"font-weight: 400;\">Em 6 de abril de 2022, a Emily's Entourage (EE) apresentou um webinar informativo para compartilhar as descobertas de seu <\/span><a href=\"https:\/\/www.emilysentourage.org\/pt_br\/ee-publishes-first-ever-final-10-survey-and-announces-informational-webinar\/\"><span style=\"font-weight: 400;\">pesquisa global inaugural<\/span><\/a><span style=\"font-weight: 400;\"> sobre a sa\u00fade e as perspectivas das pessoas com fibrose c\u00edstica (FC) que n\u00e3o se beneficiam das terapias direcionadas a muta\u00e7\u00f5es atualmente dispon\u00edveis. Os resultados foram publicados em <\/span><em><a href=\"https:\/\/pubmed.ncbi.nlm.nih.gov\/35170259\/\"><span style=\"font-weight: 400;\">Pneumologia pedi\u00e1trica.<\/span><\/a><\/em><\/p>\n<p style=\"text-align: justify;\"><span style=\"font-weight: 400;\">A Dra. Jennifer L. Taylor-Cousar, MD, MSCS, ATSF, coautora do trabalho de pesquisa e membro do Conselho Consultivo Cient\u00edfico da EE, apresentou os principais resultados da pesquisa e destacou as conclus\u00f5es para os participantes, que inclu\u00edam pessoas com FC e seus entes queridos, pesquisadores, cl\u00ednicos e membros dos setores farmac\u00eautico e de biotecnologia.<\/span><\/p>\n<p style=\"text-align: justify;\"><a href=\"https:\/\/www.youtube.com\/watch?v=Wj50OrnfIzs\"><img fetchpriority=\"high\" decoding=\"async\" class=\"alignnone wp-image-16948\" src=\"https:\/\/www.emilysentourage.org\/wp-content\/uploads\/Jennifer-Taylor-Cousar-300x166.png\" alt=\"\" width=\"1385\" height=\"765\" srcset=\"https:\/\/www.emilysentourage.org\/wp-content\/uploads\/Jennifer-Taylor-Cousar-300x166.png 300w, https:\/\/www.emilysentourage.org\/wp-content\/uploads\/Jennifer-Taylor-Cousar-1024x565.png 1024w, https:\/\/www.emilysentourage.org\/wp-content\/uploads\/Jennifer-Taylor-Cousar-768x424.png 768w, https:\/\/www.emilysentourage.org\/wp-content\/uploads\/Jennifer-Taylor-Cousar-1536x848.png 1536w, https:\/\/www.emilysentourage.org\/wp-content\/uploads\/Jennifer-Taylor-Cousar-18x10.png 18w, https:\/\/www.emilysentourage.org\/wp-content\/uploads\/Jennifer-Taylor-Cousar-600x331.png 600w, https:\/\/www.emilysentourage.org\/wp-content\/uploads\/Jennifer-Taylor-Cousar.png 1708w\" sizes=\"(max-width: 1385px) 100vw, 1385px\" \/><\/a><\/p>\n<p style=\"text-align: justify;\"><span style=\"font-weight: 400;\">Na an\u00e1lise das descobertas, surgiram tr\u00eas temas principais: o impacto da FC na sa\u00fade mental das pessoas com a doen\u00e7a e de seus cuidadores; as desigualdades presentes para as minorias com FC; e os desafios relacionados ao recrutamento e \u00e0 participa\u00e7\u00e3o em estudos cl\u00ednicos.<\/span><\/p>\n<p style=\"text-align: justify;\"><span style=\"font-weight: 400;\">Quando perguntados sobre os aspectos da vida mais afetados pela FC, 45,5% dos entrevistados relataram \"sa\u00fade mental\" e 45,2% responderam \"planos para o futuro\".<\/span><\/p>\n<p style=\"text-align: justify;\"><span style=\"font-weight: 400;\">Os entrevistados tamb\u00e9m relataram que se sentem \"deixados para tr\u00e1s\" - que sua sa\u00fade mental est\u00e1 sendo afetada n\u00e3o apenas por sua FC, mas pelo fato de n\u00e3o serem eleg\u00edveis para o tratamento que a grande maioria das pessoas com FC pode acessar. A Dra. Taylor-Cousar explicou que os 10% finais de pessoas com FC que n\u00e3o se beneficiam de terapias direcionadas a muta\u00e7\u00f5es sofrem traumas m\u00e9dicos, em parte, como resultado dessa exclus\u00e3o.<\/span><\/p>\n<p style=\"text-align: justify;\"><a href=\"https:\/\/www.youtube.com\/watch?v=Wj50OrnfIzs\"><img decoding=\"async\" class=\"alignnone wp-image-16949\" src=\"https:\/\/www.emilysentourage.org\/wp-content\/uploads\/webinar-300x169.png\" alt=\"\" width=\"1385\" height=\"780\" srcset=\"https:\/\/www.emilysentourage.org\/wp-content\/uploads\/webinar-300x169.png 300w, https:\/\/www.emilysentourage.org\/wp-content\/uploads\/webinar-1024x577.png 1024w, https:\/\/www.emilysentourage.org\/wp-content\/uploads\/webinar-768x432.png 768w, https:\/\/www.emilysentourage.org\/wp-content\/uploads\/webinar-18x10.png 18w, https:\/\/www.emilysentourage.org\/wp-content\/uploads\/webinar-600x338.png 600w, https:\/\/www.emilysentourage.org\/wp-content\/uploads\/webinar.png 1291w\" sizes=\"(max-width: 1385px) 100vw, 1385px\" \/><\/a><\/p>\n<blockquote><p><span style=\"font-weight: 400;\">\"O que ficou bem claro \u00e9 que existe um medo incr\u00edvel de ser deixado para tr\u00e1s. As pessoas t\u00eam medo de que a comunidade fique satisfeita com o 90% e siga em frente, e que o compromisso e o foco not\u00e1veis no desenvolvimento de terapias para FC que vimos nos \u00faltimos anos ou d\u00e9cadas desapare\u00e7am. Foi muito profundo ouvir isso.\" - Emily Kramer-Golinkoff, cofundadora, Emily's Entourage<\/span><\/p><\/blockquote>\n<p style=\"text-align: justify;\"><span style=\"font-weight: 400;\">O Dr. Taylor-Cousar tamb\u00e9m destacou o fato de que os grupos historicamente marginalizados tinham menos probabilidade de se qualificar para moduladores devido \u00e0s suas muta\u00e7\u00f5es. Por exemplo, aproximadamente 90% de pessoas brancas com FC se qualificam para terapias direcionadas por muta\u00e7\u00e3o, enquanto apenas 70% de pessoas negras e 76% de pessoas hisp\u00e2nicas se qualificam.\u00a0<\/span><\/p>\n<p style=\"text-align: justify;\"><span style=\"font-weight: 400;\">Sobre a quest\u00e3o de priorizar a equidade no recrutamento de estudos cl\u00ednicos, a Dra. Taylor-Cousar compartilhou a import\u00e2ncia de garantir o acesso a todas as pessoas com FC, tendo em mente os preconceitos culturais que s\u00e3o institucionalizados em nossa sociedade.<\/span><\/p>\n<p style=\"text-align: justify;\"><span style=\"font-weight: 400;\">A apresenta\u00e7\u00e3o do Dr. Taylor-Cousar foi seguida por uma breve sess\u00e3o de perguntas e respostas. Voc\u00ea pode assistir ao webinar na \u00edntegra abaixo.<\/span><\/p>\n<p><iframe title=\"Webinar: Resultados da pesquisa &quot;Final 10%&quot; de 2021 e perguntas e respostas\" width=\"960\" height=\"540\" src=\"https:\/\/www.youtube.com\/embed\/Wj50OrnfIzs?feature=oembed\" frameborder=\"0\" allow=\"accelerometer; autoplay; clipboard-write; encrypted-media; gyroscope; picture-in-picture\" allowfullscreen><\/iframe><\/p>\n<p><span style=\"font-weight: 400;\">A Dra. Taylor-Cousar tamb\u00e9m respondeu a outras perguntas ap\u00f3s as perguntas e respostas do webinar.<\/span><\/p>\n<h5><b>P: Qual \u00e9 o cronograma para as pr\u00f3ximas terapias?<\/b><span style=\"font-weight: 400;\">\u00a0<\/span><\/h5>\n<p><span style=\"font-weight: 400;\">A (Dr. Taylor-Cousar): Para os participantes eleg\u00edveis com muta\u00e7\u00f5es sem sentido, um estudo que est\u00e1 examinando o uso do ELX-02 mais ivacaftor (Kalydeco\u00ae) est\u00e1 sendo inscrito no momento (*NCT04135495). Um estudo do 4D-710, uma terapia gen\u00e9tica de v\u00edrus adeno-associado que fornecer\u00e1 o gene CFTR corrigido aos pulm\u00f5es, come\u00e7ou a ser registrado recentemente (*NCT05248230). Esperamos que outros testes de fase inicial de terapias direcionadas ao CFTR comecem no segundo semestre de 2022.\u00a0<\/span><\/p>\n<h5><b>P: Sou eleg\u00edvel para participar de um estudo se tiver recebido um transplante de pulm\u00e3o e\/ou f\u00edgado?<\/b><span style=\"font-weight: 400;\">\u00a0<\/span><\/h5>\n<p><span style=\"font-weight: 400;\">R: Infelizmente, as pessoas com FC que foram submetidas a transplantes de f\u00edgado ou pulm\u00e3o provavelmente ser\u00e3o exclu\u00eddas da participa\u00e7\u00e3o na maioria dos estudos cl\u00ednicos de novas terapias para FC. Quando novas terapias forem aprovadas, os indiv\u00edduos que passaram por um transplante devem discutir as op\u00e7\u00f5es de uso das novas terapias com suas equipes de transplante.\u00a0\u00a0\u00a0<\/span><\/p>\n<h5><b>P: Al\u00e9m de novas terapias \"upstream\" para pessoas com muta\u00e7\u00f5es CFTR raras e sem sentido, quais abordagens \"downstream\" s\u00e3o mais necess\u00e1rias?<\/b><span style=\"font-weight: 400;\">\u00a0<\/span><\/h5>\n<p><span style=\"font-weight: 400;\">R: As pessoas que n\u00e3o se qualificam ou s\u00e3o intolerantes aos moduladores de CFTR continuam precisando de terapias que melhorem a depura\u00e7\u00e3o mucociliar e controlem a infec\u00e7\u00e3o e a inflama\u00e7\u00e3o. \u00c9 particularmente importante desenvolver novas abordagens para o tratamento de infec\u00e7\u00f5es e terapias anti-inflamat\u00f3rias seguras e eficazes.\u00a0<\/span><\/p>\n<h5><b>P: As muta\u00e7\u00f5es raras da FC poderiam ser uma fun\u00e7\u00e3o do subdiagn\u00f3stico em comunidades minorit\u00e1rias devido \u00e0 triagem e aos testes deficientes? (Talvez elas n\u00e3o sejam t\u00e3o raras, afinal?)<\/b><\/h5>\n<p><span style=\"font-weight: 400;\">R: Como a FC tem sido historicamente ensinada a ocorrer exclusivamente em pessoas de ascend\u00eancia europeia, a compreens\u00e3o da ocorr\u00eancia das muta\u00e7\u00f5es CFTR que ocorrem mais comumente em pessoas categorizadas como negras, ind\u00edgenas e pessoas de cor \u00e9 pouco estudada. Al\u00e9m disso, a avalia\u00e7\u00e3o da FC em pa\u00edses cujas popula\u00e7\u00f5es s\u00e3o predominantemente de ancestrais n\u00e3o europeus tem sido limitada. \u00c9 prov\u00e1vel que a triagem e a avalia\u00e7\u00e3o da FC nesses pa\u00edses revelem diagn\u00f3sticos de FC que n\u00e3o haviam sido feitos anteriormente. Menos de 500 das aproximadamente 2.000 muta\u00e7\u00f5es identificadas na CFTR foram totalmente caracterizadas (cftr2.org). Esfor\u00e7os cont\u00ednuos para determinar as consequ\u00eancias das muta\u00e7\u00f5es conhecidas da CFTR e da <\/span><em><span style=\"font-weight: 400;\">in vitro<\/span><\/em><span style=\"font-weight: 400;\"> O teste de resposta \u00e0s terapias aprovadas aumentar\u00e1 a elegibilidade para a terapia para todos.\u00a0<\/span><\/p>\n<h5><b>P: Quais s\u00e3o os desafios bacterianos que definem as pessoas nos 10% finais da popula\u00e7\u00e3o com FC, e eles s\u00e3o diferentes dos outros 90%?<\/b><span style=\"font-weight: 400;\">\u00a0<\/span><\/h5>\n<p><span style=\"font-weight: 400;\">R: Para muitos adultos com FC, suas infec\u00e7\u00f5es cr\u00f4nicas se tornaram multirresistentes (MDR).  Bact\u00e9rias multirresistentes ocorrem em pessoas com FC que s\u00e3o eleg\u00edveis\/est\u00e3o usando moduladores de CFTR, bem como naquelas que n\u00e3o est\u00e3o usando moduladores. Com base nos dados do estudo PROMISE (*NCT04038047), os moduladores de CFTR altamente eficazes, como o elexacaftor-tezacaftor-ivacaftor (Trikafta\u00ae), melhoram a depura\u00e7\u00e3o mucociliar. Os primeiros dados do estudo PROMISE sugerem que h\u00e1 um aumento da elimina\u00e7\u00e3o de bact\u00e9rias em algumas pessoas que est\u00e3o em tratamento. Ainda n\u00e3o se sabe se a depura\u00e7\u00e3o bacteriana inicial para aqueles que est\u00e3o tomando elexacaftor-tezacaftor-ivacaftor (Trikafta\u00ae) ser\u00e1 mantida ao longo do tempo.\u00a0<\/span><\/p>\n<h5><b>P: Quais s\u00e3o as maiores barreiras para tratar os 10% restantes das pessoas com FC?<\/b><span style=\"font-weight: 400;\">\u00a0<\/span><\/h5>\n<p><span style=\"font-weight: 400;\">R: Durante a maior parte da hist\u00f3ria do tratamento da FC, nos concentramos em tratar os sinais e sintomas da doen\u00e7a. Os moduladores da CFTR s\u00e3o as primeiras terapias que afetam alguns dos defeitos b\u00e1sicos causados pelas muta\u00e7\u00f5es da CFTR. Essas terapias com mol\u00e9culas pequenas tratam o defeito da prote\u00edna. Muitas pessoas com FC que n\u00e3o s\u00e3o eleg\u00edveis para moduladores com base em suas muta\u00e7\u00f5es CFTR n\u00e3o produzem a prote\u00edna CFTR e, portanto, podem precisar de terapia g\u00eanica para tratar o defeito b\u00e1sico. Algumas das principais barreiras para a terapia g\u00eanica incluem: 1) entender em quais c\u00e9lulas das vias a\u00e9reas \u00e9 mais importante aplicar a terapia g\u00eanica; 2) desenvolver um sistema de transporte que aplique uma quantidade suficiente do gene corrigido; e 3) garantir que a terapia g\u00eanica seja segura e n\u00e3o cause uma resposta imunol\u00f3gica excessiva.\u00a0\u00a0\u00a0<\/span><\/p>\n<p><span style=\"font-weight: 400;\">*clinicaltrials.gov\u00a0<\/span><\/p>\n<p><i><span style=\"font-weight: 400;\">Todas as informa\u00e7\u00f5es compartilhadas nas Perguntas e Respostas do Dr. Taylor-Cousar s\u00e3o precisas em 5 de maio de 2022.<\/span><\/i><\/p>\n<p>&nbsp;<\/p>\n<p style=\"text-align: justify;\"><span style=\"font-weight: 400;\">Voc\u00ea tem interesse em participar da pesquisa sobre FC? Participe de nossa <\/span><a href=\"https:\/\/www.emilysentourage.org\/pt_br\/patient-registry\/\"><span style=\"font-weight: 400;\">Registro de pacientes com muta\u00e7\u00e3o sem sentido na FC<\/span><\/a><span style=\"font-weight: 400;\">.<\/span><\/p>","protected":false},"excerpt":{"rendered":"<p>On April 6, 2022, Emily\u2019s Entourage (EE) presented an informational webinar to share the findings of its inaugural global survey on the health and perspectives of people with cystic fibrosis (CF) who do not benefit from currently available mutation-targeted therapies. The results were published in Pediatric Pulmonology. Dr. Jennifer L. Taylor-Cousar, MD, MSCS, ATSF, co-author&#8230; <\/p>\n<div class=\"clear\"><\/div>\n<p><a href=\"https:\/\/www.emilysentourage.org\/pt_br\/webinar-recap-key-findings-from-ees-final-10-survey\/\" class=\"excerpt-read-more\">Leia mais<\/a><\/p>","protected":false},"author":1281,"featured_media":16948,"comment_status":"open","ping_status":"closed","sticky":false,"template":"","format":"standard","meta":{"_acf_changed":false,"_seopress_robots_primary_cat":"none","_seopress_titles_title":"Webinar Recap: Key Findings From EE\u2019s \u201cFinal 10% Survey\u201d","_seopress_titles_desc":"On April 6, 2022, Emily\u2019s Entourage (EE) presented an informational webinar to share the findings of its inaugural global survey on the health and perspectives of people with cystic fibrosis (CF) who do not benefit from currently available mutation-targeted therapies.","_seopress_robots_index":"","_monsterinsights_skip_tracking":false,"_monsterinsights_sitenote_active":false,"_monsterinsights_sitenote_note":"","_monsterinsights_sitenote_category":0,"_jetpack_memberships_contains_paid_content":false,"footnotes":""},"categories":[1],"tags":[],"class_list":["post-16946","post","type-post","status-publish","format-standard","has-post-thumbnail","hentry","category-uncategorized"],"acf":[],"jetpack_featured_media_url":"https:\/\/www.emilysentourage.org\/wp-content\/uploads\/Jennifer-Taylor-Cousar.png","jetpack_sharing_enabled":true,"post_mailing_queue_ids":[],"_links":{"self":[{"href":"https:\/\/www.emilysentourage.org\/pt_br\/wp-json\/wp\/v2\/posts\/16946","targetHints":{"allow":["GET"]}}],"collection":[{"href":"https:\/\/www.emilysentourage.org\/pt_br\/wp-json\/wp\/v2\/posts"}],"about":[{"href":"https:\/\/www.emilysentourage.org\/pt_br\/wp-json\/wp\/v2\/types\/post"}],"author":[{"embeddable":true,"href":"https:\/\/www.emilysentourage.org\/pt_br\/wp-json\/wp\/v2\/users\/1281"}],"replies":[{"embeddable":true,"href":"https:\/\/www.emilysentourage.org\/pt_br\/wp-json\/wp\/v2\/comments?post=16946"}],"version-history":[{"count":5,"href":"https:\/\/www.emilysentourage.org\/pt_br\/wp-json\/wp\/v2\/posts\/16946\/revisions"}],"predecessor-version":[{"id":16966,"href":"https:\/\/www.emilysentourage.org\/pt_br\/wp-json\/wp\/v2\/posts\/16946\/revisions\/16966"}],"wp:featuredmedia":[{"embeddable":true,"href":"https:\/\/www.emilysentourage.org\/pt_br\/wp-json\/wp\/v2\/media\/16948"}],"wp:attachment":[{"href":"https:\/\/www.emilysentourage.org\/pt_br\/wp-json\/wp\/v2\/media?parent=16946"}],"wp:term":[{"taxonomy":"category","embeddable":true,"href":"https:\/\/www.emilysentourage.org\/pt_br\/wp-json\/wp\/v2\/categories?post=16946"},{"taxonomy":"post_tag","embeddable":true,"href":"https:\/\/www.emilysentourage.org\/pt_br\/wp-json\/wp\/v2\/tags?post=16946"}],"curies":[{"name":"wp","href":"https:\/\/api.w.org\/{rel}","templated":true}]}}