{"id":16821,"date":"2022-05-13T08:00:33","date_gmt":"2022-05-13T12:00:33","guid":{"rendered":"https:\/\/www.emilysentourage.org\/?p=16821"},"modified":"2022-06-02T09:41:01","modified_gmt":"2022-06-02T13:41:01","slug":"a-life-without-worry","status":"publish","type":"post","link":"https:\/\/www.emilysentourage.org\/pt_br\/a-life-without-worry\/","title":{"rendered":"Uma vida sem preocupa\u00e7\u00f5es"},"content":{"rendered":"<p><i><span style=\"font-weight: 400;\">Durante o M\u00eas de Conscientiza\u00e7\u00e3o sobre a FC, o Emily's Entourage convida membros da comunidade de fibrose c\u00edstica (FC) a compartilhar suas hist\u00f3rias. A postagem de hoje no blog \u00e9 de Abhijit Tirumala, um adulto com FC.<\/span><\/i><\/p>\n<p><span style=\"font-weight: 400;\">Embora eu n\u00e3o me lembre de muita coisa de quando era crian\u00e7a, algumas das minhas lembran\u00e7as mais antigas envolvem a realiza\u00e7\u00e3o de tratamentos de desobstru\u00e7\u00e3o das vias a\u00e9reas para ajudar a soltar o muco espesso e pegajoso que se acumulava em meus pulm\u00f5es.\u00a0<\/span><\/p>\n<p><span style=\"font-weight: 400;\">Na escola prim\u00e1ria, eu j\u00e1 estava t\u00e3o acostumado a viver com FC que n\u00e3o sabia como era a vida sem FC. Ainda assim, eu sentia o impacto da minha doen\u00e7a. Na hora do almo\u00e7o, eu tinha que ir \u00e0 enfermaria para tomar enzimas pancre\u00e1ticas, um medicamento para me ajudar a digerir os alimentos devido \u00e0 insufici\u00eancia pancre\u00e1tica, enquanto meus amigos comiam rapidamente e depois corriam para jogar basquete. Lembro-me de todas as conversas inc\u00f4modas quando os colegas curiosos me viam tomar sete comprimidos enormes. Al\u00e9m disso, eu sempre faltava \u00e0 escola ou sa\u00eda mais cedo para tomar meus antibi\u00f3ticos ou ir a uma consulta m\u00e9dica de FC com meus pais.<\/span><\/p>\n<p><img fetchpriority=\"high\" decoding=\"async\" class=\"alignnone wp-image-16861\" src=\"https:\/\/www.emilysentourage.org\/wp-content\/uploads\/IMG-0814-300x200.jpg\" alt=\"\" width=\"1086\" height=\"724\" srcset=\"https:\/\/www.emilysentourage.org\/wp-content\/uploads\/IMG-0814-300x200.jpg 300w, https:\/\/www.emilysentourage.org\/wp-content\/uploads\/IMG-0814-1024x683.jpg 1024w, https:\/\/www.emilysentourage.org\/wp-content\/uploads\/IMG-0814-768x512.jpg 768w, https:\/\/www.emilysentourage.org\/wp-content\/uploads\/IMG-0814-1536x1024.jpg 1536w, https:\/\/www.emilysentourage.org\/wp-content\/uploads\/IMG-0814-18x12.jpg 18w, https:\/\/www.emilysentourage.org\/wp-content\/uploads\/IMG-0814-600x400.jpg 600w, https:\/\/www.emilysentourage.org\/wp-content\/uploads\/IMG-0814.jpg 1800w\" sizes=\"(max-width: 1086px) 100vw, 1086px\" \/><\/p>\n<p><span style=\"font-weight: 400;\">As dificuldades de viver com FC me atingiram mais no ensino m\u00e9dio, quando fui hospitalizado duas vezes. Uma interna\u00e7\u00e3o foi de nove dias; a segunda foi de duas semanas agonizantes. A pior parte dessas interna\u00e7\u00f5es n\u00e3o foram os tratamentos ou os in\u00fameros medicamentos. Foi a sensa\u00e7\u00e3o de acordar em um quarto de hospital e perceber que eu n\u00e3o tinha ideia de quando voltaria para casa.\u00a0<\/span><\/p>\n<p><span style=\"font-weight: 400;\">Os desafios de viver com FC s\u00f3 aumentaram durante meu per\u00edodo na faculdade. No primeiro trimestre da faculdade, fui hospitalizado duas vezes. Em uma dessas vezes, fiquei internado por um m\u00eas inteiro. Ficar preso em um quarto de hospital \u00e9 algo que sempre faz com que minha ansiedade aumente. Mesmo quando recebi alta, achei dif\u00edcil me integrar de volta \u00e0 sociedade, algo sobre o qual ningu\u00e9m me avisou.\u00a0<\/span><\/p>\n<p><span style=\"font-weight: 400;\">Outro grande desafio que enfrento com a FC \u00e9 a carga de tratamento. Atualmente, fa\u00e7o v\u00e1rios tratamentos de desobstru\u00e7\u00e3o das vias a\u00e9reas que incluem medicamentos inalados e uma m\u00e1quina de colete. Esses tratamentos levam cerca de 45 minutos e eu os fa\u00e7o duas vezes por dia. Muitas vezes, ap\u00f3s os tratamentos, a tosse produz tanto catarro que preciso me deitar e descansar, o que me tira mais tempo dos meus trabalhos escolares, dos meus hobbies e de passar tempo com meus amigos. \u00c9 dif\u00edcil manter o controle dos meus tratamentos junto com a escola e outras responsabilidades.\u00a0<\/span><\/p>\n<p><img decoding=\"async\" class=\"alignnone wp-image-16862 size-full\" src=\"https:\/\/www.emilysentourage.org\/wp-content\/uploads\/Abhijit-Tirumala-Blog-1.png\" alt=\"\" width=\"1086\" height=\"400\" srcset=\"https:\/\/www.emilysentourage.org\/wp-content\/uploads\/Abhijit-Tirumala-Blog-1.png 1086w, https:\/\/www.emilysentourage.org\/wp-content\/uploads\/Abhijit-Tirumala-Blog-1-300x110.png 300w, https:\/\/www.emilysentourage.org\/wp-content\/uploads\/Abhijit-Tirumala-Blog-1-1024x377.png 1024w, https:\/\/www.emilysentourage.org\/wp-content\/uploads\/Abhijit-Tirumala-Blog-1-768x283.png 768w, https:\/\/www.emilysentourage.org\/wp-content\/uploads\/Abhijit-Tirumala-Blog-1-18x7.png 18w, https:\/\/www.emilysentourage.org\/wp-content\/uploads\/Abhijit-Tirumala-Blog-1-600x221.png 600w\" sizes=\"(max-width: 1086px) 100vw, 1086px\" \/><\/p>\n<p><span style=\"font-weight: 400;\">Mas talvez a parte mais frustrante da FC para mim seja o fato de que, mesmo seguindo perfeitamente todo o cronograma de tratamento, minha fun\u00e7\u00e3o pulmonar ainda diminui e n\u00e3o posso viver a vida que quero. <\/span><\/p>\n<blockquote><p><span style=\"font-weight: 400;\">No ano passado, um professor me disse que talvez fosse melhor eu n\u00e3o cursar a faculdade de medicina por causa da minha FC, j\u00e1 que ela pode exigir muito de mim. Embora ele estivesse vindo de um bom lugar, foi a primeira vez que realmente percebi que a FC me limitou de muitas maneiras.<\/span><\/p><\/blockquote>\n<p><span style=\"font-weight: 400;\">Muitos de meus colegas n\u00e3o precisam se preocupar com as limita\u00e7\u00f5es de sua sa\u00fade. Sinto que a FC me impediu de explorar o mundo e aproveitar novas oportunidades. Meus amigos podem viver onde quiserem. Eles podem ter as carreiras que sonham. Eles n\u00e3o precisam se preocupar em ficar doentes ou serem hospitalizados.\u00a0<\/span><\/p>\n<p><span style=\"font-weight: 400;\">Assim como meus amigos, tenho muitos objetivos. Tenho interesse em ci\u00eancias biom\u00e9dicas e espero trabalhar na \u00e1rea da sa\u00fade. Mas, ao contr\u00e1rio deles, nunca conheci uma vida sem preocupa\u00e7\u00f5es.\u00a0<\/span><\/p>\n<p><span style=\"font-weight: 400;\">Para mim, um futuro com um tratamento para FC significa um futuro em que eu possa estar totalmente presente e ser curioso em vez de cauteloso. Para mim, um futuro com um tratamento para FC significa um futuro sem preocupa\u00e7\u00f5es.<\/span><\/p>\n<p>&nbsp;<\/p>\n<p><em>Agradecimentos especiais \u00e0 Vertex Pharmaceuticals, Inc. por seu patroc\u00ednio de n\u00edvel 1 \u00e0 nossa campanha do M\u00eas de Conscientiza\u00e7\u00e3o sobre FC.<\/em><\/p>","protected":false},"excerpt":{"rendered":"<p>Durante o M\u00eas de Conscientiza\u00e7\u00e3o sobre a FC, o Emily's Entourage convida membros da comunidade de fibrose c\u00edstica (FC) a compartilhar suas hist\u00f3rias. A postagem de hoje no blog \u00e9 de Abhijit Tirumala, um adulto com FC. Embora eu n\u00e3o me lembre de muita coisa de quando era crian\u00e7a, algumas de minhas lembran\u00e7as mais antigas envolvem tratamentos de desobstru\u00e7\u00e3o das vias a\u00e9reas para ajudar a soltar a... <\/p>\n<div class=\"clear\"><\/div>\n<p><a href=\"https:\/\/www.emilysentourage.org\/pt_br\/a-life-without-worry\/\" class=\"excerpt-read-more\">Leia mais<\/a><\/p>","protected":false},"author":1281,"featured_media":16863,"comment_status":"open","ping_status":"closed","sticky":false,"template":"","format":"standard","meta":{"_acf_changed":false,"_seopress_robots_primary_cat":"none","_seopress_titles_title":"","_seopress_titles_desc":"","_seopress_robots_index":"","_monsterinsights_skip_tracking":false,"_monsterinsights_sitenote_active":false,"_monsterinsights_sitenote_note":"","_monsterinsights_sitenote_category":0,"_jetpack_memberships_contains_paid_content":false,"footnotes":""},"categories":[1],"tags":[],"class_list":["post-16821","post","type-post","status-publish","format-standard","has-post-thumbnail","hentry","category-uncategorized"],"acf":[],"jetpack_featured_media_url":"https:\/\/www.emilysentourage.org\/wp-content\/uploads\/Abhijit-Tirumala-Featured-Blog.png","jetpack_sharing_enabled":true,"post_mailing_queue_ids":[],"_links":{"self":[{"href":"https:\/\/www.emilysentourage.org\/pt_br\/wp-json\/wp\/v2\/posts\/16821","targetHints":{"allow":["GET"]}}],"collection":[{"href":"https:\/\/www.emilysentourage.org\/pt_br\/wp-json\/wp\/v2\/posts"}],"about":[{"href":"https:\/\/www.emilysentourage.org\/pt_br\/wp-json\/wp\/v2\/types\/post"}],"author":[{"embeddable":true,"href":"https:\/\/www.emilysentourage.org\/pt_br\/wp-json\/wp\/v2\/users\/1281"}],"replies":[{"embeddable":true,"href":"https:\/\/www.emilysentourage.org\/pt_br\/wp-json\/wp\/v2\/comments?post=16821"}],"version-history":[{"count":5,"href":"https:\/\/www.emilysentourage.org\/pt_br\/wp-json\/wp\/v2\/posts\/16821\/revisions"}],"predecessor-version":[{"id":17006,"href":"https:\/\/www.emilysentourage.org\/pt_br\/wp-json\/wp\/v2\/posts\/16821\/revisions\/17006"}],"wp:featuredmedia":[{"embeddable":true,"href":"https:\/\/www.emilysentourage.org\/pt_br\/wp-json\/wp\/v2\/media\/16863"}],"wp:attachment":[{"href":"https:\/\/www.emilysentourage.org\/pt_br\/wp-json\/wp\/v2\/media?parent=16821"}],"wp:term":[{"taxonomy":"category","embeddable":true,"href":"https:\/\/www.emilysentourage.org\/pt_br\/wp-json\/wp\/v2\/categories?post=16821"},{"taxonomy":"post_tag","embeddable":true,"href":"https:\/\/www.emilysentourage.org\/pt_br\/wp-json\/wp\/v2\/tags?post=16821"}],"curies":[{"name":"wp","href":"https:\/\/api.w.org\/{rel}","templated":true}]}}