{"id":16408,"date":"2021-11-22T17:20:44","date_gmt":"2021-11-22T22:20:44","guid":{"rendered":"https:\/\/www.emilysentourage.org\/?p=16408"},"modified":"2023-12-20T01:36:22","modified_gmt":"2023-12-20T06:36:22","slug":"i-allowed-myself-to-be-vulnerable-and-was-humbled-by-my-communitys-immense-response","status":"publish","type":"post","link":"https:\/\/www.emilysentourage.org\/pt_br\/i-allowed-myself-to-be-vulnerable-and-was-humbled-by-my-communitys-immense-response\/","title":{"rendered":"Permiti que eu me tornasse vulner\u00e1vel e fiquei impressionado com a imensa rea\u00e7\u00e3o da minha comunidade\u00a0"},"content":{"rendered":"<p style=\"text-align: justify;\"><i><span style=\"font-weight: 400;\">Por Jennie, m\u00e3e de uma crian\u00e7a com fibrose c\u00edstica<\/span><\/i><\/p>\n<p style=\"text-align: justify;\"><span style=\"font-weight: 400;\">Com o in\u00edcio do Dia de A\u00e7\u00e3o de Gra\u00e7as, estou ansioso para passar o t\u00e3o necess\u00e1rio tempo de descompress\u00e3o e qualidade com a minha fam\u00edlia. Mas, como pai de uma filha de 6 anos com fibrose c\u00edstica (FC), tamb\u00e9m aproveitarei esse momento para entrar em contato com minha comunidade e pedir que se juntem a n\u00f3s em nossa luta contra a FC.<\/span><\/p>\n<p style=\"text-align: justify;\"><i><img fetchpriority=\"high\" decoding=\"async\" class=\"alignnone wp-image-16411\" src=\"https:\/\/www.emilysentourage.org\/wp-content\/uploads\/IMG-5106-300x225.jpg\" alt=\"\" width=\"1385\" height=\"1039\" srcset=\"https:\/\/www.emilysentourage.org\/wp-content\/uploads\/IMG-5106-300x225.jpg 300w, https:\/\/www.emilysentourage.org\/wp-content\/uploads\/IMG-5106-1024x768.jpg 1024w, https:\/\/www.emilysentourage.org\/wp-content\/uploads\/IMG-5106-768x576.jpg 768w, https:\/\/www.emilysentourage.org\/wp-content\/uploads\/IMG-5106-1536x1152.jpg 1536w, https:\/\/www.emilysentourage.org\/wp-content\/uploads\/IMG-5106-2048x1536.jpg 2048w, https:\/\/www.emilysentourage.org\/wp-content\/uploads\/IMG-5106-16x12.jpg 16w, https:\/\/www.emilysentourage.org\/wp-content\/uploads\/IMG-5106-400x300.jpg 400w, https:\/\/www.emilysentourage.org\/wp-content\/uploads\/IMG-5106-600x450.jpg 600w\" sizes=\"(max-width: 1385px) 100vw, 1385px\" \/><\/i><\/p>\n<p style=\"text-align: justify;\"><span style=\"font-weight: 400;\">Se a COVID me ensinou alguma coisa, \u00e9 que grandes avan\u00e7os podem ser feitos em um tempo recorde quando colocamos nossos recursos a favor deles. EU SEI que recursos investidos de forma inteligente podem alcan\u00e7ar a cura durante a vida de minha filha Emery. Mas n\u00e3o podemos tirar o p\u00e9 do acelerador - mesmo durante as festas de fim de ano - porque a FC \u00e9 implac\u00e1vel e j\u00e1 est\u00e1 afetando o f\u00edgado dela.<\/span><\/p>\n<p style=\"text-align: justify;\">Nesta semana, meus entes queridos e eu lan\u00e7aremos oficialmente nossa campanha de 11 dias <a href=\"https:\/\/www.emilysentourage.org\/pt_br\/cf-crew\/\" target=\"_blank\" rel=\"noopener\">Equipe do CureFinders<\/a> (CF Crew), e eu gostaria de convid\u00e1-lo a se juntar a n\u00f3s <a href=\"https:\/\/www.emilysentourage.org\/pt_br\/cf-crew\/\">Criando sua pr\u00f3pria p\u00e1gina de arrecada\u00e7\u00e3o de fundos<\/a>. No ano passado, em apenas algumas semanas, conseguimos superar nossa meta de arrecada\u00e7\u00e3o de fundos (em 16 vezes!) usando uma abordagem em etapas com o objetivo de educar nossa comunidade sobre a FC e o poder da Emily's Entourage para promover a cura.&nbsp;<\/p>\n<blockquote><p><span style=\"font-weight: 400;\">Para constar, a capta\u00e7\u00e3o de recursos est\u00e1 completamente fora da minha zona de conforto, portanto, se voc\u00ea se sente da mesma forma, n\u00e3o est\u00e1 sozinho. No entanto, acredite em mim, voc\u00ea ficar\u00e1 surpreso com a quantidade de pessoas que querem ajud\u00e1-lo... voc\u00ea s\u00f3 precisa de um pouco de coragem para pedir!<\/span><\/p><\/blockquote>\n<p style=\"text-align: justify;\"><span style=\"font-weight: 400;\">Aqui est\u00e3o algumas ideias de como envolver sua comunidade:<\/span><\/p>\n<p style=\"text-align: justify;\"><b>1. Identifique alguns \"representantes\" para ajud\u00e1-lo a divulgar a palavra e compartilhar o impacto que a FC tem sobre eles. <\/b><span style=\"font-weight: 400;\">Pense em tias, tios, primos... qualquer pessoa que possa compartilhar sua conex\u00e3o com a SUA rede de contatos e ajud\u00e1-lo a expandir o alcance da sua campanha de arrecada\u00e7\u00e3o de fundos. Essa foi uma parte fundamental do nosso sucesso no ano passado; mais da metade das doa\u00e7\u00f5es veio de pessoas que n\u00e3o conheciam pessoalmente o Emery!<\/span><\/p>\n<p style=\"text-align: justify;\"><b>2. Fa\u00e7a com que seus representantes compartilhem \"teasers\" em suas p\u00e1ginas pessoais de m\u00eddia social por alguns dias <\/b><b>antes de<\/b><b> voc\u00ea lan\u00e7a oficialmente sua campanha de arrecada\u00e7\u00e3o de fundos.<\/b><span style=\"font-weight: 400;\"> Meus representantes planejam compartilhar algumas de suas pr\u00f3prias hist\u00f3rias pessoais sobre Emery e como a EE \u00e9 t\u00e3o importante para encontrar uma cura para ela. Enquanto isso, envio e-mails e textos para minha pr\u00f3pria rede de contatos, pois n\u00e3o estou nas m\u00eddias sociais. <\/span><\/p>\n<p style=\"text-align: justify;\">Quando perguntei a uma de nossas delegadas sobre como ela aborda suas publica\u00e7\u00f5es nas m\u00eddias sociais, ela explicou que gosta de usar uma foto dela e de Emery para servir de \u00e2ncora para compartilhar uma hist\u00f3ria que repercutir\u00e1 em todos (por exemplo, uma foto dela e de Emery soltando pipa na praia com roupas iguais).<\/p>\n<p style=\"text-align: justify;\">Crie uma postagem sobre o sentimento e compartilhe uma hist\u00f3ria pessoal sobre por que esse momento foi t\u00e3o especial. Fale com seu cora\u00e7\u00e3o e escreva sobre o que o move. Sua voz ser\u00e1 poderosa para abrir o cora\u00e7\u00e3o das pessoas. Compartilhe suas hashtags favoritas: <i>#ILoveSomeoneWithCysticFibrosis #MoreGreatDaysPlease #It'sNotJustAboutKites #EmilysEntourage<\/i><\/p>\n<p style=\"text-align: justify;\"><b>3. Compartilhe mais informa\u00e7\u00f5es sobre o CF e o Emily's Entourage. <\/b>Nos pr\u00f3ximos dias, continuaremos a publicar teasers nas m\u00eddias sociais e por e-mail e texto. Planejo compartilhar <a href=\"https:\/\/www.youtube.com\/watch?v=vuF8JgS_fGY\">este v\u00eddeo muito impactante<\/a> da EE. (I. Love. This. Video.) E compartilharei estat\u00edsticas, como este gr\u00e1fico abaixo, que foi apresentado na EE's <a href=\"https:\/\/www.emilysentourage.org\/pt_br\/impact-report\/letter-from-our-co-founders\/\">Relat\u00f3rio de Impacto 2020<\/a>. Acho que \u00e9 realmente importante e respons\u00e1vel mostrar a administra\u00e7\u00e3o financeira do investimento de nossa comunidade.<\/p>\n<p style=\"text-align: justify;\"><img decoding=\"async\" class=\"aligncenter wp-image-16413 size-large\" src=\"https:\/\/www.emilysentourage.org\/wp-content\/uploads\/Infographic-2-UPDATED-764x1024.png\" alt=\"\" width=\"764\" height=\"1024\" srcset=\"https:\/\/www.emilysentourage.org\/wp-content\/uploads\/Infographic-2-UPDATED-764x1024.png 764w, https:\/\/www.emilysentourage.org\/wp-content\/uploads\/Infographic-2-UPDATED-224x300.png 224w, https:\/\/www.emilysentourage.org\/wp-content\/uploads\/Infographic-2-UPDATED-768x1029.png 768w, https:\/\/www.emilysentourage.org\/wp-content\/uploads\/Infographic-2-UPDATED-1146x1536.png 1146w, https:\/\/www.emilysentourage.org\/wp-content\/uploads\/Infographic-2-UPDATED-1528x2048.png 1528w, https:\/\/www.emilysentourage.org\/wp-content\/uploads\/Infographic-2-UPDATED-9x12.png 9w, https:\/\/www.emilysentourage.org\/wp-content\/uploads\/Infographic-2-UPDATED-600x804.png 600w, https:\/\/www.emilysentourage.org\/wp-content\/uploads\/Infographic-2-UPDATED.png 1917w\" sizes=\"(max-width: 764px) 100vw, 764px\" \/><\/p>\n<p style=\"text-align: justify;\"><b>4. Escolha um dia para \"lan\u00e7ar\" sua campanha e compartilhe sua p\u00e1gina de arrecada\u00e7\u00e3o de fundos.<\/b> (<a href=\"https:\/\/www.classy.org\/company\/team\/\" target=\"_blank\" rel=\"noopener\">Aqui est\u00e1 minha p\u00e1gina de arrecada\u00e7\u00e3o de fundos<\/a> se voc\u00ea precisar de algumas ideias). Planejamos lan\u00e7ar nossa campanha no dia anterior ao Dia de A\u00e7\u00e3o de Gra\u00e7as, mas pode ser em qualquer dia. Nessa noite, contaremos nossas b\u00ean\u00e7\u00e3os e nos sentiremos muito amados porque a humanidade nos surpreender\u00e1 novamente. E, por esse \u00fanico dia, n\u00e3o deixaremos que a FC nos fa\u00e7a sentir isolados.<\/p>\n<p style=\"text-align: justify;\"><span style=\"font-weight: 400;\">Minha fam\u00edlia e eu somos muito gratos pela oportunidade de fazer parceria com uma organiza\u00e7\u00e3o t\u00e3o focada em ajudar a promover essa cura. Se conseguirmos arrecadar apenas $1, valer\u00e1 a pena cada minuto gasto com isso. Mas, acho que voc\u00ea perceber\u00e1 que as pessoas s\u00e3o generosas. Elas realmente querem ajudar. E as pessoas s\u00e3o muito gratas por sua pr\u00f3pria sorte (seja de sa\u00fade, financeira, etc.). Elas querem compartilhar essa fortuna e fazer parte de um chamado maior.<\/span><\/p>\n<p style=\"text-align: justify;\"><span style=\"font-weight: 400;\">Espero que se permitam a chance de se sentirem um pouco vulner\u00e1veis e se comoverem com a generosidade das pessoas. Isso mudar\u00e1 voc\u00ea - para melhor.&nbsp;<\/span><\/p>\n<p style=\"text-align: center;\"><a class=\"fasc-button fasc-size-large fasc-type-flat fasc-rounded-medium fasc-style-bold\" style=\"background-color: #462561; color: #ffffff;\" target=\"_blank\" rel=\"noopener\" href=\"https:\/\/www.emilysentourage.org\/pt_br\/cf-crew\/\">Crie sua p\u00e1gina de arrecada\u00e7\u00e3o de fundos<\/a><\/p>","protected":false},"excerpt":{"rendered":"<p>By Jennie, mother of a child with cystic fibrosis As we head into Thanksgiving, I\u2019m looking forward to some much-needed decompression and quality time with my family. But, as the parent of a 6-year-old daughter with cystic fibrosis (CF), I will also be taking this time to reach out to my community and ask them&#8230; <\/p>\n<div class=\"clear\"><\/div>\n<p><a href=\"https:\/\/www.emilysentourage.org\/pt_br\/i-allowed-myself-to-be-vulnerable-and-was-humbled-by-my-communitys-immense-response\/\" class=\"excerpt-read-more\">Leia mais<\/a><\/p>","protected":false},"author":1281,"featured_media":16414,"comment_status":"open","ping_status":"closed","sticky":false,"template":"","format":"standard","meta":{"_acf_changed":false,"_seopress_robots_primary_cat":"none","_seopress_titles_title":"I Allowed Myself To Be Vulnerable and Was Humbled by My Community\u2019s Immense Response\u00a0","_seopress_titles_desc":"As we head into Thanksgiving, I\u2019m looking forward to some much-needed decompression and quality time with my family. But, as the parent of a 6-year-old daughter with cystic fibrosis (CF), I will also be taking this time to reach out to my community and ask them to join us in our fight against CF.","_seopress_robots_index":"","_monsterinsights_skip_tracking":false,"_monsterinsights_sitenote_active":false,"_monsterinsights_sitenote_note":"","_monsterinsights_sitenote_category":0,"_jetpack_memberships_contains_paid_content":false,"footnotes":""},"categories":[1],"tags":[],"class_list":["post-16408","post","type-post","status-publish","format-standard","has-post-thumbnail","hentry","category-uncategorized"],"acf":[],"jetpack_featured_media_url":"https:\/\/www.emilysentourage.org\/wp-content\/uploads\/IMG-5102-scaled.jpg","jetpack_sharing_enabled":true,"post_mailing_queue_ids":[],"_links":{"self":[{"href":"https:\/\/www.emilysentourage.org\/pt_br\/wp-json\/wp\/v2\/posts\/16408","targetHints":{"allow":["GET"]}}],"collection":[{"href":"https:\/\/www.emilysentourage.org\/pt_br\/wp-json\/wp\/v2\/posts"}],"about":[{"href":"https:\/\/www.emilysentourage.org\/pt_br\/wp-json\/wp\/v2\/types\/post"}],"author":[{"embeddable":true,"href":"https:\/\/www.emilysentourage.org\/pt_br\/wp-json\/wp\/v2\/users\/1281"}],"replies":[{"embeddable":true,"href":"https:\/\/www.emilysentourage.org\/pt_br\/wp-json\/wp\/v2\/comments?post=16408"}],"version-history":[{"count":5,"href":"https:\/\/www.emilysentourage.org\/pt_br\/wp-json\/wp\/v2\/posts\/16408\/revisions"}],"predecessor-version":[{"id":20293,"href":"https:\/\/www.emilysentourage.org\/pt_br\/wp-json\/wp\/v2\/posts\/16408\/revisions\/20293"}],"wp:featuredmedia":[{"embeddable":true,"href":"https:\/\/www.emilysentourage.org\/pt_br\/wp-json\/wp\/v2\/media\/16414"}],"wp:attachment":[{"href":"https:\/\/www.emilysentourage.org\/pt_br\/wp-json\/wp\/v2\/media?parent=16408"}],"wp:term":[{"taxonomy":"category","embeddable":true,"href":"https:\/\/www.emilysentourage.org\/pt_br\/wp-json\/wp\/v2\/categories?post=16408"},{"taxonomy":"post_tag","embeddable":true,"href":"https:\/\/www.emilysentourage.org\/pt_br\/wp-json\/wp\/v2\/tags?post=16408"}],"curies":[{"name":"wp","href":"https:\/\/api.w.org\/{rel}","templated":true}]}}