{"id":13835,"date":"2019-11-22T16:52:25","date_gmt":"2019-11-22T21:52:25","guid":{"rendered":"https:\/\/www.emilysentourage.org\/?p=13835"},"modified":"2023-12-20T04:55:56","modified_gmt":"2023-12-20T09:55:56","slug":"humans-of-ee-meet-2019-philly-gala-honorary-chairs-kami-and-josh-verne","status":"publish","type":"post","link":"https:\/\/www.emilysentourage.org\/pt_br\/humans-of-ee-meet-2019-philly-gala-honorary-chairs-kami-and-josh-verne\/","title":{"rendered":"Humanos da EE: Conhe\u00e7a os presidentes honor\u00e1rios do Philly Gala 2019, Kami e Josh Verne"},"content":{"rendered":"<p><i><span style=\"font-weight: 400;\">\u00c0s sextas-feiras, o Emily's Entourage (EE) gosta de destacar as hist\u00f3rias not\u00e1veis e as diversas perspectivas que comp\u00f5em o nosso expansivo e incr\u00edvel Entourage na s\u00e9rie \"Humans of EE\", uma varia\u00e7\u00e3o do projeto fotogr\u00e1fico e do fen\u00f4meno <\/span><\/i><a href=\"https:\/\/www.humansofnewyork.com\/\"><i><span style=\"font-weight: 400;\">Humanos de Nova York<\/span><\/i><\/a><i><span style=\"font-weight: 400;\">. Esta edi\u00e7\u00e3o especial do blog \"Humans of EE\" apresenta a not\u00e1vel dupla Kami e Josh Verne, presidentes honor\u00e1rios da 8\u00aa festa de gala anual \"Evening with Emily's Entourage\" (Noite com o entourage de Emily), em 7 de dezembro, e como eles est\u00e3o impulsionando avan\u00e7os r\u00e1pidos para muta\u00e7\u00f5es sem sentido da fibrose c\u00edstica (FC)!\u00a0\u00a0<\/span><\/i><\/p>\n<p><span style=\"font-weight: 400;\">Kami e Josh Verne s\u00e3o filantropos ativos na comunidade local e \u00e9 seguro dizer que sua paix\u00e3o n\u00e3o tem limites! Quando n\u00e3o est\u00e3o defendendo a EE ou outras organiza\u00e7\u00f5es que lhes s\u00e3o caras, Kami \u00e9 uma m\u00e3e que fica em casa e j\u00e1 foi advogada de defesa criminal, e Josh \u00e9 um empres\u00e1rio experiente.\u00a0<\/span><\/p>\n<p><img fetchpriority=\"high\" decoding=\"async\" class=\"size-full wp-image-13841 aligncenter\" src=\"https:\/\/www.emilysentourage.org\/wp-content\/uploads\/IMG_6206.jpg\" alt=\"\" width=\"900\" height=\"563\" srcset=\"https:\/\/www.emilysentourage.org\/wp-content\/uploads\/IMG_6206.jpg 900w, https:\/\/www.emilysentourage.org\/wp-content\/uploads\/IMG_6206-300x188.jpg 300w, https:\/\/www.emilysentourage.org\/wp-content\/uploads\/IMG_6206-768x480.jpg 768w, https:\/\/www.emilysentourage.org\/wp-content\/uploads\/IMG_6206-600x375.jpg 600w\" sizes=\"(max-width: 900px) 100vw, 900px\" \/><\/p>\n<p><span style=\"font-weight: 400;\">A fam\u00edlia Kramer-Golinkoff conheceu Kami em uma caminhada do c\u00edrculo de amizades e consolidou seu relacionamento quando foram jantar na casa dos Verne no shabat. Josh se lembra especialmente de ter se apaixonado por Annie, a irm\u00e3 mais nova de Emily e presidente honor\u00e1ria da EE, e est\u00e1 animado para ser seu par no baile de gala.\u00a0<\/span><\/p>\n<blockquote>\n<p style=\"text-align: center;\"><strong>Sou obcecado pela fam\u00edlia e, quando eles me dizem para pular, eu pergunto \"de que altura?<br \/>\n<\/strong><strong>n\u00f3s <em>vontade<\/em> encontrar uma cura para Emily e para tantas outras pessoas\".<\/strong><\/p>\n<\/blockquote>\n<p><span style=\"font-weight: 400;\">Como presidentes honor\u00e1rios da 8\u00aa Confer\u00eancia Anual de <\/span><i><span style=\"font-weight: 400;\">Noite com a comitiva de Emily <\/span><\/i><span style=\"font-weight: 400;\">Na \u00faltima edi\u00e7\u00e3o do gala da EE, Kami e Josh t\u00eam trabalhado arduamente para garantir que o evento atinja suas metas de arrecada\u00e7\u00e3o de fundos, especialmente com patroc\u00ednios corporativos. Quando perguntados sobre seu envolvimento no EE, eles expressaram seu apre\u00e7o pela atitude positiva e pelo trabalho \u00e1rduo e incans\u00e1vel de todos os membros do Entourage. \"Sou obcecado pela fam\u00edlia e quando eles me dizem para pular, eu pergunto \"de que altura?\" porque n\u00f3s <\/span><i><span style=\"font-weight: 400;\">vontade <\/span><\/i><span style=\"font-weight: 400;\">encontrar uma cura para Emily e tantas outras pessoas\", disse Kami.\u00a0<\/span><\/p>\n<p><img decoding=\"async\" class=\"size-full wp-image-13842 aligncenter\" src=\"https:\/\/www.emilysentourage.org\/wp-content\/uploads\/IMG_6153.jpg\" alt=\"\" width=\"900\" height=\"563\" srcset=\"https:\/\/www.emilysentourage.org\/wp-content\/uploads\/IMG_6153.jpg 900w, https:\/\/www.emilysentourage.org\/wp-content\/uploads\/IMG_6153-300x188.jpg 300w, https:\/\/www.emilysentourage.org\/wp-content\/uploads\/IMG_6153-768x480.jpg 768w, https:\/\/www.emilysentourage.org\/wp-content\/uploads\/IMG_6153-600x375.jpg 600w\" sizes=\"(max-width: 900px) 100vw, 900px\" \/><\/p>\n<blockquote>\n<p style=\"text-align: center;\"><strong>\"Essas pessoas s\u00e3o her\u00f3is em nosso quintal. A comunidade inteira deveria estar se unindo em torno delas<br \/>\n<\/strong><strong>e espero que eu possa inspirar as pessoas a fazer isso\".\u00a0<\/strong><\/p>\n<\/blockquote>\n<p><span style=\"font-weight: 400;\">A EE est\u00e1 sempre na mente dos Verne e eles est\u00e3o \"honrados por serem homenageados\" em 7 de dezembro, diante de um p\u00fablico lotado de colegas filantropos, profissionais e membros da comunidade. Eles est\u00e3o ansiosos para ajudar a financiar uma cura para os 10% da comunidade de FC que n\u00e3o se beneficiam dos moduladores aprovados para salvar vidas no mercado. \"Essas pessoas s\u00e3o her\u00f3is em nosso quintal. Toda a comunidade deveria estar se unindo a elas e espero que eu possa inspirar as pessoas a fazer isso\", exclamou Josh.\u00a0<\/span><\/p>\n<p><i><span style=\"font-weight: 400;\">O Emily's Entourage \u00e9 extremamente grato por ter pessoas t\u00e3o inovadoras envolvidas em seu evento de gala exclusivo na Filad\u00e9lfia e espera apresentar o pr\u00eamio honor\u00e1rio aos Verne's durante o programa EE in Bloom em 7 de dezembro, a partir das 21h. Para comprar ingressos ou patroc\u00ednios para o 8\u00ba baile de gala anual \"Evening with Emily's Entourage\", visite o site do evento <a href=\"https:\/\/e.givesmart.com\/events\/d52\/\" target=\"_blank\" rel=\"noopener noreferrer\">aqui<\/a>. <\/span><\/i><\/p>","protected":false},"excerpt":{"rendered":"<p>On Fridays, Emily\u2019s Entourage (EE) likes to highlight the remarkable stories and diverse perspectives that make up our expansive, incredible Entourage in the &#8220;Humans of EE&#8221; series, a riff on the photography project and phenomenon Humans of New York. This special &#8220;Humans of EE&#8221; blog edition features the remarkable duo Kami and Josh Verne, honorary&#8230; <\/p>\n<div class=\"clear\"><\/div>\n<p><a href=\"https:\/\/www.emilysentourage.org\/pt_br\/humans-of-ee-meet-2019-philly-gala-honorary-chairs-kami-and-josh-verne\/\" class=\"excerpt-read-more\">Leia mais<\/a><\/p>","protected":false},"author":1704,"featured_media":13841,"comment_status":"open","ping_status":"closed","sticky":false,"template":"","format":"standard","meta":{"_acf_changed":false,"_seopress_robots_primary_cat":"none","_seopress_titles_title":"","_seopress_titles_desc":"","_seopress_robots_index":"","_monsterinsights_skip_tracking":false,"_monsterinsights_sitenote_active":false,"_monsterinsights_sitenote_note":"","_monsterinsights_sitenote_category":0,"_jetpack_memberships_contains_paid_content":false,"footnotes":""},"categories":[1],"tags":[],"class_list":["post-13835","post","type-post","status-publish","format-standard","has-post-thumbnail","hentry","category-uncategorized"],"acf":[],"jetpack_featured_media_url":"https:\/\/www.emilysentourage.org\/wp-content\/uploads\/IMG_6206.jpg","jetpack_sharing_enabled":true,"post_mailing_queue_ids":[],"_links":{"self":[{"href":"https:\/\/www.emilysentourage.org\/pt_br\/wp-json\/wp\/v2\/posts\/13835","targetHints":{"allow":["GET"]}}],"collection":[{"href":"https:\/\/www.emilysentourage.org\/pt_br\/wp-json\/wp\/v2\/posts"}],"about":[{"href":"https:\/\/www.emilysentourage.org\/pt_br\/wp-json\/wp\/v2\/types\/post"}],"author":[{"embeddable":true,"href":"https:\/\/www.emilysentourage.org\/pt_br\/wp-json\/wp\/v2\/users\/1704"}],"replies":[{"embeddable":true,"href":"https:\/\/www.emilysentourage.org\/pt_br\/wp-json\/wp\/v2\/comments?post=13835"}],"version-history":[{"count":5,"href":"https:\/\/www.emilysentourage.org\/pt_br\/wp-json\/wp\/v2\/posts\/13835\/revisions"}],"predecessor-version":[{"id":20485,"href":"https:\/\/www.emilysentourage.org\/pt_br\/wp-json\/wp\/v2\/posts\/13835\/revisions\/20485"}],"wp:featuredmedia":[{"embeddable":true,"href":"https:\/\/www.emilysentourage.org\/pt_br\/wp-json\/wp\/v2\/media\/13841"}],"wp:attachment":[{"href":"https:\/\/www.emilysentourage.org\/pt_br\/wp-json\/wp\/v2\/media?parent=13835"}],"wp:term":[{"taxonomy":"category","embeddable":true,"href":"https:\/\/www.emilysentourage.org\/pt_br\/wp-json\/wp\/v2\/categories?post=13835"},{"taxonomy":"post_tag","embeddable":true,"href":"https:\/\/www.emilysentourage.org\/pt_br\/wp-json\/wp\/v2\/tags?post=13835"}],"curies":[{"name":"wp","href":"https:\/\/api.w.org\/{rel}","templated":true}]}}