{"id":712,"date":"2012-06-29T06:54:59","date_gmt":"2012-06-29T13:54:59","guid":{"rendered":"http:\/\/lw.screammedia.net\/?p=712"},"modified":"2023-12-20T04:35:50","modified_gmt":"2023-12-20T09:35:50","slug":"ee-goes-to-cff-teen-advocacy-day-in-washington-d-c","status":"publish","type":"post","link":"https:\/\/www.emilysentourage.org\/pt\/ee-goes-to-cff-teen-advocacy-day-in-washington-d-c\/","title":{"rendered":"EE vai ao Dia da Defesa dos Adolescentes do CFF em Washington D.C.!"},"content":{"rendered":"<p>A irm\u00e3 de Emily, Julia, viajou para Washington D.C. para participar no Teen Advocacy Day da Cystic Fibrosis Foundation na quinta-feira, 28 de junho. Fizemos-lhe perguntas sobre a sua experi\u00eancia de lobbying em DC. Veja as respostas de Julia.<\/p>\n<p style=\"text-align: center;\">---<\/p>\n<p><img fetchpriority=\"high\" decoding=\"async\" class=\"alignright size-medium wp-image-736\" title=\"Julia no Teen Advocacy Day do CFF em DC\" src=\"https:\/\/www.emilysentourage.org\/wp-content\/uploads\/2012\/06\/607923516-201x300.jpg\" alt=\"\" width=\"201\" height=\"300\" srcset=\"https:\/\/www.emilysentourage.org\/wp-content\/uploads\/2012\/06\/607923516-201x300.jpg 201w, https:\/\/www.emilysentourage.org\/wp-content\/uploads\/2012\/06\/607923516.jpg 600w\" sizes=\"(max-width: 201px) 100vw, 201px\" \/><\/p>\n<p><strong>O que \u00e9 o Programa de Advocacia para Adolescentes do CFF?<\/strong><br \/>\nO Programa de Defesa dos Adolescentes da CFF \u00e9 uma oportunidade para os adolescentes com irm\u00e3os, pais, amigos ou outros entes queridos afectados pela FC defenderem o apoio \u00e0 investiga\u00e7\u00e3o da Fibrose C\u00edstica no Congresso.<\/p>\n<p><strong>Porque \u00e9 que a promo\u00e7\u00e3o da causa da Fibrose Qu\u00edstica \u00e9 importante?<\/strong><br \/>\nA Fibrose Qu\u00edstica \u00e9 uma doen\u00e7a rara e \u00f3rf\u00e3, o que significa que s\u00f3 afecta uma pequena percentagem de pessoas. Consequentemente, h\u00e1 menos incentivos para as empresas farmac\u00eauticas financiarem a investiga\u00e7\u00e3o sobre a FC. Isto significa que a maior parte do dinheiro para financiar a investiga\u00e7\u00e3o prov\u00e9m ou da angaria\u00e7\u00e3o de fundos popular por pessoas como n\u00f3s, que t\u00eam uma liga\u00e7\u00e3o a algu\u00e9m com FC, ou do governo.<\/p>\n<p><strong>Como e porque \u00e9 que se envolveu?\u00a0<\/strong><br \/>\nComo irm\u00e3o de algu\u00e9m com FC, sinto que \u00e9 da minha responsabilidade fazer tudo o que estiver ao meu alcance para que a vida da minha irm\u00e3 seja o mais longa e gratificante poss\u00edvel. Quando ouvi falar do Programa de Defesa dos Adolescentes da CFF, pensei que era uma forma fenomenal de falar e aumentar os conhecimentos dos outros sobre esta doen\u00e7a devastadora e, com sorte, aumentar o apoio \u00e0 investiga\u00e7\u00e3o da FC no Congresso.<\/p>\n<p><strong>Quais eram os seus objectivos ao fazer lobby junto do Congresso?<\/strong><br \/>\nEste ano, o Dia da Defesa dos Adolescentes do CFF tinha tr\u00eas objectivos principais.<\/p>\n<p>1) Agradecer ao Congresso por ter votado a favor da <a href=\"https:\/\/www.cff.org\/sites\/default\/files\/2021-11\/National-Corporate-Team-Toolkit.pdf\" target=\"_blank\" rel=\"noopener\">Projeto de lei sobre a expans\u00e3o e promo\u00e7\u00e3o de compet\u00eancias especializadas (EXPERRT)<\/a>que permite que a Food and Drug Administration (FDA) analise mais facilmente novos medicamentos para doen\u00e7as raras (como a FC), permitindo-lhes contactar peritos fora da FDA.<\/p>\n<p>2) Incentivar o Congresso a salvar partes da Lei da Reforma dos Cuidados de Sa\u00fade que permitem o acesso a cuidados de sa\u00fade especializados e dispendiosos no dom\u00ednio da FC, independentemente de a lei se manter ou n\u00e3o na sua totalidade.<\/p>\n<p>3) Incentivar o Congresso a aumentar o financiamento do <a href=\"https:\/\/www.fda.gov\/\" target=\"_blank\" rel=\"noopener\">FDA<\/a>, o <a href=\"https:\/\/www.nih.gov\/\" target=\"_blank\" rel=\"noopener\">Institutos Nacionais de Sa\u00fade<\/a> e o <a href=\"https:\/\/ncats.nih.gov\/\" target=\"_blank\" rel=\"noopener\">Centro Nacional para o Avan\u00e7o das Ci\u00eancias Translacionais<\/a>.<\/p>\n<p><strong>Como \u00e9 que se preparou para esta experi\u00eancia?<\/strong><br \/>\nLi v\u00e1rios artigos para me preparar para a experi\u00eancia e para alargar os meus conhecimentos. Muitos dos artigos podem ser encontrados na <a href=\"https:\/\/www.cff.org\/get-involved\/ways-advocate\" target=\"_blank\" rel=\"noopener\">Sec\u00e7\u00e3o A\u00e7\u00e3o de Advocacia<\/a> do <a href=\"https:\/\/www.cff.orga\" target=\"_blank\" rel=\"noopener\">S\u00edtio Web do CFF<\/a>.<\/p>\n<p><strong>Com quem \u00e9 que se reuniu no Congresso?<\/strong><br \/>\nReuni-me com os funcion\u00e1rios dos seguintes representantes da Pensilv\u00e2nia: <a href=\"https:\/\/kelly.house.gov\/\" target=\"_blank\" rel=\"noopener\">Deputado Mike Kelly<\/a>, <a href=\"http:\/\/altmire.house.gov\/\" target=\"_blank\" rel=\"noopener\">Deputado Jason Altmire<\/a>, <a href=\"https:\/\/thompson.house.gov\/\" target=\"_blank\" rel=\"noopener\">Deputado Glenn Thompson<\/a>, <a href=\"http:\/\/gerlach.house.gov\/\" target=\"_blank\" rel=\"noopener\">Deputado Jim Gerlach<\/a>, <a href=\"http:\/\/meehan.house.gov\/\" target=\"_blank\" rel=\"noopener\">Deputado Patrick Meehan<\/a>, <a href=\"https:\/\/fitzpatrick.house.gov\/\" target=\"_blank\" rel=\"noopener\">Deputado Michael Fitzpatrick<\/a> e <a href=\"http:\/\/shuster.house.gov\/\" target=\"_blank\" rel=\"noopener\">Deputado Bill Shuster<\/a>.<\/p>\n<p><strong>Como foi a sua experi\u00eancia?<\/strong><br \/>\nO Dia da Defesa dos Adolescentes foi uma oportunidade incr\u00edvel que nunca esquecerei. Acredito sinceramente que fiz a diferen\u00e7a ao aumentar a consciencializa\u00e7\u00e3o sobre a FC. De facto, no dia seguinte \u00e0 minha reuni\u00e3o com o Deputado Meehan, recebi um e-mail a dizer que ele tinha concordado em juntar-se \u00e0 bancada da FC! Esta foi uma demonstra\u00e7\u00e3o real e tang\u00edvel do impacto que os meus esfor\u00e7os de sensibiliza\u00e7\u00e3o tiveram.<\/p>\n<p>Foi tamb\u00e9m uma experi\u00eancia fant\u00e1stica conhecer outros adolescentes que s\u00e3o afectados pela doen\u00e7a. Espero participar no pr\u00f3ximo ano!!<\/p>\n<p style=\"text-align: center;\">---<\/p>\n<p style=\"text-align: left;\">Continua o teu excelente trabalho, Julia! Estamos muito orgulhosos de ti!<\/p>","protected":false},"excerpt":{"rendered":"<p>Emily&#8217;s sister, Julia, traveled to Washington D.C. to take part in the Cystic Fibrosis Foundation&#8217;s Teen Advocacy Day on Thursday, June 28. We asked her questions about her experience lobbying in DC. Check out Julia&#8217;s responses. &#8212;&#8212;&#8212; What is the CFF Teen Advocacy Program? The CFF Teen Advocacy Program is a chance for teens with&#8230; <\/p>\n<div class=\"clear\"><\/div>\n<p><a href=\"https:\/\/www.emilysentourage.org\/pt\/ee-goes-to-cff-teen-advocacy-day-in-washington-d-c\/\" class=\"excerpt-read-more\">Ler mais<\/a><\/p>","protected":false},"author":58,"featured_media":0,"comment_status":"open","ping_status":"open","sticky":false,"template":"","format":"standard","meta":{"_acf_changed":false,"_seopress_robots_primary_cat":"","_seopress_titles_title":"","_seopress_titles_desc":"","_seopress_robots_index":"","_monsterinsights_skip_tracking":false,"_monsterinsights_sitenote_active":false,"_monsterinsights_sitenote_note":"","_monsterinsights_sitenote_category":0,"_jetpack_memberships_contains_paid_content":false,"footnotes":""},"categories":[1,6],"tags":[],"class_list":["post-712","post","type-post","status-publish","format-standard","hentry","category-uncategorized","category-emilys-entourage-blog"],"acf":[],"jetpack_featured_media_url":"","jetpack_sharing_enabled":true,"post_mailing_queue_ids":[],"_links":{"self":[{"href":"https:\/\/www.emilysentourage.org\/pt\/wp-json\/wp\/v2\/posts\/712","targetHints":{"allow":["GET"]}}],"collection":[{"href":"https:\/\/www.emilysentourage.org\/pt\/wp-json\/wp\/v2\/posts"}],"about":[{"href":"https:\/\/www.emilysentourage.org\/pt\/wp-json\/wp\/v2\/types\/post"}],"author":[{"embeddable":true,"href":"https:\/\/www.emilysentourage.org\/pt\/wp-json\/wp\/v2\/users\/58"}],"replies":[{"embeddable":true,"href":"https:\/\/www.emilysentourage.org\/pt\/wp-json\/wp\/v2\/comments?post=712"}],"version-history":[{"count":5,"href":"https:\/\/www.emilysentourage.org\/pt\/wp-json\/wp\/v2\/posts\/712\/revisions"}],"predecessor-version":[{"id":20443,"href":"https:\/\/www.emilysentourage.org\/pt\/wp-json\/wp\/v2\/posts\/712\/revisions\/20443"}],"wp:attachment":[{"href":"https:\/\/www.emilysentourage.org\/pt\/wp-json\/wp\/v2\/media?parent=712"}],"wp:term":[{"taxonomy":"category","embeddable":true,"href":"https:\/\/www.emilysentourage.org\/pt\/wp-json\/wp\/v2\/categories?post=712"},{"taxonomy":"post_tag","embeddable":true,"href":"https:\/\/www.emilysentourage.org\/pt\/wp-json\/wp\/v2\/tags?post=712"}],"curies":[{"name":"wp","href":"https:\/\/api.w.org\/{rel}","templated":true}]}}