{"id":24438,"date":"2025-04-30T09:10:08","date_gmt":"2025-04-30T13:10:08","guid":{"rendered":"https:\/\/www.emilysentourage.org\/?p=24438"},"modified":"2025-04-30T10:58:03","modified_gmt":"2025-04-30T14:58:03","slug":"lines-of-progress-my-journey-from-critical-illness-to-change-making-advocacy","status":"publish","type":"post","link":"https:\/\/www.emilysentourage.org\/pt\/lines-of-progress-my-journey-from-critical-illness-to-change-making-advocacy\/","title":{"rendered":"Linhas de progresso: A minha viagem desde a doen\u00e7a grave at\u00e9 \u00e0 defesa de causas que geram mudan\u00e7as"},"content":{"rendered":"<p style=\"text-align: center;\"><i>Durante o M\u00eas de Sensibiliza\u00e7\u00e3o para a FC, a Emily's Entourage convida os membros da comunidade da fibrose qu\u00edstica (FC) a partilharem as suas hist\u00f3rias. A publica\u00e7\u00e3o de hoje no blogue destaca a hist\u00f3ria de Amanda Boone, uma adulta com FC.<\/i><\/p>\n<p><img fetchpriority=\"high\" decoding=\"async\" class=\"alignright wp-image-24441\" src=\"https:\/\/www.emilysentourage.org\/wp-content\/uploads\/10000058183.jpg\" alt=\"\" width=\"333\" height=\"395\" srcset=\"https:\/\/www.emilysentourage.org\/wp-content\/uploads\/10000058183.jpg 674w, https:\/\/www.emilysentourage.org\/wp-content\/uploads\/10000058183-253x300.jpg 253w, https:\/\/www.emilysentourage.org\/wp-content\/uploads\/10000058183-10x12.jpg 10w, https:\/\/www.emilysentourage.org\/wp-content\/uploads\/10000058183-600x711.jpg 600w\" sizes=\"(max-width: 333px) 100vw, 333px\" \/>H\u00e1 momentos na vida que deixam uma marca indel\u00e9vel na nossa alma. Para mim, um desses momentos aconteceu a meio da noite, quando respirei fundo pela primeira vez em mais de uma d\u00e9cada. Foi o tipo de respira\u00e7\u00e3o que n\u00e3o nos apercebemos que nos tem faltado at\u00e9 a voltarmos a sentir. No in\u00edcio, fiquei confuso, sem saber o que estava a acontecer, mas no momento em que o reconheci pelo que era - um <i>completo<\/i> respira\u00e7\u00e3o. Acordei o meu marido. Ele sobressaltou-se, pensando que alguma coisa estava muito mal, pois h\u00e1 anos que viv\u00edamos em modo de sobreviv\u00eancia. Mas n\u00e3o, eram boas not\u00edcias! Um momento de mudan\u00e7a de vida.<\/p>\n<p>Viver com fibrose qu\u00edstica (FC) tem sido uma constante montanha-russa para mim. Na minha juventude, consegui manter-me relativamente saud\u00e1vel, embora continuasse a estar sujeito aos internamentos e tratamentos de rotina inerentes a esta doen\u00e7a. Cheguei mesmo a subir a escada empresarial, de agente de aluguer a gestor de propriedades, enquanto fazia malabarismos com as complexidades da FC.<\/p>\n<blockquote><p>Em muitos aspectos, sentia-me com sorte. Tinha uma carreira pr\u00f3spera, um casamento maravilhoso e conseguia manter a minha sa\u00fade. Mas, por baixo da superf\u00edcie, estava sempre a lutar - a lutar para respirar, para me manter saud\u00e1vel e para continuar a avan\u00e7ar, apesar da minha esperan\u00e7a de vida.<\/p><\/blockquote>\n<p>Quando o meu marido e eu decidimos constituir fam\u00edlia, foi-me diagnosticada diabetes relacionada com a FC (DCRF) e estava a ter hemorragias pulmonares regularmente. Depois de muita delibera\u00e7\u00e3o, opt\u00e1mos por fazer FIV com uma barriga de aluguer. Tivemos a sorte de ter uma transfer\u00eancia de embri\u00f5es bem sucedida e, em breve, o nosso filho estava a caminho. Mas quando comecei a ter esperan\u00e7a num futuro melhor, a minha sa\u00fade piorou drasticamente. Contra\u00ed uma gripe em dezembro de 2014, e foi a\u00ed que as coisas come\u00e7aram a descambar. A minha fun\u00e7\u00e3o pulmonar nunca recuperou totalmente desse incidente, e dei por mim num ciclo constante de infec\u00e7\u00f5es, hemorragias pulmonares e febres. Na altura em que o nosso filho nasceu, tive de deixar de trabalhar devido \u00e0 deteriora\u00e7\u00e3o da minha sa\u00fade, dependendo fortemente do apoio da fam\u00edlia para cuidar dele.<\/p>\n<p>Dois anos mais tarde, procurei uma segunda opini\u00e3o no National Jewish Health, no Colorado. Aconselharam-me a mudar-me para o Colorado para continuar o tratamento. A partir da\u00ed, as coisas s\u00f3 pioraram. Foi-me diagnosticado mycobacterium abscessus, uma bact\u00e9ria dif\u00edcil de tratar que pode levar a um r\u00e1pido decl\u00ednio da fun\u00e7\u00e3o pulmonar e \u00e0 mortalidade na FC, o que exigiu um tratamento com antibi\u00f3ticos intravenosos a longo prazo. O meu corpo estava a falhar e a perspetiva de um transplante duplo de pulm\u00e3o pairava sobre mim. Estava a preparar-me mental e fisicamente para essa possibilidade quando, em outubro de 2019, tudo mudou.<\/p>\n<p>Foi aprovada uma terapia inovadora direcionada para a muta\u00e7\u00e3o. J\u00e1 tinha ouvido falar dela, mas nunca pensei que funcionasse comigo. Com uma muta\u00e7\u00e3o rara \"sem sentido\", disseram-me inicialmente que os moduladores n\u00e3o iriam ajudar. Mas como a minha segunda muta\u00e7\u00e3o era uma muta\u00e7\u00e3o comum, pude experiment\u00e1-la. A terapia s\u00f3 precisa de beneficiar uma das duas muta\u00e7\u00f5es para ser eficaz.<\/p>\n<blockquote><p>Quatro dias depois de iniciar a nova terapia, acordei a meio da noite, respirei fundo e medi a minha fun\u00e7\u00e3o pulmonar. Tinha aumentado dez por cento!<\/p><\/blockquote>\n<p>Numa quest\u00e3o de dias, o meu corpo estava a reagir de uma forma que eu nunca tinha pensado ser poss\u00edvel. Pouco depois, fui fazer a avalia\u00e7\u00e3o para o transplante e disseram-me que n\u00e3o precisava de um. Esta terapia direcionada para a muta\u00e7\u00e3o foi a minha salva\u00e7\u00e3o.<\/p>\n<p>Embora a minha sa\u00fade tenha melhorado de uma forma que nunca poderia ter imaginado, sabia que n\u00e3o estava curada. O meu corpo j\u00e1 tinha passado por demasiadas coisas. Ainda precisava de tratamentos, ainda lutava contra a diabetes relacionada com a FC e ainda enfrentava a possibilidade de ser hospitalizado. Mas a progress\u00e3o da minha doen\u00e7a tinha parado e, pela primeira vez em anos, senti esperan\u00e7a.<\/p>\n<p><img decoding=\"async\" class=\"alignleft wp-image-24444\" src=\"https:\/\/www.emilysentourage.org\/wp-content\/uploads\/10000059142-739x1024.jpg\" alt=\"\" width=\"299\" height=\"415\" srcset=\"https:\/\/www.emilysentourage.org\/wp-content\/uploads\/10000059142-739x1024.jpg 739w, https:\/\/www.emilysentourage.org\/wp-content\/uploads\/10000059142-216x300.jpg 216w, https:\/\/www.emilysentourage.org\/wp-content\/uploads\/10000059142-768x1064.jpg 768w, https:\/\/www.emilysentourage.org\/wp-content\/uploads\/10000059142-1108x1536.jpg 1108w, https:\/\/www.emilysentourage.org\/wp-content\/uploads\/10000059142-9x12.jpg 9w, https:\/\/www.emilysentourage.org\/wp-content\/uploads\/10000059142-600x832.jpg 600w, https:\/\/www.emilysentourage.org\/wp-content\/uploads\/10000059142.jpg 1174w\" sizes=\"(max-width: 299px) 100vw, 299px\" \/>No ver\u00e3o de 2023, enquanto tentava recuperar o meu equil\u00edbrio e viver a vida com a minha sa\u00fade rec\u00e9m-descoberta, o meu mundo foi mais uma vez abalado. Soube que a minha \"salva\u00e7\u00e3o\", a terapia dirigida a muta\u00e7\u00f5es, estava a ser analisada por uma comiss\u00e3o estatal devido ao seu elevado custo e \u00e0 possibilidade de ser imposto um limite de pre\u00e7o ao medicamento. Isto significava que os doentes do Colorado poderiam perder o acesso ao medicamento se a comiss\u00e3o n\u00e3o conseguisse chegar a um acordo com o fabricante do medicamento. A possibilidade de perder o acesso a um medicamento que tinha <i>salvou a minha vida<\/i> era aterrador.<\/p>\n<p>Envolvi-me imediatamente na defesa de causas, participando em reuni\u00f5es da dire\u00e7\u00e3o e falando com legisladores. Sabia que t\u00ednhamos montanhas para mover. Estabeleci contacto com outras pessoas com FC e prestadores de cuidados e, em conjunto, form\u00e1mos um grupo de defesa popular, o CF United. Trabalh\u00e1mos incansavelmente, escrevendo cartas, reunindo-nos com funcion\u00e1rios e amplificando as nossas vozes. A nossa mensagem era clara: esta terapia direcionada para as muta\u00e7\u00f5es era mais do que um simples medicamento; era uma gra\u00e7a salvadora e precis\u00e1vamos de proteger o nosso acesso a ela.<\/p>\n<p>O processo foi um desafio e, por vezes, parecia que est\u00e1vamos a falar para o vazio. Numa reuni\u00e3o, o conselho de administra\u00e7\u00e3o n\u00e3o apareceu e tivemos de nos dirigir a funcion\u00e1rios do governo que pareciam indiferentes \u00e0s nossas preocupa\u00e7\u00f5es. Mas n\u00e3o baix\u00e1mos os bra\u00e7os. Quanto mais defend\u00edamos, mais v\u00edamos o impacto dos nossos esfor\u00e7os. Em dezembro de 2023, recebemos a not\u00edcia pela qual t\u00ednhamos lutado: a dire\u00e7\u00e3o votou que o medicamento n\u00e3o era \"inacess\u00edvel\", o que significa que o limite de pre\u00e7o n\u00e3o seria imposto. Foi uma vit\u00f3ria, n\u00e3o apenas para mim, mas para toda a comunidade de FC no Colorado - e al\u00e9m. E nada disto teria sido poss\u00edvel sem a minha sa\u00fade renovada, que me permitiu aparecer em pleno.<\/p>\n<p>Mas enquanto celebr\u00e1vamos, n\u00e3o podia ignorar a outra realidade premente: embora eu tenha sido um dos felizardos que beneficiou desta terapia, muitos ainda n\u00e3o o podem fazer. Estas pessoas ainda est\u00e3o \u00e0 espera do seu tratamento inovador. N\u00e3o consigo imaginar estar na pele deles. Sinto empatia, porque me lembro de como era. A minha defesa n\u00e3o \u00e9 apenas para aqueles que obtiveram acesso a medicamentos que mudaram a sua vida; \u00e9 tamb\u00e9m para pessoas como a Emily e todos os que fazem parte do 10% final. N\u00e3o podemos parar de lutar at\u00e9 que todas as pessoas com FC tenham uma op\u00e7\u00e3o de tratamento que lhes salve a vida e acesso total a esse tratamento.<\/p>\n<h1>Autor<\/h1>\n<p><img decoding=\"async\" class=\"alignleft wp-image-24448\" src=\"https:\/\/www.emilysentourage.org\/wp-content\/uploads\/Amanda-Bio-Headshot.png\" alt=\"\" width=\"175\" height=\"175\" srcset=\"https:\/\/www.emilysentourage.org\/wp-content\/uploads\/Amanda-Bio-Headshot.png 300w, https:\/\/www.emilysentourage.org\/wp-content\/uploads\/Amanda-Bio-Headshot-150x150.png 150w, https:\/\/www.emilysentourage.org\/wp-content\/uploads\/Amanda-Bio-Headshot-12x12.png 12w, https:\/\/www.emilysentourage.org\/wp-content\/uploads\/Amanda-Bio-Headshot-100x100.png 100w\" sizes=\"(max-width: 175px) 100vw, 175px\" \/><\/p>\n<p>Amanda Boone \u00e9 uma pessoa com fibrose c\u00edstica e co-fundadora da CF United, uma organiza\u00e7\u00e3o de base que assegura o acesso a terapias a pre\u00e7os acess\u00edveis para as pessoas com fibrose c\u00edstica e doen\u00e7as raras. Amanda tornou-se uma das principais vozes na prote\u00e7\u00e3o do acesso - especialmente quando a medica\u00e7\u00e3o que lhe salvou a vida enfrentou desafios de acessibilidade atrav\u00e9s do Prescription Drug Affordability Board do Colorado. Amanda usa agora a sua voz para garantir que os doentes s\u00e3o ouvidos, ao mesmo tempo que encontra paz na zona rural do Colorado com o marido, o filho, os c\u00e3es e os cavalos. Amanda lida com a sua doen\u00e7a atrav\u00e9s do riso e do realismo.<\/p>","protected":false},"excerpt":{"rendered":"<p>Durante o M\u00eas de Sensibiliza\u00e7\u00e3o para a FC, a Emily's Entourage convida os membros da comunidade da fibrose qu\u00edstica (FC) a partilharem as suas hist\u00f3rias. A publica\u00e7\u00e3o de hoje no blogue destaca a hist\u00f3ria de Amanda Boone, uma adulta com FC. H\u00e1 momentos na vida que deixam uma marca indel\u00e9vel na nossa alma. Para mim, um desses momentos aconteceu a meio da... <\/p>\n<div class=\"clear\"><\/div>\n<p><a href=\"https:\/\/www.emilysentourage.org\/pt\/lines-of-progress-my-journey-from-critical-illness-to-change-making-advocacy\/\" class=\"excerpt-read-more\">Ler mais<\/a><\/p>","protected":false},"author":1719,"featured_media":24450,"comment_status":"open","ping_status":"closed","sticky":false,"template":"","format":"standard","meta":{"_acf_changed":false,"_seopress_titles_title":"%%post_title%%","_seopress_titles_desc":"%%post_excerpt%%","_seopress_robots_index":"","_seopress_robots_follow":"","_seopress_robots_imageindex":"","_seopress_robots_snippet":"","_seopress_robots_primary_cat":"none","_seopress_robots_breadcrumbs":"","_seopress_robots_freeze_modified_date":"","_seopress_robots_custom_modified_date":"","_seopress_robots_canonical":"","_seopress_social_fb_title":"","_seopress_social_fb_desc":"","_seopress_social_fb_img":"","_seopress_social_fb_img_attachment_id":0,"_seopress_social_fb_img_width":0,"_seopress_social_fb_img_height":0,"_seopress_social_twitter_title":"","_seopress_social_twitter_desc":"","_seopress_social_twitter_img":"","_seopress_social_twitter_img_attachment_id":0,"_seopress_social_twitter_img_width":0,"_seopress_social_twitter_img_height":0,"_seopress_redirections_value":"","_seopress_redirections_enabled":"","_seopress_redirections_enabled_regex":"","_seopress_redirections_logged_status":"both","_seopress_redirections_param":"","_seopress_redirections_type":301,"_seopress_analysis_target_kw":"","_seopress_news_disabled":"","_seopress_video_disabled":"","_seopress_video":[],"_seopress_pro_schemas_manual":[],"_seopress_pro_rich_snippets_disable_all":"","_seopress_pro_rich_snippets_disable":[],"_seopress_pro_schemas":[],"_monsterinsights_skip_tracking":false,"_jetpack_newsletter_access":"","_jetpack_dont_email_post_to_subs":false,"_jetpack_newsletter_tier_id":0,"_jetpack_memberships_contains_paywalled_content":false,"_jetpack_feature_clip_id":0,"_jetpack_memberships_contains_paid_content":false,"footnotes":"","jetpack_post_was_ever_published":false},"categories":[6],"tags":[211,52,77,209,212,137],"class_list":["post-24438","post","type-post","status-publish","format-standard","has-post-thumbnail","hentry","category-emilys-entourage-blog","tag-cf-advocacy","tag-cf-awareness","tag-cf-awareness-month","tag-cfa","tag-cystic-fibrosis-advocacy","tag-cystic-fibrosis-awareness-month"],"acf":[],"jetpack_sharing_enabled":true,"jetpack_featured_media_url":"https:\/\/www.emilysentourage.org\/wp-content\/uploads\/Amanda-Boone-Featured-Image.png","post_mailing_queue_ids":[],"_links":{"self":[{"href":"https:\/\/www.emilysentourage.org\/pt\/wp-json\/wp\/v2\/posts\/24438","targetHints":{"allow":["GET"]}}],"collection":[{"href":"https:\/\/www.emilysentourage.org\/pt\/wp-json\/wp\/v2\/posts"}],"about":[{"href":"https:\/\/www.emilysentourage.org\/pt\/wp-json\/wp\/v2\/types\/post"}],"author":[{"embeddable":true,"href":"https:\/\/www.emilysentourage.org\/pt\/wp-json\/wp\/v2\/users\/1719"}],"replies":[{"embeddable":true,"href":"https:\/\/www.emilysentourage.org\/pt\/wp-json\/wp\/v2\/comments?post=24438"}],"version-history":[{"count":5,"href":"https:\/\/www.emilysentourage.org\/pt\/wp-json\/wp\/v2\/posts\/24438\/revisions"}],"predecessor-version":[{"id":24467,"href":"https:\/\/www.emilysentourage.org\/pt\/wp-json\/wp\/v2\/posts\/24438\/revisions\/24467"}],"wp:featuredmedia":[{"embeddable":true,"href":"https:\/\/www.emilysentourage.org\/pt\/wp-json\/wp\/v2\/media\/24450"}],"wp:attachment":[{"href":"https:\/\/www.emilysentourage.org\/pt\/wp-json\/wp\/v2\/media?parent=24438"}],"wp:term":[{"taxonomy":"category","embeddable":true,"href":"https:\/\/www.emilysentourage.org\/pt\/wp-json\/wp\/v2\/categories?post=24438"},{"taxonomy":"post_tag","embeddable":true,"href":"https:\/\/www.emilysentourage.org\/pt\/wp-json\/wp\/v2\/tags?post=24438"}],"curies":[{"name":"wp","href":"https:\/\/api.w.org\/{rel}","templated":true}]}}