{"id":18823,"date":"2023-04-19T11:42:17","date_gmt":"2023-04-19T15:42:17","guid":{"rendered":"https:\/\/www.emilysentourage.org\/?p=18823"},"modified":"2023-12-20T02:46:33","modified_gmt":"2023-12-20T07:46:33","slug":"may-is-cystic-fibrosis-awareness-month-lets-crossoutcf-for-100-of-the-cf-community","status":"publish","type":"post","link":"https:\/\/www.emilysentourage.org\/pt\/may-is-cystic-fibrosis-awareness-month-lets-crossoutcf-for-100-of-the-cf-community\/","title":{"rendered":"maio \u00e9 o M\u00eas da Consciencializa\u00e7\u00e3o para a Fibrose Qu\u00edstica: Vamos #CrossOutCF para 100% da comunidade de FC"},"content":{"rendered":"<p style=\"text-align: justify;\"><span style=\"font-weight: 400;\">maio \u00e9 uma altura importante do ano para n\u00f3s na Emily's Entourage (EE). Assinala o M\u00eas da Consciencializa\u00e7\u00e3o para a Fibrose Qu\u00edstica (FC), uma altura em que a comunidade se junta para divulgar a consciencializa\u00e7\u00e3o, defender, partilhar hist\u00f3rias pessoais e unir-se em torno da miss\u00e3o de acelerar os avan\u00e7os e a cura para 100% da comunidade da FC!\u00a0\u00a0<\/span><\/p>\n<p style=\"text-align: justify;\"><span style=\"font-weight: 400;\">O tema da campanha do M\u00eas da Consciencializa\u00e7\u00e3o da FC da EE \u00e9 \"Cross Out CF\", o que significa a necessidade urgente de expandir o progresso nos tratamentos da FC e terminar o trabalho, assegurando que 100% de pessoas com FC tenham uma terapia que lhes salve a vida, sem deixar ningu\u00e9m para tr\u00e1s. A campanha fala da for\u00e7a e da solidariedade, <\/span><span style=\"font-weight: 400;\">esp\u00edrito,<\/span><span style=\"font-weight: 400;\"> e o poder da comunidade da FC - como indiv\u00edduos e especialmente quando se juntam como um coletivo.\u00a0<\/span><\/p>\n<p style=\"text-align: justify;\"><img fetchpriority=\"high\" decoding=\"async\" class=\"aligncenter wp-image-18826 size-full\" src=\"https:\/\/www.emilysentourage.org\/wp-content\/uploads\/EE-Cross-Out-CF-Campaign-Exports-2023_Newsletter-Graphic.jpg\" alt=\"\" width=\"1251\" height=\"626\" srcset=\"https:\/\/www.emilysentourage.org\/wp-content\/uploads\/EE-Cross-Out-CF-Campaign-Exports-2023_Newsletter-Graphic.jpg 1251w, https:\/\/www.emilysentourage.org\/wp-content\/uploads\/EE-Cross-Out-CF-Campaign-Exports-2023_Newsletter-Graphic-300x150.jpg 300w, https:\/\/www.emilysentourage.org\/wp-content\/uploads\/EE-Cross-Out-CF-Campaign-Exports-2023_Newsletter-Graphic-1024x512.jpg 1024w, https:\/\/www.emilysentourage.org\/wp-content\/uploads\/EE-Cross-Out-CF-Campaign-Exports-2023_Newsletter-Graphic-768x384.jpg 768w, https:\/\/www.emilysentourage.org\/wp-content\/uploads\/EE-Cross-Out-CF-Campaign-Exports-2023_Newsletter-Graphic-18x9.jpg 18w, https:\/\/www.emilysentourage.org\/wp-content\/uploads\/EE-Cross-Out-CF-Campaign-Exports-2023_Newsletter-Graphic-600x300.jpg 600w\" sizes=\"(max-width: 1251px) 100vw, 1251px\" \/><\/p>\n<p style=\"text-align: justify;\"><span style=\"font-weight: 400;\">Todos os anos, a campanha \"Cross Out CF\" evolui para refletir as \u00faltimas novidades da EE e da comunidade da FC. Este ano, a campanha reflecte uma nova esperan\u00e7a. No ano passado, assistimos a um progresso significativo no desenvolvimento de medicamentos para as pessoas que fazem parte do grupo final 10% da comunidade da FC e que n\u00e3o beneficiam das terapias existentes direcionadas para as muta\u00e7\u00f5es. Estamos a assistir \u00e0 progress\u00e3o para ensaios cl\u00ednicos de v\u00e1rias terapias, incluindo muitas que a EE ajudou a criar e a promover.\u00a0<\/span><\/p>\n<blockquote><p>Pela primeira vez, temos uma linha de vis\u00e3o clara para a meta - para tratamentos com o potencial de beneficiar 100% de pessoas com FC.<\/p><\/blockquote>\n<p style=\"text-align: justify;\"><span style=\"font-weight: 400;\">Na EE, esse \u00e9 o nosso \u00fanico objetivo. E \u00e9 disso que se trata o M\u00eas da Consciencializa\u00e7\u00e3o da FC - unirmo-nos e celebrarmos o nosso progresso, <\/span><span style=\"font-weight: 400;\">dobrando a busca urgente por mais, elevando nossas hist\u00f3rias e nossas vozes, e avan\u00e7ando como se nossas vidas dependessem disso. Porque.... elas dependem.<\/span><\/p>\n<h2 style=\"text-align: justify;\"><b>Seja social connosco!<\/b><\/h2>\n<p style=\"text-align: justify;\"><span style=\"font-weight: 400;\">Durante todo o m\u00eas de maio, iremos ampliar as perspectivas e vozes da FC - desde pessoas com FC, a familiares, investigadores e m\u00e9dicos - demonstrando a incr\u00edvel esperan\u00e7a, for\u00e7a, resili\u00eancia e diversidade da nossa comunidade.<\/span><\/p>\n<p style=\"text-align: justify;\"><img decoding=\"async\" class=\"aligncenter wp-image-18827\" src=\"https:\/\/www.emilysentourage.org\/wp-content\/uploads\/EE-Cross-Out-CF-Campaign-Exports-2023_Calendar-Post-799x1024.png\" alt=\"\" width=\"400\" height=\"513\" srcset=\"https:\/\/www.emilysentourage.org\/wp-content\/uploads\/EE-Cross-Out-CF-Campaign-Exports-2023_Calendar-Post-799x1024.png 799w, https:\/\/www.emilysentourage.org\/wp-content\/uploads\/EE-Cross-Out-CF-Campaign-Exports-2023_Calendar-Post-234x300.png 234w, https:\/\/www.emilysentourage.org\/wp-content\/uploads\/EE-Cross-Out-CF-Campaign-Exports-2023_Calendar-Post-768x984.png 768w, https:\/\/www.emilysentourage.org\/wp-content\/uploads\/EE-Cross-Out-CF-Campaign-Exports-2023_Calendar-Post-1198x1536.png 1198w, https:\/\/www.emilysentourage.org\/wp-content\/uploads\/EE-Cross-Out-CF-Campaign-Exports-2023_Calendar-Post-1598x2048.png 1598w, https:\/\/www.emilysentourage.org\/wp-content\/uploads\/EE-Cross-Out-CF-Campaign-Exports-2023_Calendar-Post-9x12.png 9w, https:\/\/www.emilysentourage.org\/wp-content\/uploads\/EE-Cross-Out-CF-Campaign-Exports-2023_Calendar-Post-600x769.png 600w\" sizes=\"(max-width: 400px) 100vw, 400px\" \/><\/p>\n<p style=\"text-align: justify;\"><span style=\"font-weight: 400;\">\u00c0s segundas-feiras, vamos #PaintTheWorldPurple destacar uma s\u00e9rie de artistas fant\u00e1sticos com FC e o seu trabalho. \u00c0s ter\u00e7as-feiras, o blogue da EE apresentar\u00e1 vozes da comunidade da FC - um adulto com FC, um familiar de uma pessoa com FC, um investigador, entre outros - na s\u00e9rie #CFStrong. \u00c0s quartas-feiras, ficar\u00e1 a saber mais sobre o trabalho importante e o progresso incr\u00edvel que est\u00e1 a acontecer na EE atrav\u00e9s do nosso #EEupdates.\u00a0<\/span><\/p>\n<p style=\"text-align: justify;\"><span style=\"font-weight: 400;\">Depois, passamos \u00e0 ci\u00eancia, apresentando-lhe os investigadores e m\u00e9dicos que est\u00e3o a trabalhar incansavelmente para desenvolver avan\u00e7os r\u00e1pidos para a FC atrav\u00e9s do #SciencEE \u00e0s quintas-feiras. E para terminar a semana - porque o m\u00eas da FC tem como objetivo principal educar o mundo sobre a FC e a raz\u00e3o pela qual precisamos de tratamentos R\u00c1PIDOS - o #FactFriday centrar-se-\u00e1 na partilha de mais informa\u00e7\u00e3o sobre a FC e a necessidade cr\u00edtica de tratamentos.\u00a0<\/span><\/p>\n<h2 style=\"text-align: justify;\"><b>Participe\u00a0<\/b><\/h2>\n<p style=\"text-align: justify;\"><span style=\"font-weight: 400;\">Durante todo o m\u00eas, prepare-se para aprender, sentir-se ligado e inspirar-se enquanto trabalhamos para divulgar a palavra e alcan\u00e7ar o nosso objetivo final: descobertas r\u00e1pidas e uma cura para 100% da comunidade de FC. Para l\u00e1 chegarmos, precisamos da sua ajuda para espalhar a palavra! Fa\u00e7a gosto numa publica\u00e7\u00e3o, escreva um coment\u00e1rio ou partilhe a publica\u00e7\u00e3o para aumentar a sensibiliza\u00e7\u00e3o e espalhar a mensagem da EE por todo o lado!\u00a0<\/span><\/p>\n<p style=\"text-align: justify;\"><span style=\"font-weight: 400;\">N\u00e3o se esque\u00e7a de acompanhar o<\/span> <a href=\"https:\/\/www.facebook.com\/EmilysEntourage\/\" target=\"_blank\" rel=\"noopener\"><span style=\"font-weight: 400;\">Facebook<\/span><\/a><span style=\"font-weight: 400;\">,<\/span> <span style=\"font-weight: 400;\">Instagram<\/span><span style=\"font-weight: 400;\">,<\/span> <a href=\"https:\/\/twitter.com\/EmilysEntourage\" target=\"_blank\" rel=\"noopener\"><span style=\"font-weight: 400;\">Twitter<\/span><\/a><span style=\"font-weight: 400;\">,<\/span> <a href=\"https:\/\/www.linkedin.com\/company\/emilysentourage\/\" target=\"_blank\" rel=\"noopener\"><span style=\"font-weight: 400;\">LinkedIn<\/span><\/a><span style=\"font-weight: 400;\">e o nosso<\/span> <a href=\"https:\/\/www.emilysentourage.org\/pt\/blog\/\" target=\"_blank\" rel=\"noopener\"><span style=\"font-weight: 400;\">blogue<\/span><\/a><span style=\"font-weight: 400;\"> - e se ainda n\u00e3o o fizeram, por favor <\/span><a href=\"https:\/\/www.emilysentourage.org\/pt\/eeupdates\/\" target=\"_blank\" rel=\"noopener\"><span style=\"font-weight: 400;\">subscrever a nossa e-newsletter<\/span><\/a><span style=\"font-weight: 400;\">. Pode juntar-se \u00e0 conversa utilizando o hashtag #CrossOutCF!<\/span><\/p>\n<p style=\"text-align: justify;\"><span style=\"font-weight: 400;\">Temos uma linha de vis\u00e3o clara at\u00e9 \u00e0 meta, e cabe-nos a n\u00f3s l\u00e1 chegar, para conseguirmos um futuro em que todos possamos ser 100% da comunidade da FC, <\/span><i><span style=\"font-weight: 400;\">finalmente<\/span><\/i><span style=\"font-weight: 400;\"> respirar melhor - ningu\u00e9m fica para tr\u00e1s.<\/span><\/p>\n<p style=\"text-align: justify;\"><strong>100% ou nada. Vamos \"riscar a FC\" de uma vez por todas!<\/strong><\/p>\n<h2 style=\"text-align: justify;\"><b>Obrigado aos nossos patrocinadores do M\u00eas de Sensibiliza\u00e7\u00e3o para a FC<\/b><\/h2>\n<p style=\"text-align: justify;\"><span style=\"font-weight: 400;\">Queremos agradecer aos nossos generosos patrocinadores da campanha do M\u00eas de Consciencializa\u00e7\u00e3o da Fibrose C\u00edstica de 2023! Os nossos esfor\u00e7os para eliminar a FC para 100% da comunidade da FC s\u00f3 s\u00e3o poss\u00edveis gra\u00e7as ao apoio dos nossos dedicados patrocinadores empresariais.<\/span><\/p>\n<p><img decoding=\"async\" class=\"aligncenter wp-image-18903 size-full\" src=\"https:\/\/www.emilysentourage.org\/wp-content\/uploads\/MAY-1A.png\" alt=\"\" width=\"723\" height=\"616\" srcset=\"https:\/\/www.emilysentourage.org\/wp-content\/uploads\/MAY-1A.png 723w, https:\/\/www.emilysentourage.org\/wp-content\/uploads\/MAY-1A-300x256.png 300w, https:\/\/www.emilysentourage.org\/wp-content\/uploads\/MAY-1A-14x12.png 14w, https:\/\/www.emilysentourage.org\/wp-content\/uploads\/MAY-1A-600x511.png 600w\" sizes=\"(max-width: 723px) 100vw, 723px\" \/><\/p>\n<p>&nbsp;<\/p>","protected":false},"excerpt":{"rendered":"<p>May is an important time of the year for us at Emily\u2019s Entourage (EE). It marks Cystic Fibrosis (CF) Awareness Month, a time for the community to band together to spread awareness, advocate, share personal stories, and unite behind the mission of accelerating breakthroughs and a cure for 100% of the CF community!\u00a0\u00a0 The theme&#8230; <\/p>\n<div class=\"clear\"><\/div>\n<p><a href=\"https:\/\/www.emilysentourage.org\/pt\/may-is-cystic-fibrosis-awareness-month-lets-crossoutcf-for-100-of-the-cf-community\/\" class=\"excerpt-read-more\">Ler mais<\/a><\/p>","protected":false},"author":1361,"featured_media":18848,"comment_status":"open","ping_status":"closed","sticky":false,"template":"","format":"standard","meta":{"_acf_changed":false,"_seopress_robots_primary_cat":"none","_seopress_titles_title":"%%sitetitle%% %%sep%% %%post_title%%","_seopress_titles_desc":"%%post_excerpt%%","_seopress_robots_index":"","_monsterinsights_skip_tracking":false,"_monsterinsights_sitenote_active":false,"_monsterinsights_sitenote_note":"","_monsterinsights_sitenote_category":0,"_jetpack_memberships_contains_paid_content":false,"footnotes":""},"categories":[1],"tags":[],"class_list":["post-18823","post","type-post","status-publish","format-standard","has-post-thumbnail","hentry","category-uncategorized"],"acf":[],"jetpack_featured_media_url":"https:\/\/www.emilysentourage.org\/wp-content\/uploads\/CROPPED-OMAGE-e1682355500690.jpg","jetpack_sharing_enabled":true,"post_mailing_queue_ids":[],"_links":{"self":[{"href":"https:\/\/www.emilysentourage.org\/pt\/wp-json\/wp\/v2\/posts\/18823","targetHints":{"allow":["GET"]}}],"collection":[{"href":"https:\/\/www.emilysentourage.org\/pt\/wp-json\/wp\/v2\/posts"}],"about":[{"href":"https:\/\/www.emilysentourage.org\/pt\/wp-json\/wp\/v2\/types\/post"}],"author":[{"embeddable":true,"href":"https:\/\/www.emilysentourage.org\/pt\/wp-json\/wp\/v2\/users\/1361"}],"replies":[{"embeddable":true,"href":"https:\/\/www.emilysentourage.org\/pt\/wp-json\/wp\/v2\/comments?post=18823"}],"version-history":[{"count":5,"href":"https:\/\/www.emilysentourage.org\/pt\/wp-json\/wp\/v2\/posts\/18823\/revisions"}],"predecessor-version":[{"id":20913,"href":"https:\/\/www.emilysentourage.org\/pt\/wp-json\/wp\/v2\/posts\/18823\/revisions\/20913"}],"wp:featuredmedia":[{"embeddable":true,"href":"https:\/\/www.emilysentourage.org\/pt\/wp-json\/wp\/v2\/media\/18848"}],"wp:attachment":[{"href":"https:\/\/www.emilysentourage.org\/pt\/wp-json\/wp\/v2\/media?parent=18823"}],"wp:term":[{"taxonomy":"category","embeddable":true,"href":"https:\/\/www.emilysentourage.org\/pt\/wp-json\/wp\/v2\/categories?post=18823"},{"taxonomy":"post_tag","embeddable":true,"href":"https:\/\/www.emilysentourage.org\/pt\/wp-json\/wp\/v2\/tags?post=18823"}],"curies":[{"name":"wp","href":"https:\/\/api.w.org\/{rel}","templated":true}]}}