{"id":712,"date":"2012-06-29T06:54:59","date_gmt":"2012-06-29T13:54:59","guid":{"rendered":"http:\/\/lw.screammedia.net\/?p=712"},"modified":"2023-12-20T04:35:50","modified_gmt":"2023-12-20T09:35:50","slug":"ee-goes-to-cff-teen-advocacy-day-in-washington-d-c","status":"publish","type":"post","link":"https:\/\/www.emilysentourage.org\/it\/ee-goes-to-cff-teen-advocacy-day-in-washington-d-c\/","title":{"rendered":"EE va alla Giornata della difesa degli adolescenti del CFF a Washington D.C.!"},"content":{"rendered":"<p>Julia, la sorella di Emily, si \u00e8 recata a Washington D.C. per partecipare al Teen Advocacy Day della Cystic Fibrosis Foundation gioved\u00ec 28 giugno. Le abbiamo posto delle domande sulla sua esperienza di lobbying a Washington. Guarda le risposte di Julia.<\/p>\n<p style=\"text-align: center;\">---<\/p>\n<p><img fetchpriority=\"high\" decoding=\"async\" class=\"alignright size-medium wp-image-736\" title=\"Julia alla Giornata della difesa degli adolescenti del CFF a Washington\" src=\"https:\/\/www.emilysentourage.org\/wp-content\/uploads\/2012\/06\/607923516-201x300.jpg\" alt=\"\" width=\"201\" height=\"300\" srcset=\"https:\/\/www.emilysentourage.org\/wp-content\/uploads\/2012\/06\/607923516-201x300.jpg 201w, https:\/\/www.emilysentourage.org\/wp-content\/uploads\/2012\/06\/607923516.jpg 600w\" sizes=\"(max-width: 201px) 100vw, 201px\" \/><\/p>\n<p><strong>Che cos'\u00e8 il programma di difesa degli adolescenti del CFF?<\/strong><br \/>\nIl CFF Teen Advocacy Program \u00e8 un'opportunit\u00e0 per gli adolescenti con fratelli, genitori, amici o altre persone care affette da fibrosi cistica di sostenere la ricerca sulla fibrosi cistica al Congresso.<\/p>\n<p><strong>Perch\u00e9 l'advocacy \u00e8 importante per la fibrosi cistica?<\/strong><br \/>\nLa fibrosi cistica \u00e8 una malattia rara e orfana, il che significa che colpisce solo una piccola percentuale di persone. Di conseguenza, le aziende farmaceutiche sono meno incentivate a finanziare la ricerca sulla fibrosi cistica. Ci\u00f2 significa che la maggior parte dei fondi per finanziare la ricerca proviene dalla raccolta di fondi di base da parte di persone come noi che hanno un legame con un malato di FC o dal governo.<\/p>\n<p><strong>Come e perch\u00e9 \u00e8 stato coinvolto?\u00a0<\/strong><br \/>\nCome fratello di una persona affetta da FC, sento la responsabilit\u00e0 di fare tutto ci\u00f2 che \u00e8 in mio potere per rendere la vita di mia sorella il pi\u00f9 lunga e soddisfacente possibile. Quando ho sentito parlare del programma di advocacy per adolescenti della CFF, ho pensato che fosse un modo fenomenale per far sentire la mia voce e ampliare la conoscenza di questa malattia devastante e per sperare di aumentare il sostegno alla ricerca sulla fibrosi cistica al Congresso.<\/p>\n<p><strong>Quali erano i suoi obiettivi nel fare pressioni sul Congresso?<\/strong><br \/>\nQuest'anno il Teen Advocacy Day del CFF aveva tre obiettivi principali.<\/p>\n<p>1) Ringraziare il Congresso per aver votato l'approvazione del <a href=\"https:\/\/www.cff.org\/sites\/default\/files\/2021-11\/National-Corporate-Team-Toolkit.pdf\" target=\"_blank\" rel=\"noopener\">Progetto di legge per l'ampliamento e la promozione delle competenze (EXPERRT)<\/a>che permette alla Food and Drug Administration (FDA) di rivedere pi\u00f9 facilmente i nuovi farmaci per le malattie rare (come la FC), consentendo loro di rivolgersi a esperti esterni alla FDA.<\/p>\n<p>2) Incoraggiare il Congresso a salvare le parti della legge sulla riforma sanitaria che consentono l'accesso a cure specialistiche e costose per la FC, indipendentemente dal fatto che l'intera legge rimanga o meno.<\/p>\n<p>3) Incoraggiare il Congresso a incrementare i fondi per l'Istituto di ricerca. <a href=\"https:\/\/www.fda.gov\/\" target=\"_blank\" rel=\"noopener\">FDA<\/a>, il <a href=\"https:\/\/www.nih.gov\/\" target=\"_blank\" rel=\"noopener\">Istituti Nazionali di Sanit\u00e0<\/a> e il <a href=\"https:\/\/ncats.nih.gov\/\" target=\"_blank\" rel=\"noopener\">Centro nazionale per il progresso delle scienze traslazionali<\/a>.<\/p>\n<p><strong>Come vi siete preparati a questa esperienza?<\/strong><br \/>\nHo letto diversi articoli per prepararmi all'esperienza e per ampliare le mie conoscenze. Molti di questi articoli si trovano nel sito <a href=\"https:\/\/www.cff.org\/get-involved\/ways-advocate\" target=\"_blank\" rel=\"noopener\">Sezione Azione di advocacy<\/a> del <a href=\"https:\/\/www.cff.orga\" target=\"_blank\" rel=\"noopener\">Sito web del CFF<\/a>.<\/p>\n<p><strong>Chi ha incontrato al Congresso?<\/strong><br \/>\nHo incontrato il personale dei seguenti rappresentanti della Pennsylvania: <a href=\"https:\/\/kelly.house.gov\/\" target=\"_blank\" rel=\"noopener\">Rappresentante Mike Kelly<\/a>, <a href=\"http:\/\/altmire.house.gov\/\" target=\"_blank\" rel=\"noopener\">Rappresentante Jason Altmire<\/a>, <a href=\"https:\/\/thompson.house.gov\/\" target=\"_blank\" rel=\"noopener\">Rappresentante Glenn Thompson<\/a>, <a href=\"http:\/\/gerlach.house.gov\/\" target=\"_blank\" rel=\"noopener\">Rappresentante Jim Gerlach<\/a>, <a href=\"http:\/\/meehan.house.gov\/\" target=\"_blank\" rel=\"noopener\">Rappresentante Patrick Meehan<\/a>, <a href=\"https:\/\/fitzpatrick.house.gov\/\" target=\"_blank\" rel=\"noopener\">Rappresentante Michael Fitzpatrick<\/a> e <a href=\"http:\/\/shuster.house.gov\/\" target=\"_blank\" rel=\"noopener\">Rappresentante Bill Shuster<\/a>.<\/p>\n<p><strong>Com'\u00e8 stata la vostra esperienza?<\/strong><br \/>\nLa Giornata della difesa degli adolescenti \u00e8 stata un'opportunit\u00e0 incredibile che non dimenticher\u00f2 mai. Credo sinceramente di aver fatto la differenza aumentando la consapevolezza della FC. Infatti, il giorno successivo all'incontro con il rappresentante Meehan, ho ricevuto un'e-mail in cui mi comunicava che aveva accettato di entrare a far parte del caucus della FC! Questa \u00e8 stata una dimostrazione tangibile dell'impatto dei miei sforzi di advocacy.<\/p>\n<p>\u00c8 stata anche un'esperienza straordinaria incontrare altri adolescenti colpiti dalla malattia. Spero di partecipare l'anno prossimo!<\/p>\n<p style=\"text-align: center;\">---<\/p>\n<p style=\"text-align: left;\">Continua il tuo grande lavoro Julia! Siamo cos\u00ec orgogliosi di te!<\/p>","protected":false},"excerpt":{"rendered":"<p>Emily&#8217;s sister, Julia, traveled to Washington D.C. to take part in the Cystic Fibrosis Foundation&#8217;s Teen Advocacy Day on Thursday, June 28. We asked her questions about her experience lobbying in DC. Check out Julia&#8217;s responses. &#8212;&#8212;&#8212; What is the CFF Teen Advocacy Program? The CFF Teen Advocacy Program is a chance for teens with&#8230; <\/p>\n<div class=\"clear\"><\/div>\n<p><a href=\"https:\/\/www.emilysentourage.org\/it\/ee-goes-to-cff-teen-advocacy-day-in-washington-d-c\/\" class=\"excerpt-read-more\">Per saperne di pi\u00f9<\/a><\/p>","protected":false},"author":58,"featured_media":0,"comment_status":"open","ping_status":"open","sticky":false,"template":"","format":"standard","meta":{"_acf_changed":false,"_seopress_robots_primary_cat":"","_seopress_titles_title":"","_seopress_titles_desc":"","_seopress_robots_index":"","_monsterinsights_skip_tracking":false,"_monsterinsights_sitenote_active":false,"_monsterinsights_sitenote_note":"","_monsterinsights_sitenote_category":0,"_jetpack_memberships_contains_paid_content":false,"footnotes":""},"categories":[1,6],"tags":[],"class_list":["post-712","post","type-post","status-publish","format-standard","hentry","category-uncategorized","category-emilys-entourage-blog"],"acf":[],"jetpack_featured_media_url":"","jetpack_sharing_enabled":true,"post_mailing_queue_ids":[],"_links":{"self":[{"href":"https:\/\/www.emilysentourage.org\/it\/wp-json\/wp\/v2\/posts\/712","targetHints":{"allow":["GET"]}}],"collection":[{"href":"https:\/\/www.emilysentourage.org\/it\/wp-json\/wp\/v2\/posts"}],"about":[{"href":"https:\/\/www.emilysentourage.org\/it\/wp-json\/wp\/v2\/types\/post"}],"author":[{"embeddable":true,"href":"https:\/\/www.emilysentourage.org\/it\/wp-json\/wp\/v2\/users\/58"}],"replies":[{"embeddable":true,"href":"https:\/\/www.emilysentourage.org\/it\/wp-json\/wp\/v2\/comments?post=712"}],"version-history":[{"count":5,"href":"https:\/\/www.emilysentourage.org\/it\/wp-json\/wp\/v2\/posts\/712\/revisions"}],"predecessor-version":[{"id":20443,"href":"https:\/\/www.emilysentourage.org\/it\/wp-json\/wp\/v2\/posts\/712\/revisions\/20443"}],"wp:attachment":[{"href":"https:\/\/www.emilysentourage.org\/it\/wp-json\/wp\/v2\/media?parent=712"}],"wp:term":[{"taxonomy":"category","embeddable":true,"href":"https:\/\/www.emilysentourage.org\/it\/wp-json\/wp\/v2\/categories?post=712"},{"taxonomy":"post_tag","embeddable":true,"href":"https:\/\/www.emilysentourage.org\/it\/wp-json\/wp\/v2\/tags?post=712"}],"curies":[{"name":"wp","href":"https:\/\/api.w.org\/{rel}","templated":true}]}}