{"id":26206,"date":"2026-05-28T09:00:01","date_gmt":"2026-05-28T13:00:01","guid":{"rendered":"https:\/\/www.emilysentourage.org\/?p=26206"},"modified":"2026-05-28T11:48:30","modified_gmt":"2026-05-28T15:48:30","slug":"my-nephew-has-cf-in-iraq-heres-what-people-dont-see","status":"publish","type":"post","link":"https:\/\/www.emilysentourage.org\/it\/my-nephew-has-cf-in-iraq-heres-what-people-dont-see\/","title":{"rendered":"Mio nipote ha la fibrosi cistica in Iraq. Ecco cosa la gente non vede."},"content":{"rendered":"<p style=\"text-align: center;\"><i><span style=\"font-weight: 400;\">Durante il Mese della Consapevolezza sulla Fibrosi Cistica, Emily\u2019s Entourage invita i membri della comunit\u00e0 affetta da fibrosi cistica (FC) a condividere le proprie storie. <\/span><\/i><i><span style=\"font-weight: 400;\">Il post del blog di oggi vede protagonista Zahraa Ammar, farmacista ospedaliera e zia di un nipote affetto da fibrosi cistica in Iraq, che condivide le realt\u00e0 di sostenere un bambino affetto da fibrosi cistica in un contesto in cui la diagnostica essenziale, i trattamenti e le cure specialistiche sono spesso irraggiungibili.<\/span><\/i><\/p>\n<p><span style=\"font-weight: 400;\">La sofferenza degli iracheni affetti da fibrosi cistica \u00e8 una storia di mille batticuori e delusioni; una storia di bambini la cui salute sta peggiorando un po' alla volta. Sono bambini che chiedono perch\u00e9 ci\u00f2 che \u00e8 gratuito e disponibile per chiunque altro sia, per loro, un viaggio di agonia e sfide solo per respirare.<\/span><\/p>\n<p><span style=\"font-weight: 400;\">Ci\u00f2 che il mondo non vede \u00e8 che una diagnosi di FC in Iraq non \u00e8 una conclusione medica, ma un trauma secondario dopo un labirinto di ignoranza clinica.\u00a0<\/span><\/p>\n<p><span style=\"font-weight: 400;\"><img fetchpriority=\"high\" decoding=\"async\" class=\"alignright wp-image-26208\" src=\"https:\/\/www.emilysentourage.org\/wp-content\/uploads\/IMG_20260516_221458-300x169.webp\" alt=\"\" width=\"650\" height=\"365\" srcset=\"https:\/\/www.emilysentourage.org\/wp-content\/uploads\/IMG_20260516_221458-300x169.webp 300w, https:\/\/www.emilysentourage.org\/wp-content\/uploads\/IMG_20260516_221458-1024x576.webp 1024w, https:\/\/www.emilysentourage.org\/wp-content\/uploads\/IMG_20260516_221458-768x432.webp 768w, https:\/\/www.emilysentourage.org\/wp-content\/uploads\/IMG_20260516_221458-1536x864.webp 1536w, https:\/\/www.emilysentourage.org\/wp-content\/uploads\/IMG_20260516_221458-18x10.jpg 18w, https:\/\/www.emilysentourage.org\/wp-content\/uploads\/IMG_20260516_221458-600x337.jpg 600w, https:\/\/www.emilysentourage.org\/wp-content\/uploads\/IMG_20260516_221458.webp 1599w\" sizes=\"(max-width: 650px) 100vw, 650px\" \/>La mia storia \u00e8 iniziata con mio nipote quando aveva solo pochi mesi e abbiamo notato le sue feci oleose. Per due anni e otto mesi abbiamo vagato nel buio, passando da un medico all'altro tra diagnosi errate: gli erano state diagnosticate infezioni di stomaco, allergia al grano, allergia al latte e carenza di probiotici. Con ogni diagnosi arrivava una nuova serie di farmaci. Era letteralmente una cavia, finch\u00e9 finalmente, a due anni e otto mesi, un medico ha prescritto il test del sudore.\u00a0<\/span><\/p>\n<p><span style=\"font-weight: 400;\">Il test non era disponibile nella nostra provincia, quindi abbiamo dovuto viaggiare in un'altra solo per fargli fare il test. Quando i risultati sono arrivati, gli \u00e8 stata diagnosticata la fibrosi cistica con insufficienza pancreatica e steatosi epatica.\u00a0<\/span><\/p>\n<p><span style=\"font-weight: 400;\">Questa diagnosi ha cambiato completamente il corso della sua vita, e della nostra. Come se non bastasse, il colpo pi\u00f9 grande \u00e8 arrivato quando ci siamo resi conto della totale e completa indisponibilit\u00e0 di trattamenti. <\/span><\/p>\n<blockquote><p><span style=\"font-weight: 400;\">Immagina che gli enzimi, che sono necessari per <\/span><span style=\"font-weight: 400;\">aiutare mio nipote a digerire il cibo a causa della sua insufficienza pancreatica<\/span><span style=\"font-weight: 400;\">, non erano disponibili! <\/span><\/p><\/blockquote>\n<p><span style=\"font-weight: 400;\">Senza di essi, viveva in un dolore costante e non riusciva a digerire i nutrienti per crescere e svilupparsi come fanno i bambini. Abbiamo dovuto aspettare mesi per far entrare illegalmente gli enzimi da un altro paese, e anche allora, non sapevamo se fossero stati conservati correttamente e se avrebbero funzionato.<\/span><\/p>\n<p><span style=\"font-weight: 400;\">Con il passare degli anni, mio nipote non cresceva da solo; la sua fibrosi cistica cresceva con lui. Mentre affrontava ricorrenti episodi di malessere causati dalla fibrosi cistica, io e mia sorella ci sentivamo impotenti perch\u00e9 non riuscivamo a procurargli i farmaci adatti. Immaginate una madre che guarda il proprio figlio mentre la fissa con i suoi occhi innocenti, come se stesse chiedendo aiuto, e lei non pu\u00f2 fare altro che aspettare che il dolore finisca. \u00c8 straziante quanto possiate immaginarlo. Ti fa sentire in colpa perch\u00e9 tu sei in buona salute.<\/span><\/p>\n<p><span style=\"font-weight: 400;\">\u200b<img decoding=\"async\" class=\"alignleft wp-image-26209\" src=\"https:\/\/www.emilysentourage.org\/wp-content\/uploads\/IMG-20260501-WA0000-576x1024.jpg\" alt=\"\" width=\"441\" height=\"785\" srcset=\"https:\/\/www.emilysentourage.org\/wp-content\/uploads\/IMG-20260501-WA0000-576x1024.jpg 576w, https:\/\/www.emilysentourage.org\/wp-content\/uploads\/IMG-20260501-WA0000-169x300.jpg 169w, https:\/\/www.emilysentourage.org\/wp-content\/uploads\/IMG-20260501-WA0000-768x1366.jpg 768w, https:\/\/www.emilysentourage.org\/wp-content\/uploads\/IMG-20260501-WA0000-864x1536.jpg 864w, https:\/\/www.emilysentourage.org\/wp-content\/uploads\/IMG-20260501-WA0000-7x12.jpg 7w, https:\/\/www.emilysentourage.org\/wp-content\/uploads\/IMG-20260501-WA0000-600x1067.jpg 600w, https:\/\/www.emilysentourage.org\/wp-content\/uploads\/IMG-20260501-WA0000.jpg 899w\" sizes=\"(max-width: 441px) 100vw, 441px\" \/>Quando abbiamo inviato i test genetici per determinare le mutazioni specifiche che causano la fibrosi cistica di mio nipote, non c'era nessun laboratorio in tutto l'Iraq in grado di eseguire questo servizio. Siamo stati costretti a inviare il campione in India, con costi finanziari esorbitanti, poich\u00e9 non abbiamo un sistema di assicurazione sanitaria in Iraq. Dopo che i risultati sono stati finalmente disponibili, abbiamo scoperto che \u00e8 portatore di due mutazioni rare che non sono geneticamente idonee per gli attuali modulatori di CFTR.<\/span><\/p>\n<p><span style=\"font-weight: 400;\">All'et\u00e0 di cinque anni iniziarono i suoi problemi respiratori: bronchiectasie, ovvero vie aeree danneggiate, si svilupparono nei lobo superiori dei polmoni. Faceva fatica a ricevere aria sufficiente e aveva bisogno di trattamenti respiratori tre volte al giorno solo per respirare. I trattamenti pi\u00f9 semplici, che avrebbero potenzialmente potuto risparmiargli questa progressione, non erano disponibili qui.\u00a0\u00a0<\/span><\/p>\n<blockquote><p><span style=\"font-weight: 400;\">Letteralmente, un bambino che combatte una battaglia che non ha scelto; ha scelto lui.\u00a0<\/span><\/p><\/blockquote>\n<p><span style=\"font-weight: 400;\">Mentre iniziava l'asilo, il \u201cpiccolo soldato\u201d, come lo chiamavamo, portava con s\u00e9 la sua scatola dei medicinali anzich\u00e9 una scatola di pastelli. Doveva sopportare la responsabilit\u00e0 di ricordarsi di prendere i medicinali prima di mangiare invece di pensare a giocare. La sua infanzia gli veniva rubata da una malattia che lo soffocava, derubandolo della sua stessa capacit\u00e0 di respirare.<\/span><\/p>\n<blockquote><p><span style=\"font-weight: 400;\">Ora ci troviamo di fronte a un nuovo capitolo mentre lui raggiunge l'et\u00e0 scolare: accettare l'isolamento e la didattica a distanza che distruggeranno la sua salute mentale, o permettergli di frequentare le scuole irachene sovraffollate dove il rischio di contagio \u00e8 una minaccia costante per la sua vita.\u00a0<\/span><\/p><\/blockquote>\n<p><span style=\"font-weight: 400;\">Mentre gli altri bambini si radunano per giocare, lui pu\u00f2 solo guardare dalla finestra della sua casa.<\/span><\/p>\n<p><span style=\"font-weight: 400;\">Non sto parlando solo della sofferenza di mio nipote, ma della sofferenza di molte famiglie irachene che portano lo stesso peso di questa malattia. Sono molti coloro che hanno perso i propri figli a causa del deterioramento della situazione sanitaria in Iraq. Ci sono bambini con mutazioni che possono essere trattate con gli attuali modulatori, ma per le famiglie ottenerli \u00e8 un sogno lontano. <\/span><\/p>\n<blockquote><p>&nbsp;<\/p>\n<p><span style=\"font-weight: 400;\">Immagina di guardare tuo figlio deteriorarsi e morire proprio davanti ai tuoi occhi perch\u00e9 le terapie che potrebbero salvarlo semplicemente non esistono nella tua zona geografica.\u00a0<\/span><\/p><\/blockquote>\n<p><span style=\"font-weight: 400;\">Riesci a immaginarne l'agonia?<\/span><\/p>\n<p><span style=\"font-weight: 400;\">I genitori e i figli qui non stanno solo combattendo il sistema sanitario in Iraq per chi \u00e8 affetto da fibrosi cistica; stanno combattendo la corruzione del sistema sanitario per chiunque abbia gravi condizioni mediche che dipendono da trattamenti specialistici e dispositivi per rimanere in vita. Per chi ha la fibrosi cistica, questo include enzimi pancreatici, Pulmozyme, soluzione salina ipertonica, modulatori di CFTR e giubbotti per la clearance delle vie aeree. Anche gli antibiotici per aerosol, necessari per somministrare farmaci per combattere infezioni polmonari pericolose per la vita, hanno prezzi esorbitanti che superano di gran lunga la capacit\u00e0 di pagamento di un individuo o di una famiglia!\u00a0<\/span><\/p>\n<p><span style=\"font-weight: 400;\">Abbiamo supplicato il governo di fornire un centro specializzato, medici competenti ed esperti e la fornitura di trattamenti standard di cura, ma le nostre richieste sono state respinte, ripetutamente.\u00a0<\/span><\/p>\n<blockquote><p><span style=\"font-weight: 400;\">Mio nipote \u00e8 un eroe, ma non dovrebbe esserlo.\u00a0<\/span><\/p><\/blockquote>\n<p><span style=\"font-weight: 400;\">Dietro il silenzio e l'inattivit\u00e0 del nostro governo, ci sono vite reali che soffrono e muoiono. <\/span><b>Siamo qui, stiamo soffocando e rifiutiamo di essere dimenticati<\/b><span style=\"font-weight: 400;\">.<\/span><\/p>\n<p>&nbsp;<\/p>\n<h3><span style=\"font-weight: 400;\">Informazioni sull'autore:<\/span><\/h3>\n<h3><span style=\"font-weight: 400;\"><img decoding=\"async\" class=\"alignleft wp-image-26215 size-thumbnail\" src=\"https:\/\/www.emilysentourage.org\/wp-content\/uploads\/WordPress-Featured-Image-16-150x150.png\" alt=\"\" width=\"150\" height=\"150\" \/><\/span><\/h3>\n<p><span style=\"font-weight: 400;\">Zahraa Ammar \u00e8 una farmacista ospedaliera di Nasiriyah, in Iraq, che usa la sua competenza medica e la sua voce per sostenere la comunit\u00e0 affetta da fibrosi cistica. Il suo attivismo \u00e8 profondamente personale, ispirato dalla profonda resilienza dei veri eroi della sua vita: il suo giovane nipote, Muhammad, e sua sorella, la madre di Muhammad.<\/span><\/p>\n<p><span style=\"font-weight: 400;\">Spinta dalla missione di trasformare l'agonia in speranza, Zahraa aspira a portare le voci e le lotte inedite delle famiglie affette da fibrosi cistica in Iraq sulla scena globale. \u00c8 dedita a lottare per il cambiamento strutturale, a colmare le lacune sanitarie e a riscrivere la realt\u00e0 per ogni individuo che combatte questa malattia nel suo paese, credendo fermamente che il diritto di ogni bambino a respirare non debba essere limitato dalla propria geografia.<\/span><\/p>","protected":false},"excerpt":{"rendered":"<p>During CF Awareness Month, Emily\u2019s Entourage invites members of the cystic fibrosis (CF) community to share their stories. Today\u2019s blog post features Zahraa Ammar, a hospital pharmacist and aunt to a nephew with CF in Iraq, who shares the realities of supporting a child with cystic fibrosis in a setting where essential diagnostics, treatments, and&#8230; <\/p>\n<div class=\"clear\"><\/div>\n<p><a href=\"https:\/\/www.emilysentourage.org\/it\/my-nephew-has-cf-in-iraq-heres-what-people-dont-see\/\" class=\"excerpt-read-more\">Per saperne di pi\u00f9<\/a><\/p>","protected":false},"author":1719,"featured_media":26220,"comment_status":"open","ping_status":"closed","sticky":false,"template":"","format":"standard","meta":{"_acf_changed":false,"_seopress_titles_title":"","_seopress_titles_desc":"","_seopress_robots_index":"","_seopress_robots_follow":"","_seopress_robots_imageindex":"","_seopress_robots_snippet":"","_seopress_robots_primary_cat":"","_seopress_robots_breadcrumbs":"","_seopress_robots_freeze_modified_date":"","_seopress_robots_custom_modified_date":"","_seopress_robots_canonical":"","_seopress_social_fb_title":"","_seopress_social_fb_desc":"","_seopress_social_fb_img":"","_seopress_social_fb_img_attachment_id":0,"_seopress_social_fb_img_width":0,"_seopress_social_fb_img_height":0,"_seopress_social_twitter_title":"","_seopress_social_twitter_desc":"","_seopress_social_twitter_img":"","_seopress_social_twitter_img_attachment_id":0,"_seopress_social_twitter_img_width":0,"_seopress_social_twitter_img_height":0,"_seopress_redirections_value":"","_seopress_redirections_enabled":"","_seopress_redirections_enabled_regex":"","_seopress_redirections_logged_status":"","_seopress_redirections_param":"","_seopress_redirections_type":0,"_seopress_analysis_target_kw":"","_seopress_news_disabled":"","_seopress_video_disabled":"","_seopress_video":[],"_seopress_pro_schemas_manual":[],"_seopress_pro_rich_snippets_disable_all":"","_seopress_pro_rich_snippets_disable":[],"_seopress_pro_schemas":[],"_monsterinsights_skip_tracking":false,"_jetpack_newsletter_access":"","_jetpack_dont_email_post_to_subs":false,"_jetpack_newsletter_tier_id":0,"_jetpack_memberships_contains_paywalled_content":false,"_jetpack_feature_clip_id":0,"_jetpack_memberships_contains_paid_content":false,"footnotes":"","jetpack_post_was_ever_published":false},"categories":[1],"tags":[52,209,7,212,213,137],"class_list":["post-26206","post","type-post","status-publish","format-standard","has-post-thumbnail","hentry","category-uncategorized","tag-cf-awareness","tag-cfa","tag-cystic-fibrosis","tag-cystic-fibrosis-advocacy","tag-cystic-fibrosis-awareness","tag-cystic-fibrosis-awareness-month"],"acf":[],"jetpack_sharing_enabled":true,"jetpack_featured_media_url":"https:\/\/www.emilysentourage.org\/wp-content\/uploads\/WordPress-Featured-Image-17.webp","post_mailing_queue_ids":[],"_links":{"self":[{"href":"https:\/\/www.emilysentourage.org\/it\/wp-json\/wp\/v2\/posts\/26206","targetHints":{"allow":["GET"]}}],"collection":[{"href":"https:\/\/www.emilysentourage.org\/it\/wp-json\/wp\/v2\/posts"}],"about":[{"href":"https:\/\/www.emilysentourage.org\/it\/wp-json\/wp\/v2\/types\/post"}],"author":[{"embeddable":true,"href":"https:\/\/www.emilysentourage.org\/it\/wp-json\/wp\/v2\/users\/1719"}],"replies":[{"embeddable":true,"href":"https:\/\/www.emilysentourage.org\/it\/wp-json\/wp\/v2\/comments?post=26206"}],"version-history":[{"count":5,"href":"https:\/\/www.emilysentourage.org\/it\/wp-json\/wp\/v2\/posts\/26206\/revisions"}],"predecessor-version":[{"id":26219,"href":"https:\/\/www.emilysentourage.org\/it\/wp-json\/wp\/v2\/posts\/26206\/revisions\/26219"}],"wp:featuredmedia":[{"embeddable":true,"href":"https:\/\/www.emilysentourage.org\/it\/wp-json\/wp\/v2\/media\/26220"}],"wp:attachment":[{"href":"https:\/\/www.emilysentourage.org\/it\/wp-json\/wp\/v2\/media?parent=26206"}],"wp:term":[{"taxonomy":"category","embeddable":true,"href":"https:\/\/www.emilysentourage.org\/it\/wp-json\/wp\/v2\/categories?post=26206"},{"taxonomy":"post_tag","embeddable":true,"href":"https:\/\/www.emilysentourage.org\/it\/wp-json\/wp\/v2\/tags?post=26206"}],"curies":[{"name":"wp","href":"https:\/\/api.w.org\/{rel}","templated":true}]}}