{"id":12348,"date":"2019-02-28T08:39:32","date_gmt":"2019-02-28T13:39:32","guid":{"rendered":"https:\/\/www.emilysentourage.org\/?p=12348"},"modified":"2019-02-28T08:39:32","modified_gmt":"2019-02-28T13:39:32","slug":"ee-dares-to-be-rare-rare-disease-day-2019","status":"publish","type":"post","link":"https:\/\/www.emilysentourage.org\/it\/ee-dares-to-be-rare-rare-disease-day-2019\/","title":{"rendered":"EE osa essere rara: Giornata delle malattie rare 2019"},"content":{"rendered":"<p><span style=\"font-weight: 400;\">Il 28 febbraio si celebra la 12a Giornata annuale delle malattie rare, una campagna mondiale di sensibilizzazione sulle malattie rare. Questa campagna, pur essendo rivolta principalmente al grande pubblico, cerca anche di coltivare la discussione sulle malattie rare con i responsabili politici, i rappresentanti dell'industria, i ricercatori e gli operatori sanitari.<\/span><\/p>\n<p><img fetchpriority=\"high\" decoding=\"async\" class=\"size-full wp-image-12353 aligncenter\" src=\"https:\/\/www.emilysentourage.org\/wp-content\/uploads\/RareDiseaseDay.jpg\" alt=\"\" width=\"900\" height=\"333\" srcset=\"https:\/\/www.emilysentourage.org\/wp-content\/uploads\/RareDiseaseDay.jpg 900w, https:\/\/www.emilysentourage.org\/wp-content\/uploads\/RareDiseaseDay-300x111.jpg 300w, https:\/\/www.emilysentourage.org\/wp-content\/uploads\/RareDiseaseDay-768x284.jpg 768w, https:\/\/www.emilysentourage.org\/wp-content\/uploads\/RareDiseaseDay-600x222.jpg 600w\" sizes=\"(max-width: 900px) 100vw, 900px\" \/><\/p>\n<p><span style=\"font-weight: 400;\">L'obiettivo ultimo di Emily's Entourage (EE) \u00e8 accelerare la ricerca e lo sviluppo di farmaci per le persone affette da mutazioni nonsense della fibrosi cistica (FC). Le persone con mutazioni nonsense sono \"rare\" in tutto e per tutto, rappresentano un gruppo raro di mutazioni di una malattia rara e una parte sfortunata dei \"rari\" 10% della comunit\u00e0 FC per i quali non esistono terapie approvate o in fase di sperimentazione clinica avanzata.<\/span><\/p>\n<p><img decoding=\"async\" class=\"wp-image-12355 size-full aligncenter\" src=\"https:\/\/www.emilysentourage.org\/wp-content\/uploads\/EmilyCF_2.jpg\" alt=\"\" width=\"900\" height=\"563\" srcset=\"https:\/\/www.emilysentourage.org\/wp-content\/uploads\/EmilyCF_2.jpg 900w, https:\/\/www.emilysentourage.org\/wp-content\/uploads\/EmilyCF_2-300x188.jpg 300w, https:\/\/www.emilysentourage.org\/wp-content\/uploads\/EmilyCF_2-768x480.jpg 768w, https:\/\/www.emilysentourage.org\/wp-content\/uploads\/EmilyCF_2-600x375.jpg 600w\" sizes=\"(max-width: 900px) 100vw, 900px\" \/><\/p>\n<p><span style=\"font-weight: 400;\">Una malattia \u00e8 considerata rara quando colpisce meno di 200.000 persone in tutto il mondo, e la FC attualmente affligge circa 70.000 persone in tutto il mondo, il che la rende una malattia rara pi\u00f9 \"comune\". EE tiene a cuore il suo distintivo per le malattie rare, unendosi alla comunit\u00e0 delle malattie rare e ritenendo che giornate come quella di oggi siano fondamentali per diffondere l'urgenza e l'energia per accelerare la ricerca su tutte le malattie rare in onore di coloro che ne sono affetti. Sebbene le singole malattie possano essere definite \"rare\", esistono oltre 7.000 malattie rare che colpiscono collettivamente 350.000.000 di persone in tutto il mondo, ovvero circa 1 americano su 10. Nonostante la prevalenza delle malattie rare, esistono trattamenti approvati dall'FDA per meno del 10% delle malattie rare, secondo l'Associazione per le Malattie Rare. <a href=\"https:\/\/rarediseases.org\/\" target=\"_blank\" rel=\"noopener noreferrer\">Organizzazione nazionale per i disturbi rari (NORD)<\/a>.\u00a0<\/span><\/p>\n<p><img decoding=\"async\" class=\"size-full wp-image-12356 aligncenter\" src=\"https:\/\/www.emilysentourage.org\/wp-content\/uploads\/Emily_RareDiseaseWeek_2018.jpg\" alt=\"\" width=\"900\" height=\"563\" srcset=\"https:\/\/www.emilysentourage.org\/wp-content\/uploads\/Emily_RareDiseaseWeek_2018.jpg 900w, https:\/\/www.emilysentourage.org\/wp-content\/uploads\/Emily_RareDiseaseWeek_2018-300x188.jpg 300w, https:\/\/www.emilysentourage.org\/wp-content\/uploads\/Emily_RareDiseaseWeek_2018-768x480.jpg 768w, https:\/\/www.emilysentourage.org\/wp-content\/uploads\/Emily_RareDiseaseWeek_2018-600x375.jpg 600w\" sizes=\"(max-width: 900px) 100vw, 900px\" \/><\/p>\n<p><span style=\"font-weight: 400;\">L'anno scorso, durante la Settimana delle malattie rare 2018, EE \u00e8 stata premiata come \"partner di fondazione\" al simposio inaugurale di Icagen nel deserto delle malattie rare a Tucson, in Arizona, un evento di due giorni che ha riunito scienziati e rappresentanti di aziende farmaceutiche e biotecnologiche per far progredire la ricerca e lo sviluppo di farmaci per le malattie rare. Il secondo giorno, Emily ha dato il via alla conferenza con un messaggio convincente su come la collaborazione tra pi\u00f9 soggetti possa accelerare il progresso scientifico, soprattutto attraverso le fondazioni di ricerca guidate dai pazienti. Emily si \u00e8 poi recata a sud, dove ha parlato al <a href=\"https:\/\/www.uab.edu\/medicine\/genetics\/images\/Rare_Disease_Symposium_2018_2_page1_web.pdf\" target=\"_blank\" rel=\"noopener noreferrer\">5\u00b0 Simposio annuale di genomica delle malattie rare<\/a> dell'Universit\u00e0 dell'Alabama a Birmingham sul ruolo critico che i pazienti e le famiglie possono svolgere nell'introduzione di nuovi modelli biomedici del futuro.<\/span><\/p>\n<p><img loading=\"lazy\" decoding=\"async\" class=\"size-full wp-image-12358 aligncenter\" src=\"https:\/\/www.emilysentourage.org\/wp-content\/uploads\/Emily_RareDiseaseDY_V3.jpg\" alt=\"\" width=\"900\" height=\"563\" srcset=\"https:\/\/www.emilysentourage.org\/wp-content\/uploads\/Emily_RareDiseaseDY_V3.jpg 900w, https:\/\/www.emilysentourage.org\/wp-content\/uploads\/Emily_RareDiseaseDY_V3-300x188.jpg 300w, https:\/\/www.emilysentourage.org\/wp-content\/uploads\/Emily_RareDiseaseDY_V3-768x480.jpg 768w, https:\/\/www.emilysentourage.org\/wp-content\/uploads\/Emily_RareDiseaseDY_V3-600x375.jpg 600w\" sizes=\"(max-width: 900px) 100vw, 900px\" \/><\/p>\n<p><span style=\"font-weight: 400;\">Quest'anno, Emily dar\u00e0 il via alla giornata a <a href=\"https:\/\/prahs.com\/\" target=\"_blank\" rel=\"noopener noreferrer\">PRA Scienze della salute<\/a>' della Giornata delle Malattie Rare, dove far\u00e0 luce sulle malattie rare. <\/span><span style=\"font-weight: 400;\">il potere che i difensori dei pazienti e le organizzazioni hanno nel processo di sviluppo clinico e perch\u00e9 la consapevolezza \u00e8 cos\u00ec importante in questo settore<\/span><span style=\"font-weight: 400;\">. Grazie al PRA per aver fornito una piattaforma per diffondere la consapevolezza di come la comunit\u00e0 EE ci avvicini continuamente a un futuro pi\u00f9 luminoso e pi\u00f9 sano per 100% della popolazione FC, anche per i pi\u00f9 rari tra i rari. <\/span><\/p>\n<p><span style=\"font-weight: 400;\">Noi di Emily's Entourage crediamo fermamente che nessuna malattia o mutazione sia troppo rara per essere importante. In occasione della Giornata delle Malattie Rare, osate essere rari, immergetevi nella vostra unicit\u00e0 e unitevi a EE per dimostrare il vostro impegno a favore delle malattie rare, ricordando a questa piccola ma agguerrita comunit\u00e0 che, sebbene possano essere rare, sono forti, sono potenti e, soprattutto, non saranno lasciate indietro. <\/span><\/p>","protected":false},"excerpt":{"rendered":"<p>This February 28 marks the 12th Annual Rare Disease Day, a worldwide campaign to bring about critical awareness for rare diseases. This campaign, while primarily targeted to the general public, also seeks to cultivate discussion surrounding rare disease with policymakers, industry representatives, researchers, and health professionals. At Emily\u2019s Entourage (EE), our ultimate goal is to&#8230; <\/p>\n<div class=\"clear\"><\/div>\n<p><a href=\"https:\/\/www.emilysentourage.org\/it\/ee-dares-to-be-rare-rare-disease-day-2019\/\" class=\"excerpt-read-more\">Per saperne di pi\u00f9<\/a><\/p>","protected":false},"author":1704,"featured_media":12355,"comment_status":"open","ping_status":"closed","sticky":false,"template":"","format":"standard","meta":{"_acf_changed":false,"_seopress_robots_primary_cat":"none","_seopress_titles_title":"","_seopress_titles_desc":"","_seopress_robots_index":"","_monsterinsights_skip_tracking":false,"_monsterinsights_sitenote_active":false,"_monsterinsights_sitenote_note":"","_monsterinsights_sitenote_category":0,"_jetpack_memberships_contains_paid_content":false,"footnotes":""},"categories":[1],"tags":[],"class_list":["post-12348","post","type-post","status-publish","format-standard","has-post-thumbnail","hentry","category-uncategorized"],"acf":[],"jetpack_featured_media_url":"https:\/\/www.emilysentourage.org\/wp-content\/uploads\/EmilyCF_2.jpg","jetpack_sharing_enabled":true,"post_mailing_queue_ids":[],"_links":{"self":[{"href":"https:\/\/www.emilysentourage.org\/it\/wp-json\/wp\/v2\/posts\/12348","targetHints":{"allow":["GET"]}}],"collection":[{"href":"https:\/\/www.emilysentourage.org\/it\/wp-json\/wp\/v2\/posts"}],"about":[{"href":"https:\/\/www.emilysentourage.org\/it\/wp-json\/wp\/v2\/types\/post"}],"author":[{"embeddable":true,"href":"https:\/\/www.emilysentourage.org\/it\/wp-json\/wp\/v2\/users\/1704"}],"replies":[{"embeddable":true,"href":"https:\/\/www.emilysentourage.org\/it\/wp-json\/wp\/v2\/comments?post=12348"}],"version-history":[{"count":3,"href":"https:\/\/www.emilysentourage.org\/it\/wp-json\/wp\/v2\/posts\/12348\/revisions"}],"predecessor-version":[{"id":12360,"href":"https:\/\/www.emilysentourage.org\/it\/wp-json\/wp\/v2\/posts\/12348\/revisions\/12360"}],"wp:featuredmedia":[{"embeddable":true,"href":"https:\/\/www.emilysentourage.org\/it\/wp-json\/wp\/v2\/media\/12355"}],"wp:attachment":[{"href":"https:\/\/www.emilysentourage.org\/it\/wp-json\/wp\/v2\/media?parent=12348"}],"wp:term":[{"taxonomy":"category","embeddable":true,"href":"https:\/\/www.emilysentourage.org\/it\/wp-json\/wp\/v2\/categories?post=12348"},{"taxonomy":"post_tag","embeddable":true,"href":"https:\/\/www.emilysentourage.org\/it\/wp-json\/wp\/v2\/tags?post=12348"}],"curies":[{"name":"wp","href":"https:\/\/api.w.org\/{rel}","templated":true}]}}