{"id":712,"date":"2012-06-29T06:54:59","date_gmt":"2012-06-29T13:54:59","guid":{"rendered":"http:\/\/lw.screammedia.net\/?p=712"},"modified":"2023-12-20T04:35:50","modified_gmt":"2023-12-20T09:35:50","slug":"ee-goes-to-cff-teen-advocacy-day-in-washington-d-c","status":"publish","type":"post","link":"https:\/\/www.emilysentourage.org\/fr_ca\/ee-goes-to-cff-teen-advocacy-day-in-washington-d-c\/","title":{"rendered":"EE participe \u00e0 la journ\u00e9e de plaidoyer des adolescents de la FCE \u00e0 Washington D.C. !"},"content":{"rendered":"<p>Julia, la s\u0153ur d'Emily, s'est rendue \u00e0 Washington D.C. pour participer au Teen Advocacy Day de la Cystic Fibrosis Foundation le jeudi 28 juin. Nous lui avons pos\u00e9 des questions sur son exp\u00e9rience du lobbying \u00e0 Washington. D\u00e9couvrez les r\u00e9ponses de Julia.<\/p>\n<p style=\"text-align: center;\">---<\/p>\n<p><img fetchpriority=\"high\" decoding=\"async\" class=\"alignright size-medium wp-image-736\" title=\"Julia \u00e0 la journ\u00e9e de plaidoyer des adolescents de la FCE \u00e0 Washington\" src=\"https:\/\/www.emilysentourage.org\/wp-content\/uploads\/2012\/06\/607923516-201x300.jpg\" alt=\"\" width=\"201\" height=\"300\" srcset=\"https:\/\/www.emilysentourage.org\/wp-content\/uploads\/2012\/06\/607923516-201x300.jpg 201w, https:\/\/www.emilysentourage.org\/wp-content\/uploads\/2012\/06\/607923516.jpg 600w\" sizes=\"(max-width: 201px) 100vw, 201px\" \/><\/p>\n<p><strong>Qu'est-ce que le programme de d\u00e9fense des int\u00e9r\u00eats des adolescents de la FCE ?<\/strong><br \/>\nLe programme de d\u00e9fense des int\u00e9r\u00eats des adolescents de la FCE est une occasion pour les adolescents dont les fr\u00e8res et s\u0153urs, les parents, les amis ou d'autres proches sont touch\u00e9s par la FK de plaider en faveur du soutien de la recherche sur la FK au sein du Congr\u00e8s.<\/p>\n<p><strong>Pourquoi la sensibilisation est-elle importante pour la mucoviscidose ?<\/strong><br \/>\nLa mucoviscidose est une maladie rare et orpheline, ce qui signifie qu'elle ne touche qu'un faible pourcentage de personnes. Par cons\u00e9quent, les entreprises pharmaceutiques sont moins enclines \u00e0 financer la recherche sur la mucoviscidose. Cela signifie que la plupart des fonds destin\u00e9s \u00e0 financer la recherche proviennent soit de la collecte de fonds au niveau local par des personnes qui, comme nous, ont un lien avec une personne atteinte de FK, soit du gouvernement.<\/p>\n<p><strong>Comment et pourquoi vous \u00eates-vous impliqu\u00e9 ?\u00a0<\/strong><br \/>\nEn tant que fr\u00e8re ou s\u0153ur d'une personne atteinte de FK, j'estime qu'il est de ma responsabilit\u00e9 de faire tout ce qui est en mon pouvoir pour que la vie de ma s\u0153ur soit aussi longue et satisfaisante que possible. Lorsque j'ai entendu parler du Programme de d\u00e9fense des int\u00e9r\u00eats des adolescents de la FCE, j'ai pens\u00e9 qu'il s'agissait d'une fa\u00e7on ph\u00e9nom\u00e9nale de prendre la parole et d'accro\u00eetre les connaissances des autres sur cette maladie d\u00e9vastatrice et, je l'esp\u00e8re, d'augmenter le soutien \u00e0 la recherche sur la fibrose kystique au sein du Congr\u00e8s.<\/p>\n<p><strong>Quels \u00e9taient vos objectifs en mati\u00e8re de lobbying aupr\u00e8s du Congr\u00e8s ?<\/strong><br \/>\nCette ann\u00e9e, la journ\u00e9e de d\u00e9fense des int\u00e9r\u00eats des adolescents organis\u00e9e par la FCE avait trois objectifs principaux.<\/p>\n<p>1) Remercier le Congr\u00e8s d'avoir vot\u00e9 l'adoption de la <a href=\"https:\/\/www.cff.org\/sites\/default\/files\/2021-11\/National-Corporate-Team-Toolkit.pdf\" target=\"_blank\" rel=\"noopener\">Projet de loi sur l'\u00e9largissement et la promotion de l'expertise (EXPERRT)<\/a>, qui permet \u00e0 la Food and Drug Administration (FDA) d'examiner plus facilement les nouveaux m\u00e9dicaments pour les maladies rares (telles que la fibrose kystique) en s'adressant \u00e0 des experts ext\u00e9rieurs \u00e0 la FDA.<\/p>\n<p>2) Encourager le Congr\u00e8s \u00e0 sauvegarder les parties de la loi sur la r\u00e9forme des soins de sant\u00e9 qui permettent l'acc\u00e8s aux soins sp\u00e9cialis\u00e9s et co\u00fbteux en mati\u00e8re de fibrose kystique, que la loi soit maintenue dans son int\u00e9gralit\u00e9 ou non.<\/p>\n<p>3) Encourager le Congr\u00e8s \u00e0 augmenter le financement de la <a href=\"https:\/\/www.fda.gov\/\" target=\"_blank\" rel=\"noopener\">FDA<\/a>, le <a href=\"https:\/\/www.nih.gov\/\" target=\"_blank\" rel=\"noopener\">Instituts nationaux de la sant\u00e9<\/a> et le <a href=\"https:\/\/ncats.nih.gov\/\" target=\"_blank\" rel=\"noopener\">Centre national pour l'avancement des sciences translationnelles<\/a>.<\/p>\n<p><strong>Comment vous \u00eates-vous pr\u00e9par\u00e9 \u00e0 cette exp\u00e9rience ?<\/strong><br \/>\nJ'ai lu de nombreux articles pour me pr\u00e9parer \u00e0 l'exp\u00e9rience et pour \u00e9largir mes connaissances. La plupart de ces articles se trouvent dans le site <a href=\"https:\/\/www.cff.org\/get-involved\/ways-advocate\" target=\"_blank\" rel=\"noopener\">Section Action de plaidoyer<\/a> de la <a href=\"https:\/\/www.cff.orga\" target=\"_blank\" rel=\"noopener\">Site web de la FCE<\/a>.<\/p>\n<p><strong>Qui avez-vous rencontr\u00e9 au Congr\u00e8s ?<\/strong><br \/>\nJ'ai rencontr\u00e9 le personnel des repr\u00e9sentants suivants de Pennsylvanie : <a href=\"https:\/\/kelly.house.gov\/\" target=\"_blank\" rel=\"noopener\">R\u00e9p. Mike Kelly<\/a>, <a href=\"http:\/\/altmire.house.gov\/\" target=\"_blank\" rel=\"noopener\">Repr\u00e9sentant Jason Altmire<\/a>, <a href=\"https:\/\/thompson.house.gov\/\" target=\"_blank\" rel=\"noopener\">Repr\u00e9sentant Glenn Thompson<\/a>, <a href=\"http:\/\/gerlach.house.gov\/\" target=\"_blank\" rel=\"noopener\">Repr\u00e9sentant Jim Gerlach<\/a>, <a href=\"http:\/\/meehan.house.gov\/\" target=\"_blank\" rel=\"noopener\">Rep. Patrick Meehan<\/a>, <a href=\"https:\/\/fitzpatrick.house.gov\/\" target=\"_blank\" rel=\"noopener\">Repr\u00e9sentant Michael Fitzpatrick<\/a> et <a href=\"http:\/\/shuster.house.gov\/\" target=\"_blank\" rel=\"noopener\">Repr\u00e9sentant Bill Shuster<\/a>.<\/p>\n<p><strong>Comment s'est d\u00e9roul\u00e9e votre exp\u00e9rience ?<\/strong><br \/>\nLa journ\u00e9e de d\u00e9fense des droits des adolescents a \u00e9t\u00e9 une occasion incroyable que je n'oublierai jamais. Je crois sinc\u00e8rement que j'ai fait une diff\u00e9rence en sensibilisant les gens \u00e0 la FK. En fait, le lendemain de ma rencontre avec le d\u00e9put\u00e9 Meehan, j'ai re\u00e7u un courriel m'informant qu'il acceptait de se joindre au caucus sur la fibrose kystique ! C'\u00e9tait une d\u00e9monstration concr\u00e8te de l'impact de mes efforts de sensibilisation.<\/p>\n<p>C'\u00e9tait aussi une exp\u00e9rience extraordinaire de rencontrer d'autres adolescents qui sont touch\u00e9s par la maladie. J'esp\u00e8re y participer l'ann\u00e9e prochaine !<\/p>\n<p style=\"text-align: center;\">---<\/p>\n<p style=\"text-align: left;\">Continuez \u00e0 faire du bon travail, Julia ! Nous sommes tr\u00e8s fiers de toi !<\/p>","protected":false},"excerpt":{"rendered":"<p>Emily&#8217;s sister, Julia, traveled to Washington D.C. to take part in the Cystic Fibrosis Foundation&#8217;s Teen Advocacy Day on Thursday, June 28. We asked her questions about her experience lobbying in DC. Check out Julia&#8217;s responses. &#8212;&#8212;&#8212; What is the CFF Teen Advocacy Program? The CFF Teen Advocacy Program is a chance for teens with&#8230; <\/p>\n<div class=\"clear\"><\/div>\n<p><a href=\"https:\/\/www.emilysentourage.org\/fr_ca\/ee-goes-to-cff-teen-advocacy-day-in-washington-d-c\/\" class=\"excerpt-read-more\">Lire la suite<\/a><\/p>","protected":false},"author":58,"featured_media":0,"comment_status":"open","ping_status":"open","sticky":false,"template":"","format":"standard","meta":{"_acf_changed":false,"_seopress_robots_primary_cat":"","_seopress_titles_title":"","_seopress_titles_desc":"","_seopress_robots_index":"","_monsterinsights_skip_tracking":false,"_monsterinsights_sitenote_active":false,"_monsterinsights_sitenote_note":"","_monsterinsights_sitenote_category":0,"_jetpack_memberships_contains_paid_content":false,"footnotes":""},"categories":[1,6],"tags":[],"class_list":["post-712","post","type-post","status-publish","format-standard","hentry","category-uncategorized","category-emilys-entourage-blog"],"acf":[],"jetpack_featured_media_url":"","jetpack_sharing_enabled":true,"post_mailing_queue_ids":[],"_links":{"self":[{"href":"https:\/\/www.emilysentourage.org\/fr_ca\/wp-json\/wp\/v2\/posts\/712","targetHints":{"allow":["GET"]}}],"collection":[{"href":"https:\/\/www.emilysentourage.org\/fr_ca\/wp-json\/wp\/v2\/posts"}],"about":[{"href":"https:\/\/www.emilysentourage.org\/fr_ca\/wp-json\/wp\/v2\/types\/post"}],"author":[{"embeddable":true,"href":"https:\/\/www.emilysentourage.org\/fr_ca\/wp-json\/wp\/v2\/users\/58"}],"replies":[{"embeddable":true,"href":"https:\/\/www.emilysentourage.org\/fr_ca\/wp-json\/wp\/v2\/comments?post=712"}],"version-history":[{"count":5,"href":"https:\/\/www.emilysentourage.org\/fr_ca\/wp-json\/wp\/v2\/posts\/712\/revisions"}],"predecessor-version":[{"id":20443,"href":"https:\/\/www.emilysentourage.org\/fr_ca\/wp-json\/wp\/v2\/posts\/712\/revisions\/20443"}],"wp:attachment":[{"href":"https:\/\/www.emilysentourage.org\/fr_ca\/wp-json\/wp\/v2\/media?parent=712"}],"wp:term":[{"taxonomy":"category","embeddable":true,"href":"https:\/\/www.emilysentourage.org\/fr_ca\/wp-json\/wp\/v2\/categories?post=712"},{"taxonomy":"post_tag","embeddable":true,"href":"https:\/\/www.emilysentourage.org\/fr_ca\/wp-json\/wp\/v2\/tags?post=712"}],"curies":[{"name":"wp","href":"https:\/\/api.w.org\/{rel}","templated":true}]}}