{"id":16505,"date":"2021-12-23T13:39:32","date_gmt":"2021-12-23T18:39:32","guid":{"rendered":"https:\/\/www.emilysentourage.org\/?p=16505"},"modified":"2023-12-20T05:21:55","modified_gmt":"2023-12-20T10:21:55","slug":"the-power-of-10-drive-in-gala-celebrates-historic-milestone-for-emilys-entourage","status":"publish","type":"post","link":"https:\/\/www.emilysentourage.org\/fr_ca\/the-power-of-10-drive-in-gala-celebrates-historic-milestone-for-emilys-entourage\/","title":{"rendered":"Le gala \"The Power of 10\" c\u00e9l\u00e8bre une \u00e9tape historique pour l'entourage d'Emily"},"content":{"rendered":"<p style=\"text-align: justify;\"><span style=\"font-weight: 400;\">Tout (et nous voulons dire <\/span><em><strong>tout<\/strong><\/em>) <span style=\"font-weight: 400;\">de la 10e \u00e9dition du gala annuel Evening with Emily's Entourage, qui s'est tenu le samedi 4 d\u00e9cembre 2021, a \u00e9t\u00e9 remarquable.<\/span><\/p>\n<p style=\"text-align: justify;\"><span style=\"font-weight: 400;\">Tout d'abord, pour c\u00e9l\u00e9brer notre dixi\u00e8me anniversaire, l'Entourage d'Emily (EE) a lanc\u00e9 un appel pour atteindre la marque de collecte de fonds $10 millions - et nos partisans ont r\u00e9pondu pr\u00e9sent. C'\u00e9tait un objectif audacieux, et nous sommes toujours impressionn\u00e9s et <\/span><em><span style=\"font-weight: 400;\">plus que reconnaissant<\/span><\/em><span style=\"font-weight: 400;\"> pour partager cette <\/span><b>nous l'avons fait<\/b><span style=\"font-weight: 400;\">! !! Nous avons atteint $10 millions ! !!<\/span><\/p>\n<p style=\"text-align: justify;\"><img fetchpriority=\"high\" decoding=\"async\" class=\"alignnone wp-image-16507\" src=\"https:\/\/www.emilysentourage.org\/wp-content\/uploads\/2021-Philly-Gala_10-Million-300x200.png\" alt=\"\" width=\"1385\" height=\"923\" srcset=\"https:\/\/www.emilysentourage.org\/wp-content\/uploads\/2021-Philly-Gala_10-Million-300x200.png 300w, https:\/\/www.emilysentourage.org\/wp-content\/uploads\/2021-Philly-Gala_10-Million-1024x683.png 1024w, https:\/\/www.emilysentourage.org\/wp-content\/uploads\/2021-Philly-Gala_10-Million-768x512.png 768w, https:\/\/www.emilysentourage.org\/wp-content\/uploads\/2021-Philly-Gala_10-Million-1536x1024.png 1536w, https:\/\/www.emilysentourage.org\/wp-content\/uploads\/2021-Philly-Gala_10-Million-2048x1365.png 2048w, https:\/\/www.emilysentourage.org\/wp-content\/uploads\/2021-Philly-Gala_10-Million-18x12.png 18w, https:\/\/www.emilysentourage.org\/wp-content\/uploads\/2021-Philly-Gala_10-Million-600x400.png 600w\" sizes=\"(max-width: 1385px) 100vw, 1385px\" \/><\/p>\n<p style=\"text-align: justify;\"><span style=\"font-weight: 400;\">Lorsque l'\u00e9quipe d'EE a commenc\u00e9 \u00e0 planifier le gala de cette ann\u00e9e, nous savions qu'il devait \u00eatre sp\u00e9cial pour c\u00e9l\u00e9brer notre anniversaire. Mais avec les taux de COVID-19 toujours \u00e9lev\u00e9s dans la r\u00e9gion de Philadelphie, il ne semblait pas tout \u00e0 fait appropri\u00e9 d'organiser le gala dans son format traditionnel. Alors, dans l'esprit typique de l'EE, nous nous sommes r\u00e9unis et avons imagin\u00e9 un nouveau format excitant et non conventionnel qui \u00e9tait \u00e0 la fois s\u00fbr pour le COVID et qui exploitait la magie unique qui se produit lorsque vous r\u00e9unissez un ensemble de personnes passionn\u00e9es dans un m\u00eame espace en temps r\u00e9el.\u00a0<\/span><\/p>\n<p style=\"text-align: justify;\"><b>C'est ainsi que s'est d\u00e9roul\u00e9 le tout premier gala d'EE, \"The Power of 10\", une c\u00e9l\u00e9bration bien nomm\u00e9e puisque EE s'approchait des $10 millions collect\u00e9s, sur 10 ans, pour les 10% de personnes atteintes de fibrose kystique (FK) qui ne b\u00e9n\u00e9ficient pas des th\u00e9rapies existantes ciblant les mutations.<\/b><\/p>\n<p style=\"text-align: justify;\"><span style=\"font-weight: 400;\">Organis\u00e9e sur le parking d'Adath Israel \u00e0 Merion Station (Pennsylvanie), la soir\u00e9e a accueilli des centaines de sympathisants, en personne et virtuellement, dans le but d'acc\u00e9l\u00e9rer les avanc\u00e9es pour les personnes atteintes de mutations non sens de la FK.<\/span><\/p>\n<p style=\"text-align: justify;\"><span style=\"font-weight: 400;\">Les invit\u00e9s ont \u00e9t\u00e9 accueillis dans une ambiance de cin\u00e9ma r\u00e9tro, avec des bo\u00eetes de pop-corn et de snacks livr\u00e9es aux fen\u00eatres des voitures, un stand de concession, des chansons embl\u00e9matiques de films diffus\u00e9es par les haut-parleurs et les visages amicaux des b\u00e9n\u00e9voles de l'EE (dont les sourires \u00e9taient visibles m\u00eame sous leur masque !)<\/span><\/p>\n<p style=\"text-align: justify;\"><img decoding=\"async\" class=\"alignnone wp-image-16508\" src=\"https:\/\/www.emilysentourage.org\/wp-content\/uploads\/2021-Philly-Gala_Event-Elements-300x200.png\" alt=\"\" width=\"1385\" height=\"923\" srcset=\"https:\/\/www.emilysentourage.org\/wp-content\/uploads\/2021-Philly-Gala_Event-Elements-300x200.png 300w, https:\/\/www.emilysentourage.org\/wp-content\/uploads\/2021-Philly-Gala_Event-Elements-1024x683.png 1024w, https:\/\/www.emilysentourage.org\/wp-content\/uploads\/2021-Philly-Gala_Event-Elements-768x512.png 768w, https:\/\/www.emilysentourage.org\/wp-content\/uploads\/2021-Philly-Gala_Event-Elements-1536x1024.png 1536w, https:\/\/www.emilysentourage.org\/wp-content\/uploads\/2021-Philly-Gala_Event-Elements-2048x1365.png 2048w, https:\/\/www.emilysentourage.org\/wp-content\/uploads\/2021-Philly-Gala_Event-Elements-18x12.png 18w, https:\/\/www.emilysentourage.org\/wp-content\/uploads\/2021-Philly-Gala_Event-Elements-600x400.png 600w\" sizes=\"(max-width: 1385px) 100vw, 1385px\" \/><\/p>\n<p style=\"text-align: justify;\"><span style=\"font-weight: 400;\">Coby Kramer-Golinkoff, membre du conseil d'administration et fr\u00e8re d'Emily Kramer-Golinkoff, cofondatrice de l'EE, a anim\u00e9 les \u00e9v\u00e9nements de la soir\u00e9e, souhaitant la bienvenue aux participants en personne et virtuels et pr\u00e9parant le terrain pour la soir\u00e9e en partageant le travail inlassable de l'EE pour assurer que <\/span><b>tout le monde<\/b><span style=\"font-weight: 400;\"> de la communaut\u00e9 FK b\u00e9n\u00e9ficie de perc\u00e9es vitales au cours de sa vie.<\/span><\/p>\n<p style=\"text-align: justify;\"><span style=\"font-weight: 400;\">Il a \u00e9t\u00e9 suivi par la toujours inspirante Sheryl Sandberg, directrice de l'exploitation chez Meta, qui a partag\u00e9 un message profond\u00e9ment sinc\u00e8re pour l'Entourage. Sheryl a racont\u00e9 sa premi\u00e8re rencontre avec les cofondatrices d'EE, Emily et Liza, en 2017, et a expliqu\u00e9 \u00e0 quel point cette rencontre l'avait touch\u00e9e personnellement. Elle a ensuite fait part de son respect pour Emily et EE.<\/span><\/p>\n<blockquote><p><span style=\"font-weight: 400;\">\"La r\u00e9silience collective change des vies... Nous ne construisons pas seulement la r\u00e9silience en nous-m\u00eames, mais nous la construisons les uns avec les autres. Et c'est exactement ce qu'est l'Entourage d'Emily\". - Sheryl Sandberg<\/span><\/p><\/blockquote>\n<p style=\"text-align: justify;\"><span style=\"font-weight: 400;\">Ensuite, la s\u0153ur d'Emily, Julia Kramer-Golinkoff, est mont\u00e9e sur sc\u00e8ne pour saluer les copr\u00e9sidents d'honneur de la soir\u00e9e, Lorri et Ted Bernstein, en les remerciant d'\u00eatre \"une source de soutien vital\" pour EE.\u00a0<\/span><\/p>\n<p style=\"text-align: justify;\"><span style=\"font-weight: 400;\">Lorri et Ted sont ensuite mont\u00e9s sur sc\u00e8ne pour faire part de leur profonde reconnaissance \u00e0 l'\u00e9gard de toute la famille Kramer-Golinkoff et de ce qui diff\u00e9rencie EE des autres organisations philanthropiques, la qualifiant d'\"organisation impr\u00e9gn\u00e9e d'amour\". Ted a encourag\u00e9 les participants \u00e0 renouveler leur engagement \u00e0 faire tout ce qui est en leur pouvoir pour reconna\u00eetre le r\u00eave d'une gu\u00e9rison et faire de ce 10e anniversaire le meilleur \u00e9v\u00e9nement de l'EE \u00e0 ce jour.<\/span><\/p>\n<p style=\"text-align: justify;\"><img decoding=\"async\" class=\"alignnone wp-image-16509\" src=\"https:\/\/www.emilysentourage.org\/wp-content\/uploads\/2021-Philly-Gala_Co-Chairs-300x200.png\" alt=\"\" width=\"1385\" height=\"923\" srcset=\"https:\/\/www.emilysentourage.org\/wp-content\/uploads\/2021-Philly-Gala_Co-Chairs-300x200.png 300w, https:\/\/www.emilysentourage.org\/wp-content\/uploads\/2021-Philly-Gala_Co-Chairs-1024x683.png 1024w, https:\/\/www.emilysentourage.org\/wp-content\/uploads\/2021-Philly-Gala_Co-Chairs-768x512.png 768w, https:\/\/www.emilysentourage.org\/wp-content\/uploads\/2021-Philly-Gala_Co-Chairs-1536x1024.png 1536w, https:\/\/www.emilysentourage.org\/wp-content\/uploads\/2021-Philly-Gala_Co-Chairs-2048x1365.png 2048w, https:\/\/www.emilysentourage.org\/wp-content\/uploads\/2021-Philly-Gala_Co-Chairs-18x12.png 18w, https:\/\/www.emilysentourage.org\/wp-content\/uploads\/2021-Philly-Gala_Co-Chairs-600x400.png 600w\" sizes=\"(max-width: 1385px) 100vw, 1385px\" \/><\/p>\n<p style=\"text-align: justify;\"><span style=\"font-weight: 400;\">Coby est remont\u00e9 sur sc\u00e8ne pour remercier tous les g\u00e9n\u00e9reux sponsors, supporters, donateurs en nature et membres du personnel de l'EE qui ont rendu cette soir\u00e9e possible, y compris le Presenting Sponsor Vertex Pharmaceuticals, l'Amethyst Sponsor Viatris, les donateurs en nature Adath Israel, TPD Design House, et bien d'autres encore. Il a ensuite pass\u00e9 le relais \u00e0 Nikki Bernstein, qui soutient l'\u00e9ducation \u00e0 l'environnement depuis longtemps et qui a salu\u00e9 les r\u00e9alisations des 2021 participants \u00e0 la soir\u00e9e. <\/span><a href=\"https:\/\/www.emilysentourage.org\/fr_ca\/cf-crew\/\"><span style=\"font-weight: 400;\">L'\u00e9quipe de CureFinders<\/span><\/a><span style=\"font-weight: 400;\"> (CF Crew) et <\/span><a href=\"https:\/\/www.emilysentourage.org\/fr_ca\/become-a-champion\/\">cr\u00e9er une \u00e9quipe<\/a><span style=\"font-weight: 400;\">.<\/span><\/p>\n<p style=\"text-align: justify;\"><span style=\"font-weight: 400;\">L'\u00e9quipe de cette ann\u00e9e, compos\u00e9e de 10 personnes atteintes de FK et de leurs proches, a recueilli la somme \u00e9tonnante de $57 352 afin d'acc\u00e9l\u00e9rer les perc\u00e9es pour les 10% finales !<\/span><\/p>\n<p style=\"text-align: justify;\"><span style=\"font-weight: 400;\">Les Champions 2021 \u00e9taient compos\u00e9s de sept personnes et de cinq \u00e9quipes et comprenaient des personnes aux comp\u00e9tences, aux ant\u00e9c\u00e9dents et aux liens avec l'EE tr\u00e8s vari\u00e9s, notamment des joueurs de mahjong, de nouveaux parents, des enseignants, des boulangers et quelques-uns des amis d'enfance et d'universit\u00e9 les plus proches d'Emily. Ce groupe s'est vraiment surpass\u00e9, recueillant collectivement $31 484 pour la recherche d'un rem\u00e8de !<\/span><\/p>\n<p style=\"text-align: justify;\"><span style=\"font-weight: 400;\">Nikki a ensuite annonc\u00e9 le nom du champion de l'ann\u00e9e 2021, \"Team Seeking a Cure\". Ce groupe, compos\u00e9 des meilleures amies d'Emily \u00e0 l'universit\u00e9, a r\u00e9colt\u00e9 la somme stup\u00e9fiante de $14 313 ! Julie Wertheimer a accept\u00e9 le prix au nom de son \u00e9quipe.<\/span><\/p>\n<p style=\"text-align: justify;\"><img loading=\"lazy\" decoding=\"async\" class=\"alignnone wp-image-16510\" src=\"https:\/\/www.emilysentourage.org\/wp-content\/uploads\/2021-Philly-Gala_Champ-of-the-Year-300x200.png\" alt=\"\" width=\"1385\" height=\"923\" srcset=\"https:\/\/www.emilysentourage.org\/wp-content\/uploads\/2021-Philly-Gala_Champ-of-the-Year-300x200.png 300w, https:\/\/www.emilysentourage.org\/wp-content\/uploads\/2021-Philly-Gala_Champ-of-the-Year-1024x683.png 1024w, https:\/\/www.emilysentourage.org\/wp-content\/uploads\/2021-Philly-Gala_Champ-of-the-Year-768x512.png 768w, https:\/\/www.emilysentourage.org\/wp-content\/uploads\/2021-Philly-Gala_Champ-of-the-Year-1536x1024.png 1536w, https:\/\/www.emilysentourage.org\/wp-content\/uploads\/2021-Philly-Gala_Champ-of-the-Year-2048x1365.png 2048w, https:\/\/www.emilysentourage.org\/wp-content\/uploads\/2021-Philly-Gala_Champ-of-the-Year-18x12.png 18w, https:\/\/www.emilysentourage.org\/wp-content\/uploads\/2021-Philly-Gala_Champ-of-the-Year-600x400.png 600w\" sizes=\"(max-width: 1385px) 100vw, 1385px\" \/><\/p>\n<p style=\"text-align: justify;\"><span style=\"font-weight: 400;\">Ensuite, les participants ont assist\u00e9 \u00e0 une r\u00e9trospective vid\u00e9o qui les a emmen\u00e9s dans un voyage depuis le d\u00e9but de l'EE en 2011 jusqu'\u00e0 ce que nous sommes aujourd'hui. <\/span><\/p>\n<p><iframe title=\"10 ans d&#039;impact\" width=\"960\" height=\"540\" src=\"https:\/\/www.youtube.com\/embed\/e5aVLPH11r4?feature=oembed\" frameborder=\"0\" allow=\"accelerometer; autoplay; clipboard-write; encrypted-media; gyroscope; picture-in-picture\" allowfullscreen><\/iframe><\/p>\n<p style=\"text-align: justify;\"><span style=\"font-weight: 400;\">La vid\u00e9o a \u00e9t\u00e9 suivie par le discours tr\u00e8s attendu et toujours puissant d'Emily, qui a fait part de son diagnostic d'une nouvelle complication cardiaque de la FK en 2021 - le r\u00e9sultat d'une vie avec la FK \u00e0 une fonction pulmonaire si faible pendant pr\u00e8s d'une d\u00e9cennie. Elle a expliqu\u00e9 comment elle, en tant que personne atteinte de FK \u00e0 un stade avanc\u00e9, et EE continuent de d\u00e9fier tous les pronostics - suivi d'un compte rendu d\u00e9taill\u00e9 des progr\u00e8s passionnants de la recherche financ\u00e9e par EE, notant que les projets avancent au stade clinique, ce qui signifie que les traitements potentiels atteignent r\u00e9ellement les patients.<\/span><\/p>\n<p style=\"text-align: justify;\"><span style=\"font-weight: 400;\">C'est peut-\u00eatre la meilleure preuve des progr\u00e8s de l'EE ! Non seulement ces progr\u00e8s repr\u00e9sentent un espoir pour la communaut\u00e9 de la FK, mais ils soulignent \u00e9galement la capacit\u00e9 unique de l'EE \u00e0 identifier la science la plus prometteuse, \u00e0 r\u00e9unir les principaux acteurs et \u00e0 utiliser des m\u00e9canismes de financement novateurs pour apporter rapidement aux patients des traitements qui leur sauveront la vie.<\/span><\/p>\n<blockquote><p><span style=\"font-weight: 400;\">\"Il est impossible d'acqu\u00e9rir le genre de passion, d'intr\u00e9pidit\u00e9 et de volont\u00e9 de gagner que nous, cet extraordinaire entourage, poss\u00e9dons collectivement. C'est cette force qui permet de r\u00e9aliser des perc\u00e9es\". - Emily Kramer-Golinkoff <\/span><\/p><\/blockquote>\n<p style=\"text-align: justify;\"><span style=\"font-weight: 400;\">Coby est revenu sur sc\u00e8ne pour raconter le moment o\u00f9 il a entendu parler pour la premi\u00e8re fois de l'esp\u00e9rance de vie moyenne d'une personne atteinte de FK et a partag\u00e9 son incr\u00e9dulit\u00e9 en r\u00e9alisant que la vie de sa s\u0153ur a\u00een\u00e9e pourrait \u00eatre \u00e9court\u00e9e \u00e0 cause de la maladie. Il a ensuite parl\u00e9 des moments cl\u00e9s de la vie qui changent tout - de la cr\u00e9ation de la premi\u00e8re vid\u00e9o qui a lanc\u00e9 EE aux fa\u00e7ons dont la pand\u00e9mie a boulevers\u00e9 la vie de la famille Kramer-Golinkoff (et la vie de tant d'autres).\u00a0<\/span><\/p>\n<p style=\"text-align: justify;\"><span style=\"font-weight: 400;\">\"Ces moments peuvent bouleverser notre univers, red\u00e9finir ce qui est possible et changer le monde\", a-t-il d\u00e9clar\u00e9. \"Le probl\u00e8me avec ces moments ? Nous ne les reconnaissons g\u00e9n\u00e9ralement qu'une fois qu'ils sont pass\u00e9s. Ce qui rend cette soir\u00e9e si sp\u00e9ciale, c'est que nous sommes en train de vivre l'un de ces moments en ce moment m\u00eame !\"<\/span><\/p>\n<p style=\"text-align: justify;\"><span style=\"font-weight: 400;\">Coby a demand\u00e9 aux participants de saisir l'occasion - de donner g\u00e9n\u00e9reusement et de terminer le travail pour 100% de la communaut\u00e9 FK.<\/span><\/p>\n<p style=\"text-align: justify;\"><span style=\"font-weight: 400;\">Un compte \u00e0 rebours de 5 minutes a commenc\u00e9 et les dons ont commenc\u00e9 \u00e0 affluer. Puis une nouvelle passionnante a \u00e9t\u00e9 annonc\u00e9e : chaque don serait doubl\u00e9 jusqu'\u00e0 concurrence de $25 000 par la Fondation Kenneth et Gloria Friedman. La fille de Kenneth et Gloria, Rebecca, est atteinte de FK. Heureusement, elle fait partie des 90% de la communaut\u00e9 FK qui b\u00e9n\u00e9ficient d'un m\u00e9dicament r\u00e9volutionnaire, mais la famille Friedman est aux c\u00f4t\u00e9s de l'EE, convaincue que 90% n'est pas suffisant et s'engage \u00e0 faire tout ce qu'il faut pour atteindre 100% de la communaut\u00e9 FK, et ce, rapidement.\u00a0<\/span><\/p>\n<p style=\"text-align: justify;\"><span style=\"font-weight: 400;\">Le thermom\u00e8tre a grimp\u00e9 alors que les dons affluaient du monde entier, atteignant ainsi la barre historique des $10 millions de dollars collect\u00e9s par EE !!! Des cierges magiques ont jailli, des klaxons ont retenti, des b\u00e2tons LED ont \u00e9t\u00e9 brandis et une chorale de gospel a chant\u00e9 alors que les supporters (proches et lointains ! !) c\u00e9l\u00e9braient une soir\u00e9e v\u00e9ritablement historique pour l'ensemble de l'Entourage !<\/span><\/p>\n<p style=\"text-align: justify;\"><img loading=\"lazy\" decoding=\"async\" class=\"alignnone wp-image-16511\" src=\"https:\/\/www.emilysentourage.org\/wp-content\/uploads\/2021-Philly-Gala_Celebration-300x200.png\" alt=\"\" width=\"1385\" height=\"923\" srcset=\"https:\/\/www.emilysentourage.org\/wp-content\/uploads\/2021-Philly-Gala_Celebration-300x200.png 300w, https:\/\/www.emilysentourage.org\/wp-content\/uploads\/2021-Philly-Gala_Celebration-1024x683.png 1024w, https:\/\/www.emilysentourage.org\/wp-content\/uploads\/2021-Philly-Gala_Celebration-768x512.png 768w, https:\/\/www.emilysentourage.org\/wp-content\/uploads\/2021-Philly-Gala_Celebration-1536x1024.png 1536w, https:\/\/www.emilysentourage.org\/wp-content\/uploads\/2021-Philly-Gala_Celebration-2048x1365.png 2048w, https:\/\/www.emilysentourage.org\/wp-content\/uploads\/2021-Philly-Gala_Celebration-18x12.png 18w, https:\/\/www.emilysentourage.org\/wp-content\/uploads\/2021-Philly-Gala_Celebration-600x400.png 600w\" sizes=\"(max-width: 1385px) 100vw, 1385px\" \/><\/p>\n<p style=\"text-align: justify;\"><a href=\"https:\/\/www.youtube.com\/watch?v=jORtnhr46i8\" target=\"_blank\" rel=\"noopener\"><span style=\"font-weight: 400;\">Le programme peut \u00eatre consult\u00e9 dans son int\u00e9gralit\u00e9 ici.\u00a0<\/span><\/a><\/p>\n<p style=\"text-align: justify;\"><b>AIDEZ-NOUS \u00c0 TERMINER LE TRAVAIL POUR LE DERNIER 10%<\/b><\/p>\n<ol style=\"text-align: justify;\">\n<li style=\"font-weight: 400;\" aria-level=\"1\"><b>Faire un don d\u00e9ductible des imp\u00f4ts<\/b> <span style=\"font-weight: 400;\"><strong>\u00e0 l'entourage d'Emily.<\/strong> <\/span><a href=\"https:\/\/www.emilysentourage.org\/fr_ca\/donate\/\" target=\"_blank\" rel=\"noopener\"><span style=\"font-weight: 400;\">Cliquez ici pour faire un don.<\/span><\/a><\/li>\n<li style=\"font-weight: 400;\" aria-level=\"1\"><b>Partagez l'appel personnel d'Emily pour obtenir du soutien. <\/b><span style=\"font-weight: 400;\">Regarder et s<\/span><span style=\"font-weight: 400;\">a sa vid\u00e9o sur <\/span><a href=\"https:\/\/www.facebook.com\/watch\/?v=276146384489325\" target=\"_blank\" rel=\"noopener\"><span style=\"font-weight: 400;\">Facebook<\/span><\/a><span style=\"font-weight: 400;\">, <\/span><a href=\"https:\/\/www.instagram.com\/p\/CXJmQxUIyG8\/\" target=\"_blank\" rel=\"noopener\"><span style=\"font-weight: 400;\">Instagram<\/span><\/a><span style=\"font-weight: 400;\">, <\/span><a href=\"https:\/\/twitter.com\/EmilysEntourage\/status\/1467907450317815809\" target=\"_blank\" rel=\"noopener\"><span style=\"font-weight: 400;\">Twitter<\/span><\/a><span style=\"font-weight: 400;\">et <\/span><a href=\"https:\/\/www.linkedin.com\/feed\/update\/urn:li:activity:6873649984739299328\" target=\"_blank\" rel=\"noopener\"><span style=\"font-weight: 400;\">LinkedIn<\/span><\/a><span style=\"font-weight: 400;\">et encouragez votre r\u00e9seau \u00e0 en faire de m\u00eame !<\/span><\/li>\n<\/ol>\n<p style=\"text-align: justify;\"><i><span style=\"font-weight: 400;\">L'Entourage d'Emily tient \u00e0 remercier chacun des membres de l'Entourage qui ont rendu possible cette soir\u00e9e et cette c\u00e9l\u00e9bration. Que vous soyez avec nous depuis le d\u00e9but ou que vous vous joigniez \u00e0 nous pour la premi\u00e8re fois \u00e0 l'occasion de ce gala, votre soutien nous alimente dans notre qu\u00eate inlassable d'acc\u00e9l\u00e9rer les perc\u00e9es pour les 10% finales. Gr\u00e2ce \u00e0 vous, nous nous rapprochons d'un avenir o\u00f9 CHAQUE personne atteinte de FK pourra respirer profond\u00e9ment.<\/span><\/i><\/p>","protected":false},"excerpt":{"rendered":"<p>Tout (et nous disons bien tout) dans le 10e gala annuel de l'Entourage d'Emily, qui s'est tenu le samedi 4 d\u00e9cembre 2021, a \u00e9t\u00e9 remarquable. D'abord et avant tout, pour c\u00e9l\u00e9brer son dixi\u00e8me anniversaire, l'Entourage d'Emily (EE) a lanc\u00e9 un appel pour atteindre la marque de collecte de fonds de $10 millions - et nos partisans ont r\u00e9pondu \u00e0 l'appel. C'\u00e9tait... <\/p>\n<div class=\"clear\"><\/div>\n<p><a href=\"https:\/\/www.emilysentourage.org\/fr_ca\/the-power-of-10-drive-in-gala-celebrates-historic-milestone-for-emilys-entourage\/\" class=\"excerpt-read-more\">Lire la suite<\/a><\/p>","protected":false},"author":1281,"featured_media":16514,"comment_status":"open","ping_status":"closed","sticky":false,"template":"","format":"standard","meta":{"_acf_changed":false,"_seopress_robots_primary_cat":"none","_seopress_titles_title":"","_seopress_titles_desc":"","_seopress_robots_index":"","_monsterinsights_skip_tracking":false,"_monsterinsights_sitenote_active":false,"_monsterinsights_sitenote_note":"","_monsterinsights_sitenote_category":0,"_jetpack_memberships_contains_paid_content":false,"footnotes":""},"categories":[1],"tags":[],"class_list":["post-16505","post","type-post","status-publish","format-standard","has-post-thumbnail","hentry","category-uncategorized"],"acf":[],"jetpack_featured_media_url":"https:\/\/www.emilysentourage.org\/wp-content\/uploads\/0033_SNP_EE_Drive-inGala-scaled.jpg","jetpack_sharing_enabled":true,"post_mailing_queue_ids":[],"_links":{"self":[{"href":"https:\/\/www.emilysentourage.org\/fr_ca\/wp-json\/wp\/v2\/posts\/16505","targetHints":{"allow":["GET"]}}],"collection":[{"href":"https:\/\/www.emilysentourage.org\/fr_ca\/wp-json\/wp\/v2\/posts"}],"about":[{"href":"https:\/\/www.emilysentourage.org\/fr_ca\/wp-json\/wp\/v2\/types\/post"}],"author":[{"embeddable":true,"href":"https:\/\/www.emilysentourage.org\/fr_ca\/wp-json\/wp\/v2\/users\/1281"}],"replies":[{"embeddable":true,"href":"https:\/\/www.emilysentourage.org\/fr_ca\/wp-json\/wp\/v2\/comments?post=16505"}],"version-history":[{"count":5,"href":"https:\/\/www.emilysentourage.org\/fr_ca\/wp-json\/wp\/v2\/posts\/16505\/revisions"}],"predecessor-version":[{"id":20551,"href":"https:\/\/www.emilysentourage.org\/fr_ca\/wp-json\/wp\/v2\/posts\/16505\/revisions\/20551"}],"wp:featuredmedia":[{"embeddable":true,"href":"https:\/\/www.emilysentourage.org\/fr_ca\/wp-json\/wp\/v2\/media\/16514"}],"wp:attachment":[{"href":"https:\/\/www.emilysentourage.org\/fr_ca\/wp-json\/wp\/v2\/media?parent=16505"}],"wp:term":[{"taxonomy":"category","embeddable":true,"href":"https:\/\/www.emilysentourage.org\/fr_ca\/wp-json\/wp\/v2\/categories?post=16505"},{"taxonomy":"post_tag","embeddable":true,"href":"https:\/\/www.emilysentourage.org\/fr_ca\/wp-json\/wp\/v2\/tags?post=16505"}],"curies":[{"name":"wp","href":"https:\/\/api.w.org\/{rel}","templated":true}]}}