{"id":11774,"date":"2018-11-15T11:17:23","date_gmt":"2018-11-15T16:17:23","guid":{"rendered":"https:\/\/www.emilysentourage.org\/?p=11774"},"modified":"2019-02-05T10:09:13","modified_gmt":"2019-02-05T15:09:13","slug":"meet-the-2018-emilys-entourage-champions","status":"publish","type":"post","link":"https:\/\/www.emilysentourage.org\/fr\/meet-the-2018-emilys-entourage-champions\/","title":{"rendered":"Voici les champions de l'Entourage d'Emily 2018 !"},"content":{"rendered":"<p>C'est de nouveau le moment de l'ann\u00e9e ! La campagne des champions de l'Entourage d'Emily 2018 a travaill\u00e9 avec diligence pour atteindre (et d\u00e9passer !) son objectif de collecte de fonds de $1 500 $ par \u00e9quipe d'ici la 7e \u00e9dition de la conf\u00e9rence annuelle de l'Entourage d'Emily. <em>Soir\u00e9e avec l'entourage d'Emily<\/em> Gala le 1er d\u00e9cembre. Cette ann\u00e9e, nous sommes ravis d'organiser la plus grande campagne de notre histoire, avec 20 \u00e9quipes de champions qui consacreront leur temps \u00e0 la collecte de fonds essentiels pour la recherche sur les mutations de non-sens de la FK !  L'\u00e9quipe de 2018 comprend des \u00e9tudiants, des \u00e9poux et \u00e9pouses, des fr\u00e8res et s\u0153urs, ainsi que des \u00e9quipes internationales de France et d'Australie. La course est lanc\u00e9e pour savoir qui sera nomm\u00e9 Champion de l'ann\u00e9e 2018 !&nbsp;<\/p>\n<div id=\"attachment_11853\" style=\"width: 910px\" class=\"wp-caption aligncenter\"><img fetchpriority=\"high\" decoding=\"async\" aria-describedby=\"caption-attachment-11853\" class=\"wp-image-11853 size-full\" src=\"https:\/\/www.emilysentourage.org\/wp-content\/uploads\/EEChamps2017.jpg\" alt=\"\" width=\"900\" height=\"563\" srcset=\"https:\/\/www.emilysentourage.org\/wp-content\/uploads\/EEChamps2017.jpg 900w, https:\/\/www.emilysentourage.org\/wp-content\/uploads\/EEChamps2017-300x188.jpg 300w, https:\/\/www.emilysentourage.org\/wp-content\/uploads\/EEChamps2017-768x480.jpg 768w, https:\/\/www.emilysentourage.org\/wp-content\/uploads\/EEChamps2017-600x375.jpg 600w\" sizes=\"(max-width: 900px) 100vw, 900px\" \/><p id=\"caption-attachment-11853\" class=\"wp-caption-text\">Les champions de l'EE 2017 au 6e gala annuel \"Soir\u00e9e avec l'entourage d'Emily\" ! Photo : Lindsay Docherty<\/p><\/div>\n<hr>\n<h2><strong>Champions de l'Entourage d'Emily 2018<\/strong><\/h2>\n<hr>\n<p><strong>\u00c9QUIPE BALLARD&nbsp;<img decoding=\"async\" class=\"alignright wp-image-11796\" src=\"https:\/\/www.emilysentourage.org\/wp-content\/uploads\/TeamBallard2-1.jpg\" alt=\"\" width=\"250\" height=\"250\" srcset=\"https:\/\/www.emilysentourage.org\/wp-content\/uploads\/TeamBallard2-1.jpg 300w, https:\/\/www.emilysentourage.org\/wp-content\/uploads\/TeamBallard2-1-150x150.jpg 150w, https:\/\/www.emilysentourage.org\/wp-content\/uploads\/TeamBallard2-1-100x100.jpg 100w\" sizes=\"(max-width: 250px) 100vw, 250px\" \/><img decoding=\"async\" class=\"alignright wp-image-11795\" src=\"https:\/\/www.emilysentourage.org\/wp-content\/uploads\/TeamBallard1-1.png\" alt=\"\" width=\"250\" height=\"250\" srcset=\"https:\/\/www.emilysentourage.org\/wp-content\/uploads\/TeamBallard1-1.png 300w, https:\/\/www.emilysentourage.org\/wp-content\/uploads\/TeamBallard1-1-150x150.png 150w, https:\/\/www.emilysentourage.org\/wp-content\/uploads\/TeamBallard1-1-100x100.png 100w\" sizes=\"(max-width: 250px) 100vw, 250px\" \/><\/strong><\/p>\n<p><strong>Fait amusant : \"<\/strong>Nous essayons de visiter tous les continents !\" - Nikki &amp; John<\/p>\n<p><strong>Int\u00e9r\u00eats et loisirs : \"<\/strong>Chiens, v\u00e9lo, voyages et vin\" - Nikki &amp; John<\/p>\n<p><strong>Pourquoi ils se sont engag\u00e9s dans l'EE :<\/strong> \"Nous cherchions une organisation pour faire du b\u00e9n\u00e9volat et un de nos amis nous a guid\u00e9s vers EE. Apr\u00e8s avoir assist\u00e9 \u00e0 un \u00e9v\u00e9nement plus t\u00f4t dans l'ann\u00e9e et entendu Emily, nous avons su que c'\u00e9tait la bonne cause pour nous ! - Nikki &amp; John<\/p>\n<p><a class=\"fasc-button fasc-size-medium fasc-type-flat fasc-style-bold\" style=\"background-color: #814c9e; color: #ffffff;\" target=\"_blank\" rel=\"noopener\" href=\"https:\/\/fundly.com\/2018-emily-s-entourage-champions-phl-team-ballard-s-ee-champion-campaign\">FAIRE UN DON<\/a><\/p>\n<p>&nbsp;<\/p>\n<hr>\n<p><strong><img loading=\"lazy\" decoding=\"async\" class=\"alignleft wp-image-11792\" src=\"https:\/\/www.emilysentourage.org\/wp-content\/uploads\/paulabarg_edit.jpg\" alt=\"\" width=\"250\" height=\"250\" srcset=\"https:\/\/www.emilysentourage.org\/wp-content\/uploads\/paulabarg_edit.jpg 300w, https:\/\/www.emilysentourage.org\/wp-content\/uploads\/paulabarg_edit-150x150.jpg 150w, https:\/\/www.emilysentourage.org\/wp-content\/uploads\/paulabarg_edit-100x100.jpg 100w\" sizes=\"(max-width: 250px) 100vw, 250px\" \/><\/strong><strong><img loading=\"lazy\" decoding=\"async\" class=\"alignleft wp-image-11793\" src=\"https:\/\/www.emilysentourage.org\/wp-content\/uploads\/KevinReardon_edit.jpg\" alt=\"\" width=\"250\" height=\"250\" srcset=\"https:\/\/www.emilysentourage.org\/wp-content\/uploads\/KevinReardon_edit.jpg 300w, https:\/\/www.emilysentourage.org\/wp-content\/uploads\/KevinReardon_edit-150x150.jpg 150w, https:\/\/www.emilysentourage.org\/wp-content\/uploads\/KevinReardon_edit-100x100.jpg 100w\" sizes=\"(max-width: 250px) 100vw, 250px\" \/><\/strong><\/p>\n<p><strong>PAULA BARG &amp; KEVIN REARDON<\/strong><\/p>\n<p><strong>Fait amusant : <\/strong>\"J'ai fait du parachutisme avec mon p\u00e8re en Australie ! - Paula<\/p>\n<p>\"J'ai fait la connaissance d'Emily au yoga ! - Kevin<\/p>\n<p><strong>Int\u00e9r\u00eats et loisirs : <\/strong>\"Course \u00e0 pied, yoga et voyages\" - Paula<\/p>\n<p>\"Voyages, plages, yoga\" - Kevin<\/p>\n<p><strong>Pourquoi ils se sont engag\u00e9s dans l'EE :<\/strong>&nbsp; \"Apr\u00e8s avoir entendu parler du combat d'Emily contre la FK et de toutes les autres personnes qui se battent constamment chaque jour, j'ai su que je voulais \u00eatre (\u00e0 nouveau) une championne et sensibiliser de plus en plus de personnes \u00e0 rejoindre l'entourage et \u00e0 lutter contre la FK.\" - Paula&nbsp;<\/p>\n<p>\"J'ai \u00e9t\u00e9 tr\u00e8s inspir\u00e9e par la force et le d\u00e9vouement dont ont fait preuve Emily et l'Entourage. Il est si important de faire une perc\u00e9e dans le domaine de la fibrose kystique et des mutations non sens\u00e9es que chaque seconde compte.\" - Kevin<\/p>\n<p><a class=\"fasc-button fasc-size-medium fasc-type-flat fasc-style-bold\" style=\"background-color: #814c9e; color: #ffffff;\" target=\"_blank\" rel=\"noopener\" href=\"https:\/\/fundly.com\/2018-emily-s-entourage-champions-phl-paula-s-ee-champion-campaign\">FAIRE UN DON<\/a><\/p>\n<p>&nbsp;<\/p>\n<hr>\n<p><img loading=\"lazy\" decoding=\"async\" class=\"wp-image-11805 alignright\" src=\"https:\/\/www.emilysentourage.org\/wp-content\/uploads\/JulieBerk_edit.png\" alt=\"\" width=\"200\" height=\"200\" srcset=\"https:\/\/www.emilysentourage.org\/wp-content\/uploads\/JulieBerk_edit.png 300w, https:\/\/www.emilysentourage.org\/wp-content\/uploads\/JulieBerk_edit-150x150.png 150w, https:\/\/www.emilysentourage.org\/wp-content\/uploads\/JulieBerk_edit-100x100.png 100w\" sizes=\"(max-width: 200px) 100vw, 200px\" \/><img loading=\"lazy\" decoding=\"async\" class=\"alignright wp-image-11806\" src=\"https:\/\/www.emilysentourage.org\/wp-content\/uploads\/JakeBerk_edit.jpg\" alt=\"\" width=\"200\" height=\"200\" srcset=\"https:\/\/www.emilysentourage.org\/wp-content\/uploads\/JakeBerk_edit.jpg 300w, https:\/\/www.emilysentourage.org\/wp-content\/uploads\/JakeBerk_edit-150x150.jpg 150w, https:\/\/www.emilysentourage.org\/wp-content\/uploads\/JakeBerk_edit-100x100.jpg 100w\" sizes=\"(max-width: 200px) 100vw, 200px\" \/><strong>JULIE, JAKE ET EMILY BERKOWITZ<\/strong><\/p>\n<p><strong>Fait amusant :<\/strong> \"Apr\u00e8s avoir v\u00e9cu dans trois villes diff\u00e9rentes pendant quelques ann\u00e9es, nous sommes tous revenus \u00e0 Philadelphie\" - Julie<\/p>\n<p>\"Je pr\u00e9pare une bonne pizza \u00e0 partir de rien... la p\u00e2te et tout le reste ! - Emily<\/p>\n<p><strong>Int\u00e9r\u00eats et loisirs<\/strong>: \"Courir, skier et voyager\" - Julie<\/p>\n<p>\"Golf et basket-ball\" - Jake<\/p>\n<p><img loading=\"lazy\" decoding=\"async\" class=\"wp-image-11804 alignright\" src=\"https:\/\/www.emilysentourage.org\/wp-content\/uploads\/EmilyBerk_edit.jpg\" alt=\"\" width=\"200\" height=\"200\" srcset=\"https:\/\/www.emilysentourage.org\/wp-content\/uploads\/EmilyBerk_edit.jpg 300w, https:\/\/www.emilysentourage.org\/wp-content\/uploads\/EmilyBerk_edit-150x150.jpg 150w, https:\/\/www.emilysentourage.org\/wp-content\/uploads\/EmilyBerk_edit-100x100.jpg 100w\" sizes=\"(max-width: 200px) 100vw, 200px\" \/>\"Ultimate frisbee, v\u00e9lo, cuisine et c\u00e2lins au chien\" - Emily<\/p>\n<p><strong>Pourquoi ils se sont engag\u00e9s dans l'EE :<\/strong> \" Je suis inspir\u00e9e par la volont\u00e9 d'Emily de changer les choses pour elle-m\u00eame et pour beaucoup d'autres.\" - Julie<\/p>\n<p>\"Emily est une personne extraordinaire et EE est une fondation tellement inspirante que c'est un honneur pour moi de faire partie de cette grande cause et d'aider \u00e0 collecter des fonds ! - Jake<\/p>\n<p>\"Emily, sa famille et ses amis ont cr\u00e9\u00e9 une organisation extraordinaire qui a permis de r\u00e9aliser des perc\u00e9es m\u00e9dicales remarquables et de donner de l'espoir \u00e0 tant de personnes atteintes de fibrose kystique. C'est un tel honneur de faire partie de l'EE et d'aider de toutes les fa\u00e7ons possibles ! - Emily<\/p>\n<p><a class=\"fasc-button fasc-size-medium fasc-type-flat fasc-style-bold\" style=\"background-color: #814c9e; color: #ffffff;\" target=\"_blank\" rel=\"noopener\" href=\"https:\/\/www.facebook.com\/donate\/2160441287505077\/\">FAIRE UN DON<\/a><\/p>\n<hr>\n<p style=\"text-align: left;\"><strong>JOSH BORENSTEIN<img loading=\"lazy\" decoding=\"async\" class=\"size-full wp-image-11836 alignleft\" src=\"https:\/\/www.emilysentourage.org\/wp-content\/uploads\/PhotoComingSoon.jpg\" alt=\"\" width=\"300\" height=\"300\" srcset=\"https:\/\/www.emilysentourage.org\/wp-content\/uploads\/PhotoComingSoon.jpg 300w, https:\/\/www.emilysentourage.org\/wp-content\/uploads\/PhotoComingSoon-150x150.jpg 150w, https:\/\/www.emilysentourage.org\/wp-content\/uploads\/PhotoComingSoon-100x100.jpg 100w\" sizes=\"(max-width: 300px) 100vw, 300px\" \/><\/strong><\/p>\n<p style=\"text-align: left;\"><strong>Bient\u00f4t disponible !<\/strong><\/p>\n<p>&nbsp;<\/p>\n<p>&nbsp;<\/p>\n<p>&nbsp;<\/p>\n<p>&nbsp;<\/p>\n<p>&nbsp;<\/p>\n<p>&nbsp;<\/p>\n<p>&nbsp;<\/p>\n<hr>\n<p><strong>LES ENFANTS D'ERLBAUM<img loading=\"lazy\" decoding=\"async\" class=\"size-full wp-image-11812 alignright\" src=\"https:\/\/www.emilysentourage.org\/wp-content\/uploads\/Erlbaum_Kids_Edit.jpg\" alt=\"\" width=\"300\" height=\"300\" srcset=\"https:\/\/www.emilysentourage.org\/wp-content\/uploads\/Erlbaum_Kids_Edit.jpg 300w, https:\/\/www.emilysentourage.org\/wp-content\/uploads\/Erlbaum_Kids_Edit-150x150.jpg 150w, https:\/\/www.emilysentourage.org\/wp-content\/uploads\/Erlbaum_Kids_Edit-100x100.jpg 100w\" sizes=\"(max-width: 300px) 100vw, 300px\" \/><\/strong>&nbsp;(Akiva, Dovi, Yonah, Hillel, Shifra)<\/p>\n<p><strong>Faits amusants<\/strong>: Ce clan a pass\u00e9 de nombreuses heures \u00e0 collecter des fonds pour l'EE au fil des ans gr\u00e2ce \u00e0 ses c\u00e9l\u00e8bres stands de limonade !<\/p>\n<p><strong>Int\u00e9r\u00eats et loisirs :<\/strong> Basket-ball, tennis, surf, ski, voyages et Fortnite&nbsp;<\/p>\n<p><strong>Pourquoi ils se sont engag\u00e9s dans l'EE :<\/strong>&nbsp;Ils sont les champions de l'EE depuis sa cr\u00e9ation. Leur m\u00e8re, Jessica, membre du conseil d'administration de l'EE, gardait Emily lorsqu'elle avait 5 ans, puis elles se sont retrouv\u00e9es \u00e0 l'\u00e2ge adulte. Jessica, Jon et toute la bande d'Erlbaum sont rapidement tomb\u00e9s amoureux de la famille Kramer-Golinkoff et de leur nature g\u00e9n\u00e9reuse et inspirante, et ils sont fans et supporters depuis lors !<\/p>\n<p><a class=\"fasc-button fasc-size-medium fasc-type-flat fasc-style-bold\" style=\"background-color: #814c9e; color: #ffffff;\">FAIRE UN DON<\/a><\/p>\n<p>&nbsp;<\/p>\n<hr>\n<p style=\"text-align: left;\"><strong>SARAH GOLDSTEIN<\/strong><img loading=\"lazy\" decoding=\"async\" class=\"size-full wp-image-11830 alignleft\" src=\"https:\/\/www.emilysentourage.org\/wp-content\/uploads\/Sarah-Goldstein-1.jpg\" alt=\"\" width=\"300\" height=\"300\" srcset=\"https:\/\/www.emilysentourage.org\/wp-content\/uploads\/Sarah-Goldstein-1.jpg 300w, https:\/\/www.emilysentourage.org\/wp-content\/uploads\/Sarah-Goldstein-1-150x150.jpg 150w, https:\/\/www.emilysentourage.org\/wp-content\/uploads\/Sarah-Goldstein-1-100x100.jpg 100w\" sizes=\"(max-width: 300px) 100vw, 300px\" \/><\/p>\n<p style=\"text-align: left;\"><strong>Bio bient\u00f4t disponible !<\/strong><\/p>\n<p><a class=\"fasc-button fasc-size-medium fasc-type-flat fasc-style-bold\" style=\"background-color: #814c9e; color: #ffffff;\" target=\"_blank\" rel=\"noopener\" href=\"https:\/\/www.facebook.com\/donate\/352667381970186\/\">FAIRE UN DON<\/a><\/p>\n<p>&nbsp;<\/p>\n<p>&nbsp;<\/p>\n<p>&nbsp;<\/p>\n<p>&nbsp;<\/p>\n<p>&nbsp;<\/p>\n<p>&nbsp;<\/p>\n<hr>\n<p><strong>SETH HAGARTY<img loading=\"lazy\" decoding=\"async\" class=\"size-full wp-image-11836 alignright\" src=\"https:\/\/www.emilysentourage.org\/wp-content\/uploads\/PhotoComingSoon.jpg\" alt=\"\" width=\"300\" height=\"300\" srcset=\"https:\/\/www.emilysentourage.org\/wp-content\/uploads\/PhotoComingSoon.jpg 300w, https:\/\/www.emilysentourage.org\/wp-content\/uploads\/PhotoComingSoon-150x150.jpg 150w, https:\/\/www.emilysentourage.org\/wp-content\/uploads\/PhotoComingSoon-100x100.jpg 100w\" sizes=\"(max-width: 300px) 100vw, 300px\" \/><\/strong><\/p>\n<p><strong>Bient\u00f4t disponible !<\/strong><\/p>\n<p>&nbsp;<\/p>\n<p>&nbsp;<\/p>\n<p>&nbsp;<\/p>\n<p>&nbsp;<\/p>\n<p>&nbsp;<\/p>\n<p>&nbsp;<\/p>\n<p>&nbsp;<\/p>\n<hr>\n<p style=\"text-align: left;\"><strong>LAUREN KILLAN &amp; SAM SHAPIRO<\/strong><img loading=\"lazy\" decoding=\"async\" class=\"size-full wp-image-11825 alignleft\" src=\"https:\/\/www.emilysentourage.org\/wp-content\/uploads\/Lauren_Sam.png\" alt=\"\" width=\"300\" height=\"300\" srcset=\"https:\/\/www.emilysentourage.org\/wp-content\/uploads\/Lauren_Sam.png 300w, https:\/\/www.emilysentourage.org\/wp-content\/uploads\/Lauren_Sam-150x150.png 150w, https:\/\/www.emilysentourage.org\/wp-content\/uploads\/Lauren_Sam-100x100.png 100w\" sizes=\"(max-width: 300px) 100vw, 300px\" \/><\/p>\n<p style=\"text-align: left;\"><strong>Fait amusant :<\/strong> \"J'ai v\u00e9cu dans trois \u00c9tats diff\u00e9rents en cinq ans. - Lauren<\/p>\n<p style=\"text-align: left;\">\"Je suis mortellement allergique \u00e0 la truite et \u00e0 aucun autre poisson. - Sam<\/p>\n<p style=\"text-align: left;\"><strong>Int\u00e9r\u00eats et loisirs :<\/strong> \"Voyage, musique live, yoga et lecture\" - Lauren<\/p>\n<p style=\"text-align: left;\">\"Le football am\u00e9ricain, la cuisine, le golf, la musique et la bi\u00e8re artisanale\" - Sam&nbsp;<\/p>\n<p style=\"text-align: left;\"><strong>Pourquoi ils se sont engag\u00e9s dans l'EE :<\/strong> \"J'ai assist\u00e9 \u00e0 mon premier gala de l'EE il y a quelques ann\u00e9es et j'ai \u00e9t\u00e9 vraiment inspir\u00e9e. La force et la d\u00e9termination d'Emily \u00e0 lutter contre la FK et \u00e0 trouver un rem\u00e8de, tout en combattant la maladie, sont remarquables, in\u00e9gal\u00e9es et impossibles \u00e0 ignorer. Elle a cr\u00e9\u00e9 autour d'elle un entourage dont je suis fi\u00e8re de faire partie ! - Lauren<\/p>\n<p style=\"text-align: left;\">\"Je me suis impliqu\u00e9e dans l'EE principalement en raison de mon lien imm\u00e9diat avec la famille Kramer-Golinkoff. Coby et moi \u00e9tions ins\u00e9parables quand nous \u00e9tions enfants, et j'ai donc pu voir de mes propres yeux la maladie d'Emily, ce qui m'a permis de vraiment comprendre ce qu'elle doit endurer tous les jours. La fa\u00e7on dont Emily lutte contre la FK est une source d'inspiration pour moi, et je suis tr\u00e8s heureuse de pouvoir contribuer \u00e0 une si grande cause. - Sam<\/p>\n<p><a class=\"fasc-button fasc-size-medium fasc-type-flat fasc-style-bold\" style=\"background-color: #814c9e; color: #ffffff;\" target=\"_blank\" rel=\"noopener\" href=\"https:\/\/www.facebook.com\/donate\/530592897353066\/\">FAIRE UN DON<\/a><\/p>\n<hr>\n<p><strong>MARK KESSLER &amp; LAURA LEVENBERG<img loading=\"lazy\" decoding=\"async\" class=\"size-full wp-image-11836 alignright\" src=\"https:\/\/www.emilysentourage.org\/wp-content\/uploads\/PhotoComingSoon.jpg\" alt=\"\" width=\"300\" height=\"300\" srcset=\"https:\/\/www.emilysentourage.org\/wp-content\/uploads\/PhotoComingSoon.jpg 300w, https:\/\/www.emilysentourage.org\/wp-content\/uploads\/PhotoComingSoon-150x150.jpg 150w, https:\/\/www.emilysentourage.org\/wp-content\/uploads\/PhotoComingSoon-100x100.jpg 100w\" sizes=\"(max-width: 300px) 100vw, 300px\" \/><\/strong><\/p>\n<p><strong>Bient\u00f4t disponible !&nbsp;<\/strong><\/p>\n<p>&nbsp;<\/p>\n<p>&nbsp;<\/p>\n<p>&nbsp;<\/p>\n<p>&nbsp;<\/p>\n<p>&nbsp;<\/p>\n<p>&nbsp;<\/p>\n<p>&nbsp;<\/p>\n<hr>\n<p><strong>JARROD LANDAU<img loading=\"lazy\" decoding=\"async\" class=\"size-full wp-image-11844 alignleft\" src=\"https:\/\/www.emilysentourage.org\/wp-content\/uploads\/Jarrod_headshot.jpg\" alt=\"\" width=\"300\" height=\"300\" srcset=\"https:\/\/www.emilysentourage.org\/wp-content\/uploads\/Jarrod_headshot.jpg 300w, https:\/\/www.emilysentourage.org\/wp-content\/uploads\/Jarrod_headshot-150x150.jpg 150w, https:\/\/www.emilysentourage.org\/wp-content\/uploads\/Jarrod_headshot-100x100.jpg 100w\" sizes=\"(max-width: 300px) 100vw, 300px\" \/><\/strong><\/p>\n<p><strong>Fait amusant :<\/strong> Il a v\u00e9cu en Australie la majeure partie de sa vie et a \u00e9galement v\u00e9cu 7 ans \u00e0 Barcelone, en Espagne, dans le cadre d'un essai m\u00e9dical, avec sa femme et ses enfants !<\/p>\n<p><strong>Int\u00e9r\u00eats et loisirs :<\/strong>&nbsp;Les op\u00e9rations de change et la vie pr\u00e8s de l'oc\u00e9an.&nbsp;<\/p>\n<p><strong>Pourquoi ils se sont engag\u00e9s dans l'EE :<\/strong> \"Comme Emily, je suis atteint de FK avec deux mutations non sens, donc toute avanc\u00e9e r\u00e9alis\u00e9e gr\u00e2ce \u00e0 l'EE me sera \u00e9galement b\u00e9n\u00e9fique. Je me sens honor\u00e9e de pouvoir contribuer au soutien d'une organisation caritative aussi extraordinaire et je suis convaincue que la recherche financ\u00e9e par l'EE est le meilleur espoir que j'ai de trouver un rem\u00e8de aux mutations non-sens de la fibrose kystique.&nbsp;<\/p>\n<p><a class=\"fasc-button fasc-size-medium fasc-type-flat fasc-style-bold\" style=\"background-color: #814c9e; color: #ffffff;\" target=\"_blank\" rel=\"noopener\" href=\"https:\/\/fundly.com\/2018-emily-s-entourage-champions-phl-jarrod\">FAIRE UN DON<\/a><\/p>\n<p>&nbsp;<\/p>\n<hr>\n<p><strong>GREG MALTZMAN<img loading=\"lazy\" decoding=\"async\" class=\"wp-image-11877 size-full alignright\" src=\"https:\/\/www.emilysentourage.org\/wp-content\/uploads\/greg_headshot.png\" alt=\"\" width=\"300\" height=\"300\" srcset=\"https:\/\/www.emilysentourage.org\/wp-content\/uploads\/greg_headshot.png 300w, https:\/\/www.emilysentourage.org\/wp-content\/uploads\/greg_headshot-150x150.png 150w, https:\/\/www.emilysentourage.org\/wp-content\/uploads\/greg_headshot-100x100.png 100w\" sizes=\"(max-width: 300px) 100vw, 300px\" \/><\/strong><\/p>\n<p><strong>Fait amusant : <\/strong>\"J'ai rencontr\u00e9 ma femme dans un camp de vacances et maintenant nos deux enfants fr\u00e9quentent le m\u00eame camp ! (Camp Schodack)\"&nbsp;<\/p>\n<p><strong>Int\u00e9r\u00eats et loisirs : <\/strong>\"Le parachutisme, le Grateful Dead, les NJ Devils et la course \u00e0 pied\".&nbsp;<\/p>\n<p><strong>Pourquoi ils se sont engag\u00e9s dans l'EE :<\/strong> \" Ma femme conna\u00eet Emily et sa famille depuis plus de 30 ans par l'interm\u00e9diaire d'une amie de longue date de la famille, Bronwyn Breitner.  Nous nous sommes impliqu\u00e9s dans l'EE lors du premier \u00e9v\u00e9nement EENY, puis en 2017, nous nous sommes port\u00e9s volontaires pour collecter des fonds en tant que champions de l'EE. Nous sommes inspir\u00e9s par l'engagement d'Emily et de sa famille \u00e0 avoir un impact chaque jour.\"<\/p>\n<p><a class=\"fasc-button fasc-size-medium fasc-type-flat fasc-style-bold\" style=\"background-color: #814c9e; color: #ffffff;\">FAIRE UN DON<\/a><\/p>\n<p>&nbsp;<\/p>\n<hr>\n<p><strong>JESSICA MANCUSO<img loading=\"lazy\" decoding=\"async\" class=\"size-full wp-image-11828 alignleft\" src=\"https:\/\/www.emilysentourage.org\/wp-content\/uploads\/jessicachamp.jpg\" alt=\"\" width=\"300\" height=\"300\" srcset=\"https:\/\/www.emilysentourage.org\/wp-content\/uploads\/jessicachamp.jpg 300w, https:\/\/www.emilysentourage.org\/wp-content\/uploads\/jessicachamp-150x150.jpg 150w, https:\/\/www.emilysentourage.org\/wp-content\/uploads\/jessicachamp-100x100.jpg 100w\" sizes=\"(max-width: 300px) 100vw, 300px\" \/><\/strong><\/p>\n<p><strong>Fait amusant :<\/strong> \"J'ai v\u00e9cu \u00e0 Los Angeles o\u00f9 j'ai fait de la publicit\u00e9 pour Toyota et j'ai enseign\u00e9 la natation dans des maisons priv\u00e9es.<\/p>\n<p><strong>Int\u00e9r\u00eats et loisirs :<\/strong> \"Tennis, th\u00e9\u00e2tre, passer du temps avec ses amis et sa famille&nbsp;<\/p>\n<p><strong>Pourquoi ils se sont engag\u00e9s dans l'EE :<\/strong> \"Je me souviens avoir toujours \u00e9t\u00e9 au Starbucks Bala et avoir vu Emily et sa m\u00e8re travailler sans rel\u00e2che pour faire d'EE l'organisation qu'elle est aujourd'hui. Chaque ann\u00e9e, je me sens encore plus passionn\u00e9e par EE et sa mission que l'ann\u00e9e pr\u00e9c\u00e9dente. Je vous encourage \u00e0 en apprendre davantage sur la maladie qui affecte Emily et \u00e0 faire un don, afin que l'ann\u00e9e prochaine, nous n'ayons pas \u00e0 le faire.<\/p>\n<p><a class=\"fasc-button fasc-size-medium fasc-type-flat fasc-style-bold\" style=\"background-color: #814c9e; color: #ffffff;\" target=\"_blank\" rel=\"noopener\" href=\"https:\/\/www.facebook.com\/donate\/1921351277907625\/\">FAIRE UN DON<\/a><\/p>\n<p>&nbsp;<\/p>\n<hr>\n<p><strong>EMMA MARTINEZ &amp; <\/strong><strong>CHLOE PLISSONNEAU-DUQUENE<\/strong><\/p>\n<p><strong><img loading=\"lazy\" decoding=\"async\" class=\"alignright wp-image-11833\" src=\"https:\/\/www.emilysentourage.org\/wp-content\/uploads\/ChloeChamp.jpg\" alt=\"\" width=\"250\" height=\"250\" srcset=\"https:\/\/www.emilysentourage.org\/wp-content\/uploads\/ChloeChamp.jpg 300w, https:\/\/www.emilysentourage.org\/wp-content\/uploads\/ChloeChamp-150x150.jpg 150w, https:\/\/www.emilysentourage.org\/wp-content\/uploads\/ChloeChamp-100x100.jpg 100w\" sizes=\"(max-width: 250px) 100vw, 250px\" \/><img loading=\"lazy\" decoding=\"async\" class=\"alignright wp-image-11832\" src=\"https:\/\/www.emilysentourage.org\/wp-content\/uploads\/EmmaChamp.jpg\" alt=\"\" width=\"250\" height=\"250\" srcset=\"https:\/\/www.emilysentourage.org\/wp-content\/uploads\/EmmaChamp.jpg 300w, https:\/\/www.emilysentourage.org\/wp-content\/uploads\/EmmaChamp-150x150.jpg 150w, https:\/\/www.emilysentourage.org\/wp-content\/uploads\/EmmaChamp-100x100.jpg 100w\" sizes=\"(max-width: 250px) 100vw, 250px\" \/><\/strong><\/p>\n<p><strong>Fait amusant :&nbsp;<\/strong>\"Au lyc\u00e9e, nous avons entendu aux informations que le gouvernement \u00e9tait sur le point d'adopter une loi injuste concernant le march\u00e9 du travail, alors nous avons appel\u00e9 le bureau du minist\u00e8re et nous avons d\u00e9fendu ce qui \u00e9tait juste !&nbsp;<\/p>\n<p><strong>Int\u00e9r\u00eats et loisirs :<\/strong> \"Le cin\u00e9ma, la photographie, le th\u00e9\u00e2tre et le sport. - Emma&nbsp;<\/p>\n<p>\"\u00c9crire, apprendre\/parler l'anglais, appeler des amis, faire du b\u00e9n\u00e9volat pour EE et Cheer Up !<\/p>\n<p><strong>Pourquoi ils se sont engag\u00e9s dans l'EE :<\/strong>&nbsp;\"Liza et Emily nous envoient toujours des messages adorables et encourageants. Nous ne pouvions pas envisager de ne pas rejoindre l'\u00e9quipe des EE Champs cette ann\u00e9e encore ! - Emma&nbsp;<\/p>\n<p>\"S'engager en tant que champion de l'EE l'ann\u00e9e derni\u00e8re \u00e9tait incroyable. Repr\u00e9senter les tout premiers champions internationaux \u00e9tait formidable ! Nous avons ador\u00e9 chaque instant de notre campagne de collecte de fonds ! L'EE a allum\u00e9 dans mon c\u0153ur un feu qui ne cessera jamais de briller\". - Chlo\u00e9<\/p>\n<p><a class=\"fasc-button fasc-size-medium fasc-type-flat fasc-style-bold\" style=\"background-color: #814c9e; color: #ffffff;\" target=\"_blank\" rel=\"noopener\" href=\"https:\/\/www.facebook.com\/donate\/512885789214679\/\">FAIRE UN DON<\/a><\/p>\n<hr>\n<p><strong>JOSH, SAM, &amp; ZARA MELLITS<\/strong><img loading=\"lazy\" decoding=\"async\" class=\"alignleft wp-image-11846\" src=\"https:\/\/www.emilysentourage.org\/wp-content\/uploads\/Mellits-Josh-EE.jpg\" alt=\"\" width=\"200\" height=\"200\" srcset=\"https:\/\/www.emilysentourage.org\/wp-content\/uploads\/Mellits-Josh-EE.jpg 300w, https:\/\/www.emilysentourage.org\/wp-content\/uploads\/Mellits-Josh-EE-150x150.jpg 150w, https:\/\/www.emilysentourage.org\/wp-content\/uploads\/Mellits-Josh-EE-100x100.jpg 100w\" sizes=\"(max-width: 200px) 100vw, 200px\" \/><strong><img loading=\"lazy\" decoding=\"async\" class=\"alignleft wp-image-11847\" src=\"https:\/\/www.emilysentourage.org\/wp-content\/uploads\/Mellits-Sam-EE.jpg\" alt=\"\" width=\"200\" height=\"200\" srcset=\"https:\/\/www.emilysentourage.org\/wp-content\/uploads\/Mellits-Sam-EE.jpg 300w, https:\/\/www.emilysentourage.org\/wp-content\/uploads\/Mellits-Sam-EE-150x150.jpg 150w, https:\/\/www.emilysentourage.org\/wp-content\/uploads\/Mellits-Sam-EE-100x100.jpg 100w\" sizes=\"(max-width: 200px) 100vw, 200px\" \/><\/strong><\/p>\n<p><strong>Fait amusant :<\/strong> \"Mon fr\u00e8re a g\u00e2ch\u00e9 la f\u00eate de mon deuxi\u00e8me anniversaire en naissant ce jour-l\u00e0, et m\u00eame si j'ai d\u00fb partager ce jour depuis, il est le meilleur cadeau que j'aie jamais re\u00e7u ! - Josh<\/p>\n<p>\"Je sensibilise activement les gens \u00e0 la question des enfants du milieu - nous existons, nous vivons parmi vous et nous n'allons pas \u00eatre oubli\u00e9s ! - Sam<\/p>\n<p>\"Mon parfum de glace pr\u00e9f\u00e9r\u00e9 est la banane. - Zara<\/p>\n<p>&nbsp;<\/p>\n<p><strong><img loading=\"lazy\" decoding=\"async\" class=\"wp-image-11848 alignleft\" src=\"https:\/\/www.emilysentourage.org\/wp-content\/uploads\/Mellits-Zara-EE.jpg\" alt=\"\" width=\"200\" height=\"200\" srcset=\"https:\/\/www.emilysentourage.org\/wp-content\/uploads\/Mellits-Zara-EE.jpg 300w, https:\/\/www.emilysentourage.org\/wp-content\/uploads\/Mellits-Zara-EE-150x150.jpg 150w, https:\/\/www.emilysentourage.org\/wp-content\/uploads\/Mellits-Zara-EE-100x100.jpg 100w\" sizes=\"(max-width: 200px) 100vw, 200px\" \/>Int\u00e9r\u00eats et loisirs :<\/strong> \"Trivia, actualit\u00e9s, a cappella, sports de Philadelphie\" - Josh<\/p>\n<p>\"Cuisine, basket-ball, randonn\u00e9e, cin\u00e9ma\" - Sam<\/p>\n<p>\"Les chiens, le football du Michigan, Grey's Anatomy, tout ce qui contient Lin-Manuel Miranda\" - Zara<\/p>\n<p><strong>Pourquoi ils se sont engag\u00e9s dans l'EE :<\/strong> \"Apr\u00e8s avoir subi un test g\u00e9n\u00e9tique alors que j'\u00e9tais \u00e9tudiante \u00e0 l'universit\u00e9 de Boston il y a pr\u00e8s de dix ans, je n'ai jamais dit \u00e0 mes proches que j'\u00e9tais porteuse de la fibrose kystique. Mais quelques ann\u00e9es plus tard, j'ai pris connaissance de l'histoire inspirante et de l'esprit infatigable d'Emily, et je suis fi\u00e8re que ma famille se soit depuis fortement engag\u00e9e en faveur de l'EE. Je suis d\u00e9termin\u00e9 \u00e0 franchir la prochaine \u00e9tape avec mon fr\u00e8re et ma s\u0153ur en tant que champions de l'EE afin de faire notre part dans la lutte critique contre la FK. - Josh<\/p>\n<p>\"Alors que j'\u00e9tais \u00e9tudiant \u00e0 l'Universit\u00e9 de Pittsburgh, j'ai \u00e9t\u00e9 test\u00e9 pour une vari\u00e9t\u00e9 de maladies g\u00e9n\u00e9tiques juives et je n'\u00e9tais porteur d'aucune, mais tout le monde dans ma famille n'a pas eu la m\u00eame chance. Apr\u00e8s avoir rencontr\u00e9 Emily et ses fans inspirants, j'ai fait du b\u00e9n\u00e9volat au genius bar lors du gala de l'EE en 2013. L'EE ouvre la voie non seulement \u00e0 la gu\u00e9rison de la fibrose kystique, mais aussi \u00e0 des avanc\u00e9es dans les th\u00e9rapies g\u00e9n\u00e9tiques individualis\u00e9es qui peuvent \u00eatre utilis\u00e9es pour traiter d'innombrables autres maladies !\" - Sam<\/p>\n<p>\"Pendant des ann\u00e9es, j'ai entendu parler du courage et de la d\u00e9termination d'Emily et de l'\u00e9quipe de l'EE. Aujourd'hui, en tant qu'\u00e9tudiante en doctorat de kin\u00e9sith\u00e9rapie, j'\u00e9tudie le syst\u00e8me pulmonaire et j'ai appris l'existence de la veste de percussion et du traitement par percussion manuelle pour la FK, et je suis d\u00e9termin\u00e9e \u00e0 soutenir ces efforts. - Zara<\/p>\n<p><a class=\"fasc-button fasc-size-medium fasc-type-flat fasc-style-bold\" style=\"background-color: #814c9e; color: #ffffff;\" target=\"_blank\" rel=\"noopener\" href=\"https:\/\/www.facebook.com\/donate\/292576454694105\/\">FAIRE UN DON<\/a><\/p>\n<hr>\n<p><strong>LE FC EST UN NON-SENS<\/strong> (Clare McCarthy, Jesse Coffey, Karly Jerman, Alex King, Sam Reffsin, Krishna Trehan)<img loading=\"lazy\" decoding=\"async\" class=\"wp-image-11861 alignright\" src=\"https:\/\/www.emilysentourage.org\/wp-content\/uploads\/JesseCoffey.jpg\" alt=\"\" width=\"200\" height=\"200\" srcset=\"https:\/\/www.emilysentourage.org\/wp-content\/uploads\/JesseCoffey.jpg 300w, https:\/\/www.emilysentourage.org\/wp-content\/uploads\/JesseCoffey-150x150.jpg 150w, https:\/\/www.emilysentourage.org\/wp-content\/uploads\/JesseCoffey-100x100.jpg 100w\" sizes=\"(max-width: 200px) 100vw, 200px\" \/><img loading=\"lazy\" decoding=\"async\" class=\"size-full wp-image-11860 alignright\" src=\"https:\/\/www.emilysentourage.org\/wp-content\/uploads\/Clare.png\" alt=\"\" width=\"200\" height=\"200\" srcset=\"https:\/\/www.emilysentourage.org\/wp-content\/uploads\/Clare.png 200w, https:\/\/www.emilysentourage.org\/wp-content\/uploads\/Clare-150x150.png 150w, https:\/\/www.emilysentourage.org\/wp-content\/uploads\/Clare-100x100.png 100w\" sizes=\"(max-width: 200px) 100vw, 200px\" \/><\/p>\n<p><strong>Fait amusant :<\/strong> \"Je viens du Minnesota ! - Clare&nbsp;<\/p>\n<p>\"Je peux changer les ampoules sans \u00e9chelle ! - Jesse<\/p>\n<p>\"J'ai d\u00e9j\u00e0 fait une tour Eiffel de 2,5 pieds de haut avec du g\u00e2teau ! - Karley<\/p>\n<p>\"J'ai 27 cousins !\" - Alex<\/p>\n<p>\"J'ai mang\u00e9 trois burritos chipotle en une seule fois \u00e0 plusieurs reprises. - Sam<img loading=\"lazy\" decoding=\"async\" class=\"wp-image-11865 alignright\" src=\"https:\/\/www.emilysentourage.org\/wp-content\/uploads\/AlexandraKing.jpg\" alt=\"\" width=\"200\" height=\"200\" srcset=\"https:\/\/www.emilysentourage.org\/wp-content\/uploads\/AlexandraKing.jpg 300w, https:\/\/www.emilysentourage.org\/wp-content\/uploads\/AlexandraKing-150x150.jpg 150w, https:\/\/www.emilysentourage.org\/wp-content\/uploads\/AlexandraKing-100x100.jpg 100w\" sizes=\"(max-width: 200px) 100vw, 200px\" \/><img loading=\"lazy\" decoding=\"async\" class=\"wp-image-11863 alignright\" src=\"https:\/\/www.emilysentourage.org\/wp-content\/uploads\/KarlyJerman.jpg\" alt=\"\" width=\"200\" height=\"200\" srcset=\"https:\/\/www.emilysentourage.org\/wp-content\/uploads\/KarlyJerman.jpg 300w, https:\/\/www.emilysentourage.org\/wp-content\/uploads\/KarlyJerman-150x150.jpg 150w, https:\/\/www.emilysentourage.org\/wp-content\/uploads\/KarlyJerman-100x100.jpg 100w\" sizes=\"(max-width: 200px) 100vw, 200px\" \/><\/p>\n<p>\"Au lyc\u00e9e, j'ai \u00e9t\u00e9 accidentellement nomm\u00e9e princesse du bal. - Krishna<\/p>\n<p><strong>Int\u00e9r\u00eats et loisirs :<\/strong> \"Courir, lire et jouer au spikeball\" - Clare<\/p>\n<p>\"J'aime les activit\u00e9s de plein air, la d\u00e9couverte de la r\u00e9gion viticole et tout ce qui a trait \u00e0 l'espace\" - Jesse<\/p>\n<p>\"J'aime beaucoup le volley-ball, la natation, le camping et passer du temps avec mes amis. - Karly<\/p>\n<p>\"Volley-ball, violoncelle et sorties entre amis\" - Alex<\/p>\n<p><img loading=\"lazy\" decoding=\"async\" class=\"wp-image-11870 alignright\" src=\"https:\/\/www.emilysentourage.org\/wp-content\/uploads\/KrishnaTrehan.jpg\" alt=\"\" width=\"200\" height=\"200\" srcset=\"https:\/\/www.emilysentourage.org\/wp-content\/uploads\/KrishnaTrehan.jpg 300w, https:\/\/www.emilysentourage.org\/wp-content\/uploads\/KrishnaTrehan-150x150.jpg 150w, https:\/\/www.emilysentourage.org\/wp-content\/uploads\/KrishnaTrehan-100x100.jpg 100w\" sizes=\"(max-width: 200px) 100vw, 200px\" \/><img loading=\"lazy\" decoding=\"async\" class=\"wp-image-11867 alignright\" src=\"https:\/\/www.emilysentourage.org\/wp-content\/uploads\/SamReffsin_headshot.png\" alt=\"\" width=\"200\" height=\"200\" srcset=\"https:\/\/www.emilysentourage.org\/wp-content\/uploads\/SamReffsin_headshot.png 300w, https:\/\/www.emilysentourage.org\/wp-content\/uploads\/SamReffsin_headshot-150x150.png 150w, https:\/\/www.emilysentourage.org\/wp-content\/uploads\/SamReffsin_headshot-100x100.png 100w\" sizes=\"(max-width: 200px) 100vw, 200px\" \/>\"Randonn\u00e9e, course \u00e0 pied et science\" - Sam<\/p>\n<p>\"Voyager, jouer au basket-ball et manger des pizzas. - Krishna<\/p>\n<p><strong>Pourquoi ils se sont engag\u00e9s dans l'EE :<\/strong> \"Je me suis impliqu\u00e9e dans l'EE par l'interm\u00e9diaire de Julia Kramer-Golinkoff, ma colocataire et meilleure amie ! Gr\u00e2ce \u00e0 Julia, j'ai rencontr\u00e9 Emily et j'ai appris \u00e0 conna\u00eetre et \u00e0 aimer leur famille. Je suis tr\u00e8s heureuse d'avoir la chance de m'impliquer davantage dans EE, car je pense que c'est une organisation qui se consacre vraiment \u00e0 l'am\u00e9lioration des soins de sant\u00e9 et \u00e0 la sensibilisation des personnes atteintes de fibrose kystique. - Clare<\/p>\n<p>\"Voir la passion du personnel et des champions de l'EE a \u00e9t\u00e9 une source d'inspiration. C'est incroyable de voir tout ce qu'ils accomplissent, et c'est passionnant de voir \u00e0 quel point des progr\u00e8s ont d\u00e9j\u00e0 \u00e9t\u00e9 r\u00e9alis\u00e9s sur le terrain ! Nous devions faire partie de quelque chose de si sp\u00e9cial\". - Jesse<\/p>\n<p>\"Julia m'a emmen\u00e9e \u00e0 un \u00e9v\u00e9nement EE cette ann\u00e9e pour en savoir plus. J'ai trouv\u00e9 que c'\u00e9tait une bonne cause pour laquelle collecter de l'argent et un groupe amusant avec lequel s'impliquer\". - Karly&nbsp;<\/p>\n<p>\"J'ai eu envie de rejoindre l'Entourage d'Emily apr\u00e8s avoir vu la passion de la famille Kramer-Golinkoff et des membres de l'organisation pour la recherche d'un rem\u00e8de. Les progr\u00e8s r\u00e9alis\u00e9s gr\u00e2ce \u00e0 l'Entourage d'Emily sont incroyables et je suis ravie d'en faire partie ! - Alex&nbsp;<\/p>\n<p>\"Apr\u00e8s avoir interagi avec de nombreux membres de l'EE et vu la passion et l'espoir qui se d\u00e9gagent de l'organisation, j'ai \u00e9t\u00e9 s\u00e9duite. Je me r\u00e9jouis de pouvoir contribuer \u00e0 la recherche d'un rem\u00e8de contre la fibrose kystique par tous les moyens possibles.\" - Sam<\/p>\n<p>\"Je me suis impliqu\u00e9e dans EE en raison de l'incroyable positivit\u00e9 qui entoure Emily et son \u00e9quipe. Voir d'autres personnes si passionn\u00e9es par une si grande cause m'a donn\u00e9 envie de participer \u00e0 leurs efforts et d'aider \u00e0 r\u00e9soudre un probl\u00e8me difficile ! - Krishna<\/p>\n<p><a class=\"fasc-button fasc-size-medium fasc-type-flat fasc-style-bold\" style=\"background-color: #814c9e; color: #ffffff;\" target=\"_blank\" rel=\"noopener\" href=\"https:\/\/www.facebook.com\/donate\/1391246777672283\/\">FAIRE UN DON<\/a><\/p>\n<hr>\n<p><strong>CINDY PICCERILO<img loading=\"lazy\" decoding=\"async\" class=\"size-full wp-image-11838 alignleft\" src=\"https:\/\/www.emilysentourage.org\/wp-content\/uploads\/cindypic_headshot.jpg\" alt=\"\" width=\"300\" height=\"300\" srcset=\"https:\/\/www.emilysentourage.org\/wp-content\/uploads\/cindypic_headshot.jpg 300w, https:\/\/www.emilysentourage.org\/wp-content\/uploads\/cindypic_headshot-150x150.jpg 150w, https:\/\/www.emilysentourage.org\/wp-content\/uploads\/cindypic_headshot-100x100.jpg 100w\" sizes=\"(max-width: 300px) 100vw, 300px\" \/>&nbsp;<\/strong><\/p>\n<p><strong>Fait amusant :<\/strong> \"J'ai \u00e9t\u00e9 en Afrique !<\/p>\n<p><strong>Int\u00e9r\u00eats et loisirs :<\/strong> \"Course \u00e0 pied, voyages, football, puzzles (surtout KenKen), passer du temps avec mes ni\u00e8ces et mon neveu.<\/p>\n<p><strong>Pourquoi ils se sont engag\u00e9s dans l'EE :<\/strong>&nbsp;&nbsp;\"Ma ni\u00e8ce est atteinte de mucoviscidose. Elle a acc\u00e8s au \"m\u00e9dicament miracle\" et je veux faire ce que je peux pour aider \u00e0 rendre cela possible pour toutes les personnes atteintes de FK !<\/p>\n<p><a class=\"fasc-button fasc-size-medium fasc-type-flat fasc-style-bold\" style=\"background-color: #814c9e; color: #ffffff;\" target=\"_blank\" rel=\"noopener\" href=\"https:\/\/www.facebook.com\/donate\/1796932730375594\/\">FAIRE UN DON<\/a><\/p>\n<p>&nbsp;<\/p>\n<p>&nbsp;<\/p>\n<hr>\n<p><strong>MORRI SAFRAN<img loading=\"lazy\" decoding=\"async\" class=\"size-full wp-image-11836 alignright\" src=\"https:\/\/www.emilysentourage.org\/wp-content\/uploads\/PhotoComingSoon.jpg\" alt=\"\" width=\"300\" height=\"300\" srcset=\"https:\/\/www.emilysentourage.org\/wp-content\/uploads\/PhotoComingSoon.jpg 300w, https:\/\/www.emilysentourage.org\/wp-content\/uploads\/PhotoComingSoon-150x150.jpg 150w, https:\/\/www.emilysentourage.org\/wp-content\/uploads\/PhotoComingSoon-100x100.jpg 100w\" sizes=\"(max-width: 300px) 100vw, 300px\" \/><\/strong><\/p>\n<p><strong>Fait amusant :&nbsp;<\/strong>\"Toute ma vie, j'ai port\u00e9 mes chaussettes \u00e0 l'envers.\"&nbsp;<\/p>\n<p><strong>Int\u00e9r\u00eats et loisirs :<\/strong> Yoga<\/p>\n<p><strong>Pourquoi ils se sont engag\u00e9s dans l'EE :<\/strong> \"Alors que je faisais mon yoga habituel le dimanche matin, j'ai remarqu\u00e9 une nouvelle personne dans la classe et je me suis pr\u00e9sent\u00e9e, apprenant qu'elle s'appelait Judy Tykocinski. J'ai pass\u00e9 une soir\u00e9e tr\u00e8s enrichissante chez Judy et Mark, j'ai entendu des discours de grands leaders et j'ai rencontr\u00e9 la famille Kramer-Golinkoff. Le lendemain, je me suis engag\u00e9e comme championne de l'\u00e9ducation \u00e0 l'environnement.<\/p>\n<p><a class=\"fasc-button fasc-size-medium fasc-type-flat fasc-style-bold\" style=\"background-color: #814c9e; color: #ffffff;\" target=\"_blank\" rel=\"noopener\" href=\"https:\/\/fundly.com\/2018-emily-s-entourage-champions-phl-morri-s-ee-champions-campaign\">FAIRE UN DON<\/a><\/p>\n<p>&nbsp;<\/p>\n<hr>\n<p><strong>JORDYN SHAFFER<img loading=\"lazy\" decoding=\"async\" class=\"size-full wp-image-11837 alignleft\" src=\"https:\/\/www.emilysentourage.org\/wp-content\/uploads\/Jordyn_headshot.jpg\" alt=\"\" width=\"300\" height=\"300\" srcset=\"https:\/\/www.emilysentourage.org\/wp-content\/uploads\/Jordyn_headshot.jpg 300w, https:\/\/www.emilysentourage.org\/wp-content\/uploads\/Jordyn_headshot-150x150.jpg 150w, https:\/\/www.emilysentourage.org\/wp-content\/uploads\/Jordyn_headshot-100x100.jpg 100w\" sizes=\"(max-width: 300px) 100vw, 300px\" \/><\/strong><\/p>\n<p><strong>Fait amusant :<\/strong> Mon surnom est \"Byrd\" parce que j'adore les m\u00e9langes de fruits et l\u00e9gumes !<\/p>\n<p><strong>Int\u00e9r\u00eats et loisirs :<\/strong> \"Tennis, yoga et voyages<\/p>\n<p><strong>Pourquoi ils se sont engag\u00e9s dans l'EE :<\/strong> \"En tant qu'amie de la famille d'Emily, je suis admirative de son intelligence et de son engagement \u00e0 trouver un rem\u00e8de \u00e0 la fibrose kystique. J'ai en fait \u00e9crit le tout premier article sur l'Entourage d'Emily alors que j'\u00e9tais stagiaire \u00e0 NBC10 et je me suis toujours sentie li\u00e9e \u00e0 l'organisation depuis le jour o\u00f9 il a \u00e9t\u00e9 publi\u00e9. Je suis impatiente de m'impliquer encore davantage.<\/p>\n<p><a class=\"fasc-button fasc-size-medium fasc-type-flat fasc-style-bold\" style=\"background-color: #814c9e; color: #ffffff;\" target=\"_blank\" rel=\"noopener\" href=\"https:\/\/www.facebook.com\/donate\/520736308428311\/\">FAIRE UN DON<\/a><\/p>\n<p>&nbsp;<\/p>\n<hr>\n<p><strong>ERIN SHANAHAN<img loading=\"lazy\" decoding=\"async\" class=\"wp-image-11908 size-full alignright\" src=\"https:\/\/www.emilysentourage.org\/wp-content\/uploads\/erin.jpg\" alt=\"\" width=\"300\" height=\"300\" srcset=\"https:\/\/www.emilysentourage.org\/wp-content\/uploads\/erin.jpg 300w, https:\/\/www.emilysentourage.org\/wp-content\/uploads\/erin-150x150.jpg 150w, https:\/\/www.emilysentourage.org\/wp-content\/uploads\/erin-100x100.jpg 100w\" sizes=\"(max-width: 300px) 100vw, 300px\" \/><\/strong><\/p>\n<p><strong>Fait amusant : \"<\/strong>Mon plat pr\u00e9f\u00e9r\u00e9 est l'\u00e9thiopien, et plus c'est \u00e9pic\u00e9, mieux c'est. J'ai pour objectif de visiter tous les stades de baseball de la MLB (j'en suis \u00e0 50%, mais ils n'arr\u00eatent pas de les d\u00e9molir et de les reconstruire) et de parcourir l'ancienne Route 66 du d\u00e9but \u00e0 la fin\".<\/p>\n<p><strong>Int\u00e9r\u00eats et loisirs :<\/strong>&nbsp;\"Lire, faire de la courtepointe, cuisiner, faire du b\u00e9n\u00e9volat pour le conseil d'administration de la Petite Ligue de mon fils !<\/p>\n<p><strong>Pourquoi ils se sont engag\u00e9s dans l'EE :<\/strong>&nbsp;\"Mon fils de 7 ans est atteint de la maladie homozygote W1282X, et je suis impressionn\u00e9e et enthousiasm\u00e9e par les nouvelles fa\u00e7ons dont l'Entourage d'Emily incite les chercheurs \u00e0 travailler en collaboration pour trouver un rem\u00e8de. J'appr\u00e9cie \u00e9galement l'accent mis sur la recherche qui peut \u00eatre acc\u00e9l\u00e9r\u00e9e afin d'essayer d'obtenir de meilleurs m\u00e9dicaments encore plus t\u00f4t.\"<\/p>\n<p><a class=\"fasc-button fasc-size-medium fasc-type-flat fasc-style-bold\" style=\"background-color: #814c9e; color: #ffffff;\" target=\"_blank\" rel=\"noopener\" href=\"https:\/\/www.facebook.com\/donate\/343186313157476\/\">FAIRE UN DON<\/a><\/p>\n<p>&nbsp;<\/p>\n<p>&nbsp;<\/p>\n<p>&nbsp;<\/p>\n<p>&nbsp;<\/p>\n<p>&nbsp;<\/p>\n<hr>\n<p><strong>ALEXA SCHWEITZER<img loading=\"lazy\" decoding=\"async\" class=\"size-full wp-image-11840 alignleft\" src=\"https:\/\/www.emilysentourage.org\/wp-content\/uploads\/alexa_headshot.jpg\" alt=\"\" width=\"300\" height=\"300\" srcset=\"https:\/\/www.emilysentourage.org\/wp-content\/uploads\/alexa_headshot.jpg 300w, https:\/\/www.emilysentourage.org\/wp-content\/uploads\/alexa_headshot-150x150.jpg 150w, https:\/\/www.emilysentourage.org\/wp-content\/uploads\/alexa_headshot-100x100.jpg 100w\" sizes=\"(max-width: 300px) 100vw, 300px\" \/>&nbsp;<\/strong><\/p>\n<p><strong>Fait amusant :<\/strong> \"Je serai la quatri\u00e8me g\u00e9n\u00e9ration de dentistes dans ma famille !<\/p>\n<p><strong>Int\u00e9r\u00eats et loisirs :<\/strong> \"Cuisine, p\u00e2tisserie, puzzles, course \u00e0 pied et voyages.<\/p>\n<p><strong>Pourquoi ils se sont engag\u00e9s dans l'EE :<\/strong> \"J'ai connu des personnes atteintes de FK toute ma vie et j'ai pass\u00e9 beaucoup de temps \u00e0 me renseigner sur cette maladie \u00e0 l'\u00e9cole dentaire, car elle a de nombreuses manifestations dentaires qui ont un effet sur la sant\u00e9 bucco-dentaire. J'ai entendu parler pour la premi\u00e8re fois de l'Entourage d'Emily lorsque j'\u00e9tais \u00e9tudiante \u00e0 l'Universit\u00e9 de Tulane, o\u00f9 je me suis li\u00e9e d'amiti\u00e9 avec Coby et Julia et o\u00f9 j'ai assist\u00e9 \u00e0 tous les \u00e9v\u00e9nements de l'EE sur le campus. J'ai \u00e9t\u00e9 imm\u00e9diatement inspir\u00e9e par l'histoire d'Emily et par le caract\u00e8re incroyable de cette organisation et de cette famille. Je me suis tenue au courant des actualit\u00e9s de l'EE et maintenant que je suis dans la ville o\u00f9 tout a commenc\u00e9, il est important pour moi de partager l'histoire d'Emily et de sensibiliser ma famille, mes amis et mon r\u00e9seau de dentistes au travail innovant de l'Entourage. J'ai beaucoup de chance d'avoir ma famille EE ici \u00e0 Philadelphie, de conna\u00eetre cet incroyable Entourage et d'en faire partie !<\/p>\n<p><a class=\"fasc-button fasc-size-medium fasc-type-flat fasc-style-bold\" style=\"background-color: #814c9e; color: #ffffff;\" target=\"_blank\" rel=\"noopener\" href=\"https:\/\/www.facebook.com\/donate\/2122225204462823\/\">FAIRE UN DON<\/a><\/p>\n<hr>\n<p>&nbsp;<\/p>","protected":false},"excerpt":{"rendered":"<p>It&#8217;s that time of year again! The Emily&#8217;s Entourage 2018 Champions Campaign has been working diligently to reach (and exceed!) their fundraising goal of $1,500 per team by the 7th Annual Evening with Emily&#8217;s Entourage Gala on December 1. This year, we are so thrilled to have our biggest campaign ever with 20 Champion teams&#8230; <\/p>\n<div class=\"clear\"><\/div>\n<p><a href=\"https:\/\/www.emilysentourage.org\/fr\/meet-the-2018-emilys-entourage-champions\/\" class=\"excerpt-read-more\">Lire la suite<\/a><\/p>","protected":false},"author":1704,"featured_media":11853,"comment_status":"open","ping_status":"closed","sticky":false,"template":"","format":"standard","meta":{"_acf_changed":false,"_seopress_robots_primary_cat":"","_seopress_titles_title":"","_seopress_titles_desc":"","_seopress_robots_index":"","_monsterinsights_skip_tracking":false,"_monsterinsights_sitenote_active":false,"_monsterinsights_sitenote_note":"","_monsterinsights_sitenote_category":0,"_jetpack_memberships_contains_paid_content":false,"footnotes":""},"categories":[1],"tags":[],"class_list":["post-11774","post","type-post","status-publish","format-standard","has-post-thumbnail","hentry","category-uncategorized"],"acf":[],"jetpack_featured_media_url":"https:\/\/www.emilysentourage.org\/wp-content\/uploads\/EEChamps2017.jpg","jetpack_sharing_enabled":true,"post_mailing_queue_ids":[],"_links":{"self":[{"href":"https:\/\/www.emilysentourage.org\/fr\/wp-json\/wp\/v2\/posts\/11774","targetHints":{"allow":["GET"]}}],"collection":[{"href":"https:\/\/www.emilysentourage.org\/fr\/wp-json\/wp\/v2\/posts"}],"about":[{"href":"https:\/\/www.emilysentourage.org\/fr\/wp-json\/wp\/v2\/types\/post"}],"author":[{"embeddable":true,"href":"https:\/\/www.emilysentourage.org\/fr\/wp-json\/wp\/v2\/users\/1704"}],"replies":[{"embeddable":true,"href":"https:\/\/www.emilysentourage.org\/fr\/wp-json\/wp\/v2\/comments?post=11774"}],"version-history":[{"count":5,"href":"https:\/\/www.emilysentourage.org\/fr\/wp-json\/wp\/v2\/posts\/11774\/revisions"}],"predecessor-version":[{"id":11890,"href":"https:\/\/www.emilysentourage.org\/fr\/wp-json\/wp\/v2\/posts\/11774\/revisions\/11890"}],"wp:featuredmedia":[{"embeddable":true,"href":"https:\/\/www.emilysentourage.org\/fr\/wp-json\/wp\/v2\/media\/11853"}],"wp:attachment":[{"href":"https:\/\/www.emilysentourage.org\/fr\/wp-json\/wp\/v2\/media?parent=11774"}],"wp:term":[{"taxonomy":"category","embeddable":true,"href":"https:\/\/www.emilysentourage.org\/fr\/wp-json\/wp\/v2\/categories?post=11774"},{"taxonomy":"post_tag","embeddable":true,"href":"https:\/\/www.emilysentourage.org\/fr\/wp-json\/wp\/v2\/tags?post=11774"}],"curies":[{"name":"wp","href":"https:\/\/api.w.org\/{rel}","templated":true}]}}