{"id":712,"date":"2012-06-29T06:54:59","date_gmt":"2012-06-29T13:54:59","guid":{"rendered":"http:\/\/lw.screammedia.net\/?p=712"},"modified":"2023-12-20T04:35:50","modified_gmt":"2023-12-20T09:35:50","slug":"ee-goes-to-cff-teen-advocacy-day-in-washington-d-c","status":"publish","type":"post","link":"https:\/\/www.emilysentourage.org\/es\/ee-goes-to-cff-teen-advocacy-day-in-washington-d-c\/","title":{"rendered":"\u00a1EE va al D\u00eda de Defensa de los Adolescentes de CFF en Washington DC!"},"content":{"rendered":"<p>La hermana de Emily, Julia, viaj\u00f3 a Washington DC para participar en el D\u00eda de Defensa de los Adolescentes de la Cystic Fibrosis Foundation el jueves 28 de junio. Le hicimos preguntas sobre su experiencia en el cabildeo en DC. Mira las respuestas de Julia.<\/p>\n<p style=\"text-align: center;\">---<\/p>\n<p><img fetchpriority=\"high\" decoding=\"async\" class=\"alignright size-medium wp-image-736\" title=\"Julia en el D\u00eda de Defensa de los Adolescentes de CFF en DC\" src=\"https:\/\/www.emilysentourage.org\/wp-content\/uploads\/2012\/06\/607923516-201x300.jpg\" alt=\"\" width=\"201\" height=\"300\" srcset=\"https:\/\/www.emilysentourage.org\/wp-content\/uploads\/2012\/06\/607923516-201x300.jpg 201w, https:\/\/www.emilysentourage.org\/wp-content\/uploads\/2012\/06\/607923516.jpg 600w\" sizes=\"(max-width: 201px) 100vw, 201px\" \/><\/p>\n<p><strong>\u00bfQu\u00e9 es el Programa de Defensa de Adolescentes de CFF?<\/strong><br \/>\nEl programa CFF Teen Advocacy Program es una oportunidad para los adolescentes con hermanos, padres, amigos u otros seres queridos afectados por la FQ de abogar por el apoyo de la investigaci\u00f3n de la fibrosis qu\u00edstica en el congreso.<\/p>\n<p><strong>\u00bfPor qu\u00e9 es importante la promoci\u00f3n de la fibrosis qu\u00edstica?<\/strong><br \/>\nLa fibrosis qu\u00edstica es una enfermedad rara y hu\u00e9rfana, lo que significa que solo afecta a un peque\u00f1o porcentaje de personas. Como resultado, hay menos incentivos para que las empresas farmac\u00e9uticas financien la investigaci\u00f3n de la FQ. Eso significa que la mayor parte del dinero para financiar la investigaci\u00f3n proviene de la recaudaci\u00f3n de fondos de base de personas como nosotros con una conexi\u00f3n con alguien con FQ o del gobierno.<\/p>\n<p><strong>\u00bfC\u00f3mo y por qu\u00e9 te involucraste?\u00a0<\/strong><br \/>\nComo hermano de alguien con FQ, siento que es mi responsabilidad hacer todo lo que est\u00e9 a mi alcance para que la vida de mi hermana sea lo m\u00e1s larga y satisfactoria posible. Cuando escuch\u00e9 sobre el Programa de Defensa de Adolescentes CFF, pens\u00e9 que era una manera fenomenal de hablar y expandir el conocimiento de otros sobre esta enfermedad devastadora y, con suerte, aumentar el apoyo para la investigaci\u00f3n de la FQ en el congreso.<\/p>\n<p><strong>\u00bfCu\u00e1les fueron sus objetivos con el cabildeo del congreso?<\/strong><br \/>\nHubo tres objetivos principales del D\u00eda de la Defensa de los Adolescentes de la CFF este a\u00f1o.<\/p>\n<p>1) Agradezca al congreso por votar para aprobar la <a href=\"https:\/\/www.cff.org\/sites\/default\/files\/2021-11\/National-Corporate-Team-Toolkit.pdf\" target=\"_blank\" rel=\"noopener\">Proyecto de ley de Expansi\u00f3n y Promoci\u00f3n de la Experiencia (EXPERRT)<\/a>, que permite a la Administraci\u00f3n de Alimentos y Medicamentos (FDA) revisar nuevos medicamentos para enfermedades raras (como la FQ) m\u00e1s f\u00e1cilmente al permitirles comunicarse con expertos fuera de la FDA.<\/p>\n<p>2) Alentar al Congreso a salvar partes de la Ley de Reforma de la Atenci\u00f3n M\u00e9dica que permite el acceso a la atenci\u00f3n especializada y costosa de la FQ, se mantenga o no la ley completa.<\/p>\n<p>3) Alentar al congreso a aumentar los fondos para la <a href=\"https:\/\/www.fda.gov\/\" target=\"_blank\" rel=\"noopener\">FDA<\/a>, la <a href=\"https:\/\/www.nih.gov\/\" target=\"_blank\" rel=\"noopener\">Institutos Nacionales de Salud<\/a> y el <a href=\"https:\/\/ncats.nih.gov\/\" target=\"_blank\" rel=\"noopener\">Centro Nacional para el Avance de las Ciencias Traslacionales<\/a>.<\/p>\n<p><strong>\u00bfC\u00f3mo te preparaste para la experiencia?<\/strong><br \/>\nLe\u00ed varios art\u00edculos para prepararme para la experiencia y ampliar mis conocimientos. Muchos de los art\u00edculos se pueden encontrar en <a href=\"https:\/\/www.cff.org\/get-involved\/ways-advocate\" target=\"_blank\" rel=\"noopener\">Secci\u00f3n de Acci\u00f3n de Incidencia<\/a> de El <a href=\"https:\/\/www.cff.orga\" target=\"_blank\" rel=\"noopener\">Sitio web de CFF<\/a>.<\/p>\n<p><strong>\u00bfCon qui\u00e9n se reuni\u00f3 en el congreso?<\/strong><br \/>\nMe reun\u00ed con el personal de los siguientes representantes de Pensilvania: <a href=\"https:\/\/kelly.house.gov\/\" target=\"_blank\" rel=\"noopener\">Representante Mike Kelly<\/a>, <a href=\"http:\/\/altmire.house.gov\/\" target=\"_blank\" rel=\"noopener\">Representante Jason Altmire<\/a>, <a href=\"https:\/\/thompson.house.gov\/\" target=\"_blank\" rel=\"noopener\">Representante Glenn Thompson<\/a>, <a href=\"http:\/\/gerlach.house.gov\/\" target=\"_blank\" rel=\"noopener\">Representante Jim Gerlach<\/a>, <a href=\"http:\/\/meehan.house.gov\/\" target=\"_blank\" rel=\"noopener\">Representante Patrick Meehan<\/a>, <a href=\"https:\/\/fitzpatrick.house.gov\/\" target=\"_blank\" rel=\"noopener\">Representante Michael Fitzpatrick<\/a> y <a href=\"http:\/\/shuster.house.gov\/\" target=\"_blank\" rel=\"noopener\">Representante Bill Shuster<\/a>.<\/p>\n<p><strong>\u00bfC\u00f3mo fue tu experiencia?<\/strong><br \/>\nEl D\u00eda de la Defensa de los Adolescentes fue una oportunidad incre\u00edble que nunca olvidar\u00e9. Sinceramente, creo que marqu\u00e9 la diferencia al aumentar la conciencia sobre la FQ. De hecho, el d\u00eda despu\u00e9s de reunirme con el Representante Meehan, \u00a1recib\u00ed un correo electr\u00f3nico que dec\u00eda que aceptaba unirse al caucus de CF! Esa fue una demostraci\u00f3n real y tangible del impacto que tuvieron mis esfuerzos de promoci\u00f3n.<\/p>\n<p>Tambi\u00e9n fue una experiencia incre\u00edble conocer a otros adolescentes afectados por la enfermedad. \u00a1Espero asistir el pr\u00f3ximo a\u00f1o!<\/p>\n<p style=\"text-align: center;\">---<\/p>\n<p style=\"text-align: left;\">\u00a1Sigan con el gran trabajo Julia! Estamos tan orgullosos de ti!<\/p>","protected":false},"excerpt":{"rendered":"<p>La hermana de Emily, Julia, viaj\u00f3 a Washington DC para participar en el D\u00eda de Defensa de los Adolescentes de la Cystic Fibrosis Foundation el jueves 28 de junio. Le hicimos preguntas sobre su experiencia en el cabildeo en DC. Mira las respuestas de Julia. \u2014\u2014\u2014 \u00bfQu\u00e9 es el Programa de Defensa de Adolescentes de CFF? El Programa de Defensa de Adolescentes de CFF es una oportunidad para los adolescentes con ... <\/p>\n<div class=\"clear\"><\/div>\n<p><a href=\"https:\/\/www.emilysentourage.org\/es\/ee-goes-to-cff-teen-advocacy-day-in-washington-d-c\/\" class=\"excerpt-read-more\">Lee mas<\/a><\/p>","protected":false},"author":58,"featured_media":0,"comment_status":"open","ping_status":"open","sticky":false,"template":"","format":"standard","meta":{"_acf_changed":false,"_seopress_robots_primary_cat":"","_seopress_titles_title":"","_seopress_titles_desc":"","_seopress_robots_index":"","_monsterinsights_skip_tracking":false,"_monsterinsights_sitenote_active":false,"_monsterinsights_sitenote_note":"","_monsterinsights_sitenote_category":0,"_jetpack_memberships_contains_paid_content":false,"footnotes":""},"categories":[1,6],"tags":[],"class_list":["post-712","post","type-post","status-publish","format-standard","hentry","category-uncategorized","category-emilys-entourage-blog"],"acf":[],"jetpack_featured_media_url":"","jetpack_sharing_enabled":true,"post_mailing_queue_ids":[],"_links":{"self":[{"href":"https:\/\/www.emilysentourage.org\/es\/wp-json\/wp\/v2\/posts\/712","targetHints":{"allow":["GET"]}}],"collection":[{"href":"https:\/\/www.emilysentourage.org\/es\/wp-json\/wp\/v2\/posts"}],"about":[{"href":"https:\/\/www.emilysentourage.org\/es\/wp-json\/wp\/v2\/types\/post"}],"author":[{"embeddable":true,"href":"https:\/\/www.emilysentourage.org\/es\/wp-json\/wp\/v2\/users\/58"}],"replies":[{"embeddable":true,"href":"https:\/\/www.emilysentourage.org\/es\/wp-json\/wp\/v2\/comments?post=712"}],"version-history":[{"count":5,"href":"https:\/\/www.emilysentourage.org\/es\/wp-json\/wp\/v2\/posts\/712\/revisions"}],"predecessor-version":[{"id":20443,"href":"https:\/\/www.emilysentourage.org\/es\/wp-json\/wp\/v2\/posts\/712\/revisions\/20443"}],"wp:attachment":[{"href":"https:\/\/www.emilysentourage.org\/es\/wp-json\/wp\/v2\/media?parent=712"}],"wp:term":[{"taxonomy":"category","embeddable":true,"href":"https:\/\/www.emilysentourage.org\/es\/wp-json\/wp\/v2\/categories?post=712"},{"taxonomy":"post_tag","embeddable":true,"href":"https:\/\/www.emilysentourage.org\/es\/wp-json\/wp\/v2\/tags?post=712"}],"curies":[{"name":"wp","href":"https:\/\/api.w.org\/{rel}","templated":true}]}}