{"id":10824,"date":"2018-05-01T08:45:45","date_gmt":"2018-05-01T12:45:45","guid":{"rendered":"https:\/\/www.emilysentourage.org\/?p=10824"},"modified":"2023-12-20T05:05:13","modified_gmt":"2023-12-20T10:05:13","slug":"fire-it-up-may-is-cf-awareness-month","status":"publish","type":"post","link":"https:\/\/www.emilysentourage.org\/es\/fire-it-up-may-is-cf-awareness-month\/","title":{"rendered":"Enci\u00e9ndalo\u2026 \u00a1Mayo es el Mes de Concientizaci\u00f3n sobre la FQ!"},"content":{"rendered":"<p><span style=\"font-weight: 400;\">Mayo es el Mes Nacional de Concientizaci\u00f3n sobre la Fibrosis Qu\u00edstica y en Emily&#039;s Entourage, nunca nos quedamos a oscuras ... \u00a1estaremos difundiendo conciencia, informaci\u00f3n y diversi\u00f3n como la p\u00f3lvora! Si ha estado en el Entourage por un tiempo, sabe que nos gusta una buena celebraci\u00f3n, y si es su primer Mes de Concientizaci\u00f3n sobre la FQ en el mundo de EE, \u00a1bienvenido! Esperamos que se sienta inspirado para aprender m\u00e1s y actuar, todo hacia un objetivo singular: una cura para Emily y todos los que luchan contra la FQ a su lado.<\/span><\/p>\n<p><img fetchpriority=\"high\" decoding=\"async\" class=\"alignnone size-full wp-image-10825\" src=\"https:\/\/www.emilysentourage.org\/wp-content\/uploads\/LetsCureCF...Yesterday_FB_CoverPhoto.jpg\" alt=\"\" width=\"3417\" height=\"1300\" srcset=\"https:\/\/www.emilysentourage.org\/wp-content\/uploads\/LetsCureCF...Yesterday_FB_CoverPhoto.jpg 3417w, https:\/\/www.emilysentourage.org\/wp-content\/uploads\/LetsCureCF...Yesterday_FB_CoverPhoto-300x114.jpg 300w, https:\/\/www.emilysentourage.org\/wp-content\/uploads\/LetsCureCF...Yesterday_FB_CoverPhoto-768x292.jpg 768w, https:\/\/www.emilysentourage.org\/wp-content\/uploads\/LetsCureCF...Yesterday_FB_CoverPhoto-1024x390.jpg 1024w, https:\/\/www.emilysentourage.org\/wp-content\/uploads\/LetsCureCF...Yesterday_FB_CoverPhoto-600x228.jpg 600w\" sizes=\"(max-width: 3417px) 100vw, 3417px\" \/><\/p>\n<h3><span style=\"color: #660099;\"><strong>SOCIALIZA<\/strong><\/span><\/h3>\n<p><span style=\"font-weight: 400;\">En la gran tradici\u00f3n del Mes de Concientizaci\u00f3n sobre la FQ, EE prender\u00e1 fuego a nuestras cuentas de redes sociales en mayo para cubrir Internet con hechos, inspiraci\u00f3n, historias y ciencia sobre la FQ en <a href=\"https:\/\/www.facebook.com\/EmilysEntourage?blm_aid=0\" target=\"_blank\" rel=\"noopener\">Facebook<\/a>, <a href=\"https:\/\/www.instagram.com\/p\/CkOMqrjuHSC\/?img_index=1\" target=\"_blank\" rel=\"noopener\">Instagram<\/a><\/span><span style=\"font-weight: 400;\"> y <a href=\"https:\/\/twitter.com\/emilysentourage?blm_aid=0\" target=\"_blank\" rel=\"noopener\">Gorjeo<\/a>!&nbsp;<\/span><span style=\"font-weight: 400;\">\u00bfDe qu\u00e9 estaremos hablando? Aqu\u00ed hay un adelanto de nuestros pr\u00f3ximos hashtags diarios:<\/span><\/p>\n<p><img decoding=\"async\" class=\"size-full wp-image-10826 aligncenter\" src=\"https:\/\/www.emilysentourage.org\/wp-content\/uploads\/2018-CF-Awareness-Month-Daily-Schedule_edited-1.jpg\" alt=\"\" width=\"475\" height=\"477\" srcset=\"https:\/\/www.emilysentourage.org\/wp-content\/uploads\/2018-CF-Awareness-Month-Daily-Schedule_edited-1.jpg 475w, https:\/\/www.emilysentourage.org\/wp-content\/uploads\/2018-CF-Awareness-Month-Daily-Schedule_edited-1-150x150.jpg 150w, https:\/\/www.emilysentourage.org\/wp-content\/uploads\/2018-CF-Awareness-Month-Daily-Schedule_edited-1-300x300.jpg 300w, https:\/\/www.emilysentourage.org\/wp-content\/uploads\/2018-CF-Awareness-Month-Daily-Schedule_edited-1-100x100.jpg 100w\" sizes=\"(max-width: 475px) 100vw, 475px\" \/><\/p>\n<p><span style=\"font-weight: 400;\">\u00bfQu\u00e9 puedes hacer? Simplemente comparte o dale me gusta a una publicaci\u00f3n y har\u00e1s tu parte para crear conciencia y difundir el mensaje de EE. \u00a1Nunca se sabe qui\u00e9n se inspirar\u00e1 con sus clics!<\/span><\/p>\n<p>Aseg\u00farate de seguirnos en <a href=\"https:\/\/www.facebook.com\/EmilysEntourage\/\" target=\"_blank\" rel=\"noopener\">Facebook<\/a>, <a href=\"https:\/\/twitter.com\/emilysentourage?lang=en\" target=\"_blank\" rel=\"noopener\">Gorjeo<\/a>, y <a href=\"https:\/\/www.instagram.com\/p\/CkOMqrjuHSC\/?img_index=1\" target=\"_blank\" rel=\"noopener\">Instagram<\/a>: @EmilysEntourage.<\/p>\n<h3><span style=\"color: #660099;\"><strong>DONA TU FACEBOOK<\/strong><\/span><\/h3>\n<p><span style=\"font-weight: 400;\">Este a\u00f1o no tenemos una, sino DOS formas de convertir su Facebook en una valla publicitaria brillante&nbsp;<\/span>para la conciencia de la FQ y el trabajo de EE. Hazlo en <span style=\"font-weight: 400;\">\u00a11 de mayo para un impacto m\u00e1ximo!<\/span><\/p>\n<p><span style=\"font-weight: 400;\"><span style=\"color: #333333;\">Primero, \u00a1puedes cambiar tu foto de portada para el mes de mayo!&nbsp;<\/span>Demostremos al mundo de Facebook lo grande <\/span><span style=\"font-weight: 400;\">\u00a1E imparable este Entourage realmente es!<\/span><\/p>\n<ol>\n<li>Haga clic en la foto de portada de &quot;Let&#039;s Cure CF ... Yesterday&quot;. Luego, si est\u00e1 en su tel\u00e9fono, haga clic en los 3 puntos en la esquina superior derecha y seleccione &quot;Guardar foto&quot;. Si est\u00e1 en su computadora, haga clic en &quot;Opciones&quot; en la esquina inferior derecha y seleccione &quot;Descargar&quot;.<\/li>\n<li>Luego, ve a tu perfil de Facebook y en la esquina superior izquierda, haz clic en tu foto (si est\u00e1s en un tel\u00e9fono) o tu nombre (si est\u00e1s en una computadora).&nbsp;<\/li>\n<li><span style=\"color: #333333;\">Haz clic en &quot;Actualizar foto&quot; en la parte superior izquierda de tu foto de portada actual.<\/span><\/li>\n<li><span style=\"color: #333333;\">Seleccione &quot;Actualizar foto&quot; (si actualmente no tiene una foto de portada, haga clic en Agregar foto de portada)<br \/>\n<\/span><\/li>\n<li><span style=\"color: #333333;\">Sube la foto de portada de &quot;Let&#039;s Cure CF ... Yesterday&quot; y haz clic en &quot;Guardar cambios&quot;.<\/span><\/li>\n<\/ol>\n<p>En segundo lugar, puede agregar un marco EE temporal a su foto de perfil de Facebook con unos simples pasos<\/p>\n<ol>\n<li><span style=\"font-weight: 400;\">Cambia tu foto de perfil&nbsp;<a href=\"https:\/\/www.facebook.com\/login.php?next=https%3A%2F%2Fwww.facebook.com%2Fprofilepicframes\" target=\"_blank\" rel=\"noopener noreferrer\">formulario.&nbsp;<\/a><\/span><\/li>\n<li><span style=\"font-weight: 400;\">Selecciona el <a href=\"https:\/\/www.facebook.com\/fbcameraeffects\/tryit\/1689688057779280\/\" target=\"_blank\" rel=\"noopener noreferrer\">Marco de conciencia de EE CF<\/a>&nbsp;(puede que tengas que buscarlo)<\/span><\/li>\n<li><span style=\"font-weight: 400;\">Haga clic en &quot;Usar como imagen de perfil&quot; para guardar<\/span><\/li>\n<\/ol>\n<h3><strong><span style=\"color: #660099;\">WISE UP, LEVANTATE<\/span><\/strong><\/h3>\n<p><span style=\"font-weight: 400;\">En esencia, el Mes de Concientizaci\u00f3n sobre la FQ tiene que ver con la educaci\u00f3n. Conocer los detalles de esta enfermedad, a menudo invisible, nos capacita mejor para combatirla. \u00a1Incluso los veteranos de EE pueden aprender algo que no sab\u00edan! <\/span><\/p>\n<p><span style=\"font-weight: 400;\">En nuestro blog, compartiremos historias de algunas de las estrellas del rock detr\u00e1s del tel\u00f3n de EE, as\u00ed como algunas formas creativas de involucrarse con EE esta primavera. <\/span><\/p>\n<p><span style=\"font-weight: 400;\">Tambi\u00e9n publicaremos un <a href=\"https:\/\/twitter.com\/emilysentourage?blm_aid=0\" target=\"_blank\" rel=\"noopener\">Gorjeo<\/a> Hecho del d\u00eda: un r\u00e1pido golpe de educaci\u00f3n sobre la FQ todos los d\u00edas. \u00a1Retweet y marque como favorito!<\/span><span style=\"font-weight: 400;\"><br \/>\n<\/span><\/p>\n<h3><span style=\"color: #660099;\"><strong>GUARDAR LAS FECHAS<\/strong><\/span><\/h3>\n<p><span style=\"font-weight: 400;\">\u00a1Marquen sus calendarios! Hemos confirmado las fechas de nuestras impresionantes galas anuales de la costa este. Para unirse a la lista de invitados, haga clic en el evento a continuaci\u00f3n.&nbsp;<\/span><\/p>\n<ul>\n<li><a href=\"https:\/\/www.emilysentourage.org\/es\/phillygala\/\" target=\"_blank\" rel=\"noopener\"><span style=\"font-weight: 400;\">Filadelfia: domingo 1 de diciembre<\/span><\/a><\/li>\n<\/ul>\n<p><img decoding=\"async\" class=\"wp-image-10811 size-post-slider-side aligncenter\" src=\"https:\/\/www.emilysentourage.org\/wp-content\/uploads\/EE-70-900x563.jpg\" alt=\"\" width=\"900\" height=\"563\"><\/p>\n<h3><strong><span style=\"color: #660099;\">CORRE POR LA CURA<\/span><\/strong><\/h3>\n<p><span style=\"font-weight: 400;\">\u00a1Golpea el pavimento para devolver el golpe a CF! Ay\u00fadanos a celebrar el #TeamEE mientras corren por el coraz\u00f3n de Filadelfia el 6 de mayo durante la Broad Street Race. Ya estamos reclutando para el Medio \/ Marat\u00f3n Completo de Filadelfia este pr\u00f3ximo noviembre, \u00a1y los queremos! Al unirse a #TeamEE, ayudar\u00e1 a que EE est\u00e9 un paso m\u00e1s cerca de cruzar la \u00faltima l\u00ednea de meta: \u00a1encontrar avances r\u00e1pidos para mutaciones sin sentido de la fibrosis qu\u00edstica! Entrar <a href=\"https:\/\/www.emilysentourage.org\/es\/contact-us\/\" target=\"_blank\" rel=\"noopener\">formulario.<\/a>!<\/span><\/p>\n<p><img loading=\"lazy\" decoding=\"async\" class=\"wp-image-10793 size-post-slider-side aligncenter\" src=\"https:\/\/www.emilysentourage.org\/wp-content\/uploads\/unnamed-900x563.jpg\" alt=\"\" width=\"900\" height=\"563\"><\/p>\n<h3><strong><span style=\"color: #660099;\">APOYA LA CAUSA<\/span><\/strong><\/h3>\n<p><span style=\"font-weight: 400;\">\u00a1La conciencia es el objetivo singular del Mes de la conciencia de la FQ, pero un subproducto de la conciencia es que inspira acci\u00f3n! Si est\u00e1 inspirado, considere una donaci\u00f3n, grande o peque\u00f1a, para ayudarnos a acelerar los avances y salvar vidas. Marcar la casilla para una donaci\u00f3n mensual es otra forma de mostrar su apoyo continuo en nuestra incansable b\u00fasqueda de una cura. Puedes hacer una donaci\u00f3n <a href=\"https:\/\/www.emilysentourage.org\/es\/donate\/\" target=\"_blank\" rel=\"noopener\">formulario.<\/a>.&nbsp;<\/span><\/p>\n<p style=\"text-align: center;\"><a class=\"fasc-button fasc-size-large fasc-type-flat fasc-style-bold\" style=\"background-color: #814c9e; color: #ffffff;\" target=\"_blank\" rel=\"noopener\" href=\"https:\/\/www.emilysentourage.org\/es\/donate\/\">DONAR <\/a><\/p>","protected":false},"excerpt":{"rendered":"<p>May is National Cystic Fibrosis Awareness Month and at Emily\u2019s Entourage, we never go dark\u2026 we\u2019ll be spreading awareness, information and fun like wildfire! If you\u2019ve been around the Entourage for a while, you know we like a good celebration, and if it\u2019s your first CF Awareness Month in EE world, welcome! We hope you&#8230; <\/p>\n<div class=\"clear\"><\/div>\n<p><a href=\"https:\/\/www.emilysentourage.org\/es\/fire-it-up-may-is-cf-awareness-month\/\" class=\"excerpt-read-more\">Lee mas<\/a><\/p>","protected":false},"author":1284,"featured_media":10826,"comment_status":"open","ping_status":"closed","sticky":false,"template":"","format":"standard","meta":{"_acf_changed":false,"_seopress_robots_primary_cat":"","_seopress_titles_title":"","_seopress_titles_desc":"","_seopress_robots_index":"","_monsterinsights_skip_tracking":false,"_monsterinsights_sitenote_active":false,"_monsterinsights_sitenote_note":"","_monsterinsights_sitenote_category":0,"_jetpack_memberships_contains_paid_content":false,"footnotes":""},"categories":[1],"tags":[],"class_list":["post-10824","post","type-post","status-publish","format-standard","has-post-thumbnail","hentry","category-uncategorized"],"acf":[],"jetpack_featured_media_url":"https:\/\/www.emilysentourage.org\/wp-content\/uploads\/2018-CF-Awareness-Month-Daily-Schedule_edited-1.jpg","jetpack_sharing_enabled":true,"post_mailing_queue_ids":[],"_links":{"self":[{"href":"https:\/\/www.emilysentourage.org\/es\/wp-json\/wp\/v2\/posts\/10824","targetHints":{"allow":["GET"]}}],"collection":[{"href":"https:\/\/www.emilysentourage.org\/es\/wp-json\/wp\/v2\/posts"}],"about":[{"href":"https:\/\/www.emilysentourage.org\/es\/wp-json\/wp\/v2\/types\/post"}],"author":[{"embeddable":true,"href":"https:\/\/www.emilysentourage.org\/es\/wp-json\/wp\/v2\/users\/1284"}],"replies":[{"embeddable":true,"href":"https:\/\/www.emilysentourage.org\/es\/wp-json\/wp\/v2\/comments?post=10824"}],"version-history":[{"count":5,"href":"https:\/\/www.emilysentourage.org\/es\/wp-json\/wp\/v2\/posts\/10824\/revisions"}],"predecessor-version":[{"id":20504,"href":"https:\/\/www.emilysentourage.org\/es\/wp-json\/wp\/v2\/posts\/10824\/revisions\/20504"}],"wp:featuredmedia":[{"embeddable":true,"href":"https:\/\/www.emilysentourage.org\/es\/wp-json\/wp\/v2\/media\/10826"}],"wp:attachment":[{"href":"https:\/\/www.emilysentourage.org\/es\/wp-json\/wp\/v2\/media?parent=10824"}],"wp:term":[{"taxonomy":"category","embeddable":true,"href":"https:\/\/www.emilysentourage.org\/es\/wp-json\/wp\/v2\/categories?post=10824"},{"taxonomy":"post_tag","embeddable":true,"href":"https:\/\/www.emilysentourage.org\/es\/wp-json\/wp\/v2\/tags?post=10824"}],"curies":[{"name":"wp","href":"https:\/\/api.w.org\/{rel}","templated":true}]}}